{"id":35538,"date":"2026-07-07T08:40:00","date_gmt":"2026-07-07T06:40:00","guid":{"rendered":"https:\/\/euapp01.newsmemory.com\/lamarseillaise\/news\/?p=35538"},"modified":"2026-07-07T10:06:49","modified_gmt":"2026-07-07T08:06:49","slug":"trump-fait-annuler-le-carton-rouge-dun-joueur-americain","status":"publish","type":"post","link":"https:\/\/euapp01.newsmemory.com\/lamarseillaise\/news\/2026\/07\/07\/trump-fait-annuler-le-carton-rouge-dun-joueur-americain\/","title":{"rendered":"Trump fait annuler le carton rouge d\u2019un joueur am\u00e9ricain"},"content":{"rendered":"<div class=\"paragraph\">\n<p>Les m\u00e9dias internationaux le qualifient d\u00e9j\u00e0 de \u00ab\u00a0<i>plus grand scandale de la coupe du monde<\/i><i>\u00a0<\/i>\u00bb. Le pr\u00e9sident Am\u00e9ricain, qui ne se cache pas de sa longue amiti\u00e9 avec le pr\u00e9sident de la Fifa (F\u00e9d\u00e9ration internationale de football association) depuis 2016, Gianni Infantino, l\u2019a contact\u00e9 afin de faire r\u00e9examiner la suspension pr\u00e9vue contre Folarin Balogun. Donald Trump a jug\u00e9 la d\u00e9cision de l\u2019arbitre de \u00ab\u00a0<i>tr\u00e8s douteuse<\/i><i>\u00a0<\/i>\u00bb et \u00ab\u00a0<i>injuste<\/i><i>\u00a0<\/i>\u00bb.<\/p>\n<p>L\u2019attaquant des \u00c9tats-Unis avait re\u00e7u un carton rouge mercredi 1<sup>er<\/sup>\u00a0juillet lors du match contre la Bosnie-Herz\u00e9govine pour s\u2019\u00eatre r\u00e9ceptionn\u00e9 avec ses crampons sur la jambe de l\u2019adversaire Bosnien Tarik Muharemovic apr\u00e8s un saut.<\/p>\n<p>L\u2019action avait \u00e9t\u00e9 r\u00e9examin\u00e9e longuement avec l\u2019aide de la VAR (l\u2019assistance vid\u00e9o \u00e0 l\u2019arbitrage) et l\u2019arbitre avait conclu \u00e0 \u00ab\u00a0<i>un geste constituant une faute grave mettant en danger l\u2019int\u00e9grit\u00e9 physique de son adversaire<\/i>.\u00a0\u00bb Le joueur am\u00e9ricain devait \u00eatre exclu du match suivant comme le pr\u00e9voit l\u2019article\u00a010.5 du code disciplinaire de la Fifa.<\/p>\n<p>Cependant, un autre article, le 27, vraisemblablement introduit par Gianni Infantino lui-m\u00eame en 2019 selon le journal sportif <i>l\u2019\u00c9quipe<\/i>, permet \u00e9galement d\u2019att\u00e9nuer, modifier ou lever une sanction. C\u2019est celui qui a \u00e9t\u00e9 utilis\u00e9 afin d\u2019annuler l\u2019interdiction de jouer le prochain match pour Balogun permettant \u00e0 l\u2019attaquant de disputer la rencontre avec la Belgique en toute impunit\u00e9 mardi soir.<\/p>\n<\/p><\/div>\n<div class=\"intext\"> \u00ab\u00a0Une injustice\u00a0\u00bb\n              <\/div>\n<div class=\"paragraph\">\n<p>Alors que le pr\u00e9sident am\u00e9ricain salue d\u00e9j\u00e0 la \u00ab\u00a0<i>r\u00e9paration d\u2019une grande injustice<\/i>\u00a0\u00bb sur son r\u00e9seau social <i>Truth<\/i>, Mauricio Pochettino, le s\u00e9lectionneur de l\u2019\u00e9quipe am\u00e9ricaine, a f\u00e9licit\u00e9 lui aussi Gianni Infantino pour avoir lev\u00e9 la sanction de son attaquant.<\/p>\n<p>En revanche, le pr\u00e9sident de l\u2019UEFA (l\u2019Union europ\u00e9enne des associations de football) ne cache cependant pas sa stupeur et parle de \u00ab\u00a0<i>ligne rouge<\/i><i>\u00a0<\/i>\u00bb franchie par la Fifa\u00a0: \u00ab\u00a0<i>Lorsque la certitude des r\u00e8gles n\u2019est plus garantie par ses gardiens, c\u2019est l\u2019int\u00e9grit\u00e9 de la discipline qui est en jeu et la cr\u00e9dibilit\u00e9 d\u2019une comp\u00e9tition qui est mise \u00e0 mal.(&#8230;)Nous tenons \u00e0 exprimer notre incr\u00e9dulit\u00e9 face \u00e0 une d\u00e9cision aussi in\u00e9dite, incompr\u00e9hensible et injustifiable.<\/i><i>\u00a0<\/i><i>\u00bb<\/i><\/p>\n<p>Le ministre Belge des affaires \u00e9trang\u00e8res Maxime Pr\u00e9vot a jug\u00e9 \u00ab\u00a0<i>incompr\u00e9hensible<\/i><i>\u00a0<\/i>\u00bb<i> <\/i>l\u2019intervention de la Fifa et \u00e9voque un<i> <\/i>\u00ab\u00a0<i>bafouement des r\u00e8gles les plus \u00e9l\u00e9mentaires du sport et du football<\/i><i>\u00a0<\/i>\u00bb<i>.<\/i><\/p>\n<p>La ministre des sports de Wallonie Bruxelles Jacqueline Galant compl\u00e8te\u00a0: \u00ab\u00a0<i>la vraie force c\u2019est de gagner avec fair-play<\/i><i>\u00a0<\/i>\u00bb et ajoute que<i> <\/i>\u00ab<i>\u00a0<\/i><i>c\u2019est ce que les Belges feront demain<\/i> [ce lundi soir \u00e0 20h]\u00a0\u00bb<i>,<\/i> lors de leur match contre les \u00c9tats-Unis. Le s\u00e9lectionneur des diables rouges, Rudi Garcia a, quant \u00e0 lui, ironis\u00e9\u00a0: \u00ab\u00a0<i>Je ne savais pas que le 5<\/i><i>\u00a0<\/i><i>juillet correspondait au 1<\/i><i><sup>er<\/sup><\/i><i>\u00a0<\/i><i>avril \u00e0 la Fifa.<\/i><i>\u00a0<\/i>\u00bb<\/p>\n<\/p><\/div>\n<div class=\"intext\"> Une d\u00e9cision qui pourrait faire jurisprudence\n              <\/div>\n<div class=\"paragraph\">\n<p>La crainte du monde du football aujourd\u2019hui est que cet article ayant \u00e9t\u00e9 utilis\u00e9 pour une d\u00e9cision controvers\u00e9e, beaucoup le r\u00e9clament d\u00e9sormais pour des cas jug\u00e9s similaires.<\/p>\n<\/p><\/div>\n<div class=\"paragraph\">\n<p><b>ET AUSSI<\/b><\/p>\n<p><b>Les Norv\u00e9giens ont refroidi le Br\u00e9sil<\/b><\/p>\n<p>Apr\u00e8s s\u2019\u00eatre impos\u00e9e mardi dernier face \u00e0 la C\u00f4te d\u2019Ivoire, la Norv\u00e8ge a domin\u00e9 les Br\u00e9siliens 2-1. Port\u00e9e par le g\u00e9ant Haaland qui inscrit un doubl\u00e9 en deuxi\u00e8me mi-temps, cette victoire emm\u00e8ne les Vikings directement en quarts de finale, au cours desquels ils affronteront les Anglais ce samedi 11 juillet.<\/p>\n<p><b>Neymar raccroche les crampons<\/b><\/p>\n<p>Le n\u00b0 10 de la Sele\u00e7\u00e3o, Neymar Jr, a annonc\u00e9 sa retraite \u00e0 l\u2019issue du match perdu 2-1 contre la Norv\u00e8ge. Sa carri\u00e8re internationale s\u2019est achev\u00e9e dans le m\u00eame stade o\u00f9 elle avait commenc\u00e9 18 ans plus t\u00f4t, avec la s\u00e9lection br\u00e9silienne, non sans amertume, en partant en huiti\u00e8mes de finale de cette coupe du monde. \u00ab <i>\u00e7a a commenc\u00e9 ici, \u00e7a s\u2019ach\u00e8ve ici<\/i> \u00bb, a-t-il comment\u00e9.<\/p>\n<p><b>Les Mexicains battus \u00e0 domicile<\/b><\/p>\n<p>Dimanche soir les Anglais se sont impos\u00e9s contre le Mexique chez eux au stade de Mexico City, la victoire 3-2 propulse les Three Lions en quarts de finale gr\u00e2ce notamment \u00e0 un Jude Bellingham et un Harry Kane en pleine forme. Ils ont inscrit respectivement un doubl\u00e9 \u00e0 deux minutes d\u2019intervalle en premi\u00e8re mi-temps et un but \u00e0 la 60e<sup><\/sup>sur penalty.<\/p>\n<p><b>La Colombie de Luis Diaz face aux Suisses<\/b><\/p>\n<p>Le redoutable ailier Colombien Luis Diaz qui affrontera l\u2019\u00e9quipe suisse, mardi en 8es de finale, fait la fiert\u00e9 des siens. Apr\u00e8s une saison exemplaire au Bayern Munich avec 26 buts et 23 passes d\u00e9cisives, son entra\u00eeneur le d\u00e9crivait comme \u00ab <i>bon dans le chaos <\/i>\u00bb. Suite \u00e0 un d\u00e9but de coupe du monde en trombe face aux Ouzbeks, le Colombien s\u2019est tout de m\u00eame fait plus discret en termes de buts inscrits, malgr\u00e9 un jeu tr\u00e8s offensif. Et il lui faudra redoubler d\u2019effort face \u00e0 la tacticit\u00e9 Suisse.<\/p>\n<\/p><\/div>\n","protected":false},"excerpt":{"rendered":"Les m&eacute;dias internationaux le qualifient d&eacute;j&agrave; de &laquo;&nbsp;plus grand scandale de la coupe du monde&nbsp;&raquo;. Le pr&eacute;sident Am&eacute;ricain, qui ne se cache pas de sa longue amiti&eacute; avec le pr&eacute;sident de &#8230;","protected":false},"author":1,"featured_media":35539,"comment_status":"open","ping_status":"open","sticky":false,"template":"","format":"standard","meta":{"footnotes":""},"categories":[7],"tags":[6041,1097,721,276,5818,13,5893],"news-destination":[],"news-source":[475],"is_homepage":[],"ta_other":[],"class_list":["post-35538","post","type-post","status-publish","format-standard","has-post-thumbnail","hentry","category-sports","tag-arbitrage-video","tag-coupe-du-monde","tag-donald-trump","tag-etats-unis","tag-fifa","tag-football","tag-uefa","news-source-website"],"_links":{"self":[{"href":"https:\/\/euapp01.newsmemory.com\/lamarseillaise\/news\/wp-json\/wp\/v2\/posts\/35538","targetHints":{"allow":["GET"]}}],"collection":[{"href":"https:\/\/euapp01.newsmemory.com\/lamarseillaise\/news\/wp-json\/wp\/v2\/posts"}],"about":[{"href":"https:\/\/euapp01.newsmemory.com\/lamarseillaise\/news\/wp-json\/wp\/v2\/types\/post"}],"author":[{"embeddable":true,"href":"https:\/\/euapp01.newsmemory.com\/lamarseillaise\/news\/wp-json\/wp\/v2\/users\/1"}],"replies":[{"embeddable":true,"href":"https:\/\/euapp01.newsmemory.com\/lamarseillaise\/news\/wp-json\/wp\/v2\/comments?post=35538"}],"version-history":[{"count":1,"href":"https:\/\/euapp01.newsmemory.com\/lamarseillaise\/news\/wp-json\/wp\/v2\/posts\/35538\/revisions"}],"predecessor-version":[{"id":35540,"href":"https:\/\/euapp01.newsmemory.com\/lamarseillaise\/news\/wp-json\/wp\/v2\/posts\/35538\/revisions\/35540"}],"wp:featuredmedia":[{"embeddable":true,"href":"https:\/\/euapp01.newsmemory.com\/lamarseillaise\/news\/wp-json\/wp\/v2\/media\/35539"}],"wp:attachment":[{"href":"https:\/\/euapp01.newsmemory.com\/lamarseillaise\/news\/wp-json\/wp\/v2\/media?parent=35538"}],"wp:term":[{"taxonomy":"category","embeddable":true,"href":"https:\/\/euapp01.newsmemory.com\/lamarseillaise\/news\/wp-json\/wp\/v2\/categories?post=35538"},{"taxonomy":"post_tag","embeddable":true,"href":"https:\/\/euapp01.newsmemory.com\/lamarseillaise\/news\/wp-json\/wp\/v2\/tags?post=35538"},{"taxonomy":"news-destination","embeddable":true,"href":"https:\/\/euapp01.newsmemory.com\/lamarseillaise\/news\/wp-json\/wp\/v2\/news-destination?post=35538"},{"taxonomy":"news-source","embeddable":true,"href":"https:\/\/euapp01.newsmemory.com\/lamarseillaise\/news\/wp-json\/wp\/v2\/news-source?post=35538"},{"taxonomy":"is_homepage","embeddable":true,"href":"https:\/\/euapp01.newsmemory.com\/lamarseillaise\/news\/wp-json\/wp\/v2\/is_homepage?post=35538"},{"taxonomy":"ta_other","embeddable":true,"href":"https:\/\/euapp01.newsmemory.com\/lamarseillaise\/news\/wp-json\/wp\/v2\/ta_other?post=35538"}],"curies":[{"name":"wp","href":"https:\/\/api.w.org\/{rel}","templated":true}]}}