{"id":35528,"date":"2026-07-07T08:25:00","date_gmt":"2026-07-07T06:25:00","guid":{"rendered":"https:\/\/euapp01.newsmemory.com\/lamarseillaise\/news\/?p=35528"},"modified":"2026-07-11T08:07:49","modified_gmt":"2026-07-11T06:07:49","slug":"dans-les-alpes-de-haute-provence-un-festival-pour-lutter-contre-les-discriminations","status":"publish","type":"post","link":"https:\/\/euapp01.newsmemory.com\/lamarseillaise\/news\/2026\/07\/07\/dans-les-alpes-de-haute-provence-un-festival-pour-lutter-contre-les-discriminations\/","title":{"rendered":"Dans les Alpes-de-Haute-Provence, un festival pour lutter contre les discriminations"},"content":{"rendered":"<div class=\"paragraph\">\n<p>Concert de rap, documentaire sur le racisme, atelier pour sensibiliser les adolescents aux discriminations&#8230; Une programmation riche et vari\u00e9e est pr\u00e9vue pour le festival d\u2019\u00e9ducation populaire <i>Regarde sous tes fen\u00eatres<\/i>, qui se tiendra aux alentours de la place Pechiney de jeudi \u00e0 samedi. \u00ab\u00a0<i>C\u2019est important pour nous que ce festival se d\u00e9roule dans l\u2019espace public et qu\u2019il soit gratuit, accessible \u00e0 toutes et tous<\/i><i>\u00a0<\/i>\u00bb, explique Julie Vuoso, fondatrice et programmatrice du festival.<\/p>\n<p>Jeudi, le festival commencera avec un ap\u00e9ro d\u2019ouverture, suivi d\u2019un spectacle jeune public, d\u2019un repas de soutien au festival \u00e0 prix libre, puis d\u2019une soir\u00e9e de projection de films. Ce sera d\u2019abord un documentaire sur le racisme dans la cit\u00e9 mini\u00e8re qui sera projet\u00e9, r\u00e9alis\u00e9 sp\u00e9cialement pour le festival par Maya Perusin Mysorekar, artiste en r\u00e9sidence \u00e0 Ch\u00e2teau-Arnoux-Saint-Auban. \u00ab\u00a0<i>Le festival est n\u00e9 de l\u2019histoire de la cit\u00e9 ouvri\u00e8re. <\/i><i><span class=\"mln_uppercase_mln\">\u00e0<\/span><\/i><i> Saint-Auban, tout a \u00e9t\u00e9 construit par l\u2019usine et pour l\u2019usine. Le pass\u00e9 industriel de la ville fait qu\u2019il y a eu beaucoup d\u2019immigration depuis toujours. Le festival permet de faire de ce pass\u00e9 migratoire une richesse<\/i><i>\u00a0<\/i>\u00bb, avance Chlo\u00e9 Droulin, coordinatrice de la Maison commune, qui coorganise chaque ann\u00e9e le festival avec la MJC. \u00ab\u00a0<i>En 2006, il y a eu la d\u00e9localisation de l\u2019usine, et un abandon de l\u2019espace commun de Saint-Auban. On a voulu proposer un \u00e9v\u00e9nement dans la rue pour faire revenir la vie collective<\/i><i>\u00a0<\/i>\u00bb, explique Julie Vuoso. \u00ab\u00a0<i>Il y avait tr\u00e8s peu de commerces, donc l\u2019id\u00e9e est aussi d\u2019animer la vie locale. C\u2019est un choix, par exemple, de ne pas proposer de nourriture pour le festival, mais que ce soit pour les commer\u00e7ants, et que l\u2019\u00e9v\u00e9nement serve \u00e0 tout le monde sur la cit\u00e9, que les gens qui travaillent toute l\u2019ann\u00e9e puissent s\u2019y retrouver<\/i><i>\u00a0<\/i>\u00bb, avancent les deux organisatrices.<\/p>\n<\/p><\/div>\n<div class=\"intext\"> \u00ab\u00a0Un espace inclusif\u00a0\u00bb\n              <\/div>\n<div class=\"paragraph\">\n<p>\u00ab\u00a0<i>L\u2019id\u00e9e du festival, c\u2019est aussi de cr\u00e9er dans notre programmation un espace inclusif o\u00f9 tout le monde est repr\u00e9sent\u00e9, de ne pas faire une programmation o\u00f9 il n\u2019y a que des personnes blanches, des hommes<\/i><i>\u00a0<\/i>\u00bb, ajoute la programmatrice.<\/p>\n<p>Le film <i>P\u00e9dale Rurale<\/i>, qui raconte l\u2019organisation de la premi\u00e8re Pride \u00e0 la campagne, sera ensuite projet\u00e9. \u00ab\u00a0<i>L\u2019id\u00e9e a toujours \u00e9t\u00e9 de proposer une programmation pluridisciplinaire, avec de la danse, du th\u00e9\u00e2tre, de la musique, des films<\/i><i>\u00a0<\/i>\u00bb, explique Julie Vuoso. Vendredi, Myriam Soulanges proposera \u00ab\u00a0<i>un r\u00e9cit chor\u00e9graphique qui interroge les h\u00e9ritages de la domination patriarcale et de l\u2019histoire coloniale guadeloup\u00e9enne<\/i><i>\u00a0<\/i>\u00bb.<\/p>\n<p>Le festival est financ\u00e9 par la mairie, le D\u00e9partement, la Drac et la Dilcra. Le th\u00e9\u00e2tre Durance pr\u00eate son mat\u00e9riel, essentiel pour mener \u00e0 bien le projet. Des mineurs \u00e9trangers non accompagn\u00e9s viennent \u00e9galement de Digne pour pr\u00eater main forte \u00e0 titre b\u00e9n\u00e9vole.<\/p>\n<\/p><\/div>\n<div class=\"paragraph\">\n<p><i>Programme<\/i><i>\u00a0<\/i><i>: <a rel=\"nofollow noopener noreferrer\" href=\"https:\/\/rstf.fr\/programme.html\" target=\"_blank\">rstf.fr\/programme.html<\/a><\/i><\/p>\n<\/p><\/div>\n","protected":false},"excerpt":{"rendered":"Concert de rap, documentaire sur le racisme, atelier pour sensibiliser les adolescents aux discriminations&#8230; Une programmation riche et vari&eacute;e est pr&eacute;vue pour le festival d&rsquo;&eacute;ducation populaire Regarde sous tes &#8230;","protected":false},"author":1,"featured_media":35529,"comment_status":"open","ping_status":"open","sticky":false,"template":"","format":"standard","meta":{"footnotes":""},"categories":[3926,3925,32],"tags":[4768,4467,35,1250,922,1314,883,329,1305,927,1630,1804,325,5345,857,51],"news-destination":[3944],"news-source":[475],"is_homepage":[],"ta_other":[],"class_list":["post-35528","post","type-post","status-publish","format-standard","has-post-thumbnail","hentry","category-accueil-merge","category-accueil-third","category-culture","tag-alpes","tag-alpes-de-haute-provence","tag-culture","tag-danse","tag-discriminations","tag-documentaire","tag-education-populaire","tag-festival","tag-film","tag-homophobie","tag-luttes","tag-mjc","tag-musique","tag-pride","tag-racisme","tag-societe","news-destination-homepage","news-source-website"],"_links":{"self":[{"href":"https:\/\/euapp01.newsmemory.com\/lamarseillaise\/news\/wp-json\/wp\/v2\/posts\/35528","targetHints":{"allow":["GET"]}}],"collection":[{"href":"https:\/\/euapp01.newsmemory.com\/lamarseillaise\/news\/wp-json\/wp\/v2\/posts"}],"about":[{"href":"https:\/\/euapp01.newsmemory.com\/lamarseillaise\/news\/wp-json\/wp\/v2\/types\/post"}],"author":[{"embeddable":true,"href":"https:\/\/euapp01.newsmemory.com\/lamarseillaise\/news\/wp-json\/wp\/v2\/users\/1"}],"replies":[{"embeddable":true,"href":"https:\/\/euapp01.newsmemory.com\/lamarseillaise\/news\/wp-json\/wp\/v2\/comments?post=35528"}],"version-history":[{"count":1,"href":"https:\/\/euapp01.newsmemory.com\/lamarseillaise\/news\/wp-json\/wp\/v2\/posts\/35528\/revisions"}],"predecessor-version":[{"id":35530,"href":"https:\/\/euapp01.newsmemory.com\/lamarseillaise\/news\/wp-json\/wp\/v2\/posts\/35528\/revisions\/35530"}],"wp:featuredmedia":[{"embeddable":true,"href":"https:\/\/euapp01.newsmemory.com\/lamarseillaise\/news\/wp-json\/wp\/v2\/media\/35529"}],"wp:attachment":[{"href":"https:\/\/euapp01.newsmemory.com\/lamarseillaise\/news\/wp-json\/wp\/v2\/media?parent=35528"}],"wp:term":[{"taxonomy":"category","embeddable":true,"href":"https:\/\/euapp01.newsmemory.com\/lamarseillaise\/news\/wp-json\/wp\/v2\/categories?post=35528"},{"taxonomy":"post_tag","embeddable":true,"href":"https:\/\/euapp01.newsmemory.com\/lamarseillaise\/news\/wp-json\/wp\/v2\/tags?post=35528"},{"taxonomy":"news-destination","embeddable":true,"href":"https:\/\/euapp01.newsmemory.com\/lamarseillaise\/news\/wp-json\/wp\/v2\/news-destination?post=35528"},{"taxonomy":"news-source","embeddable":true,"href":"https:\/\/euapp01.newsmemory.com\/lamarseillaise\/news\/wp-json\/wp\/v2\/news-source?post=35528"},{"taxonomy":"is_homepage","embeddable":true,"href":"https:\/\/euapp01.newsmemory.com\/lamarseillaise\/news\/wp-json\/wp\/v2\/is_homepage?post=35528"},{"taxonomy":"ta_other","embeddable":true,"href":"https:\/\/euapp01.newsmemory.com\/lamarseillaise\/news\/wp-json\/wp\/v2\/ta_other?post=35528"}],"curies":[{"name":"wp","href":"https:\/\/api.w.org\/{rel}","templated":true}]}}