{"id":35524,"date":"2026-07-07T08:09:00","date_gmt":"2026-07-07T06:09:00","guid":{"rendered":"https:\/\/euapp01.newsmemory.com\/lamarseillaise\/news\/?p=35524"},"modified":"2026-07-11T07:55:40","modified_gmt":"2026-07-11T05:55:40","slug":"le-projet-du-nouvel-hopital-daubagne-avance-enfin","status":"publish","type":"post","link":"https:\/\/euapp01.newsmemory.com\/lamarseillaise\/news\/2026\/07\/07\/le-projet-du-nouvel-hopital-daubagne-avance-enfin\/","title":{"rendered":"Le projet du nouvel h\u00f4pital d\u2019Aubagne avance enfin"},"content":{"rendered":"<div class=\"paragraph\">\n<p>Premi\u00e8re \u00e9tape majeure pour le projet de nouvel h\u00f4pital d\u2019Aubagne. La D\u00e9claration d\u2019utilit\u00e9 publique (DUP), a \u00e9t\u00e9 sign\u00e9e vendredi par le pr\u00e9fet des Bouches-du-Rh\u00f4ne, marquant un tournant pour ce dossier \u00e9voqu\u00e9 depuis sept ans. La mairie va pouvoir se lancer dans l\u2019achat du foncier et n\u00e9gocier avec les propri\u00e9taires, dans la zone des Gargues, o\u00f9 le futur \u00e9tablissement doit s\u2019implanter.<\/p>\n<p>Si aucun compromis n\u2019est trouv\u00e9, \u00ab\u00a0<i>gr\u00e2ce \u00e0 cette DUP, on a une arme l\u00e9gislative pour aller au bout<\/i><i>\u00a0<\/i>\u00bb, explique Mohammed Salem, d\u00e9l\u00e9gu\u00e9 sp\u00e9cial aupr\u00e8s du maire charg\u00e9 de la coordination du projet. Une avanc\u00e9e qui lui permet d\u2019affirmer que \u00ab\u00a0<i>le projet est en marche<\/i>\u00a0\u00bb. \u00ab\u00a0<i>Je suis tr\u00e8s confiant car tout le monde est d\u2019accord<\/i>\u00a0\u00bb,<i> <\/i>poursuit-il, rappelant l\u2019urgence de concr\u00e9tiser ce dossier\u00a0: \u00ab\u00a0<i>Cela fait sept ans qu\u2019on l\u2019\u00e9voque. On ne peut plus attendre, on le doit aux soignants qui l\u2019attendent avec impatience.<\/i>\u00a0\u00bb<i><\/i><\/p>\n<p>Le prochain d\u00e9fi est d\u00e9sormais de s\u00e9curiser les terrains et de r\u00e9unir le financement. Une r\u00e9union regroupant les maires des 19\u00a0communes impact\u00e9es par la construction de l\u2019h\u00f4pital, se tient ce mercredi, pour d\u00e9battre du volet foncier. C\u00f4t\u00e9 collectivit\u00e9s, la R\u00e9gion\u00a0Sud, la M\u00e9tropole Aix-Marseille et le D\u00e9partement des Bouches-du-Rh\u00f4ne se sont engag\u00e9s \u00e0 participer financi\u00e8rement pour le nouvel \u00e9quipement. Mais le calendrier se resserre. \u00ab\u00a0<i>L\u2019Agence r\u00e9gionale de sant\u00e9 (ARS) a des limites pour conserver les financements de l\u2019\u00c9tat d\u00e9j\u00e0 fl\u00e9ch\u00e9s pour le projet<\/i>\u00a0\u00bb, rappelle Mohammed Salem.<\/p>\n<\/p><\/div>\n<div class=\"intext\"> Le d\u00e9ficit de l\u2019h\u00f4pital point\u00e9 dans un rapport\n              <\/div>\n<div class=\"paragraph\">\n<p>Pour respecter le calendrier, la municipalit\u00e9 pr\u00e9voit un lancement des concours d\u2019architectes en 2027, pour une livraison du b\u00e2timent en 2032. De nombreuses \u00e9tapes doivent encore \u00eatre franchies d\u2019ici l\u00e0. \u00ab\u00a0<i>L\u2019\u00e9ch\u00e9ance la plus importante dans un futur proche, c\u2019est novembre<\/i><i>\u00a0<\/i><i>2026. On devra y voir clair sur le foncier, n\u00e9gociations abouties ou expropriation<\/i>\u00a0\u00bb, pr\u00e9cise Mohammed Salem.<\/p>\n<p>Ce projet de nouvel h\u00f4pital conna\u00eet un coup d\u2019acc\u00e9l\u00e9rateur alors que la Chambre r\u00e9gionale des comptes a rendu, le 2\u00a0juillet dernier, son rapport sur la gestion de l\u2019h\u00f4pital Edmond Garcin \u00e0 Aubagne. Le texte pointe la situation financi\u00e8re \u00ab\u00a0<i>structurellement d\u00e9ficitaire<\/i>\u00a0\u00bb de l\u2019\u00e9tablissement, avec un d\u00e9ficit du budget pass\u00e9 de 1,7\u00a0million d\u2019euros en 2019 \u00e0 5,8\u00a0millions d\u2019euros en 2024.<\/p>\n<p>\u00ab\u00a0<i>Le d\u00e9ficit est l\u00e0 depuis longtemps<\/i>\u00a0\u00bb, balaie Mohammed Salem, ancien pr\u00e9sident du comit\u00e9 m\u00e9dical de l\u2019\u00e9tablissement. Constat partag\u00e9 du c\u00f4t\u00e9 de la mairie\u00a0: \u00ab<i>\u00a0<\/i><i>Il n\u2019y a rien de r\u00e9dhibitoire. Le d\u00e9ficit est li\u00e9 \u00e0 une insuffisance de financement par l\u2019ARS<\/i>\u00a0\u00bb<i>, insiste la Ville.<\/i><\/p>\n<\/p><\/div>\n<div class=\"intext\"> Un plan d\u2019efficience<br \/>\n               <br \/>qui inqui\u00e8te le personnel\n              <\/div>\n<div class=\"paragraph\">\n<p>Autre dossier sensible qui arrive sur la table, celui du plan d\u2019efficience demand\u00e9 par l\u2019Agence r\u00e9gionale de sant\u00e9 pour l\u2019h\u00f4pital Garcin. De quoi susciter l\u2019inqui\u00e9tude des soignants, personnels et syndicats, mobilis\u00e9s le 12\u00a0juin dernier, pour d\u00e9noncer \u00ab\u00a0<i>un plan d\u2019aust\u00e9rit\u00e9<\/i>\u00a0\u00bb avec,<i> <\/i>selon eux, \u00ab\u00a0<i>la suppression de 50<\/i><i>\u00a0<\/i><i>\u00e9quivalents temps pleins<\/i><i>\u00a0<\/i>\u00bb<i>.<\/i><\/p>\n<p>Faut-il lier le destin du nouvel h\u00f4pital \u00e0 celui de l\u2019actuel et \u00e0 ce plan d\u2019efficience\u00a0? \u00ab\u00a0<i>Ce sont deux choses bien diff\u00e9rentes<\/i>\u00a0\u00bb<i>, <\/i>r\u00e9pond Mohammed Salem.<i> <\/i>Avant d\u2019assurer\u00a0: \u00ab\u00a0<i>Ce plan n\u2019impactera pas, pour nous, le projet du nouvel h\u00f4pital.<\/i><i>\u00a0<\/i>\u00bb Le chirurgien reconna\u00eet toutefois \u00ab\u00a0<i>la grande inqui\u00e9tude du personnel<\/i><i>\u00a0<\/i>\u00bb.<i> <\/i>Du c\u00f4t\u00e9 de la mairie, on abonde dans ce sens\u00a0: \u00ab<i>\u00a0<\/i><i>L\u2019ARS fait un lien entre le plan d\u2019efficience et le nouvel h\u00f4pital mais il n\u2019y en a pas car ce plan existerait m\u00eame sans le projet de nouvel h\u00f4pital<\/i><i>\u00a0<\/i>\u00bb. La ville d\u2019Aubagne consid\u00e8re d\u2019ailleurs que<i> <\/i>\u00ab\u00a0<i>ce plan d\u2019efficience ne va pas dans l\u2019int\u00e9r\u00eat des agents et des patients<\/i><i>\u00a0<\/i>\u00bb. Et d\u2019affirmer\u00a0: \u00ab\u00a0<i>On fait tout pour avoir le nouvel h\u00f4pital en 2032, mais on se bat aussi pour que l\u2019h\u00f4pital actuel ait les moyens de fonctionner.<\/i><i>\u00a0<\/i>\u00bb<i><\/i><\/p>\n<\/p><\/div>\n","protected":false},"excerpt":{"rendered":"Premi&egrave;re &eacute;tape majeure pour le projet de nouvel h&ocirc;pital d&rsquo;Aubagne. La D&eacute;claration d&rsquo;utilit&eacute; publique (DUP), a &eacute;t&eacute; sign&eacute;e vendredi par le pr&eacute;fet des Bouches-du-Rh&ocirc;ne, &#8230;","protected":false},"author":1,"featured_media":35526,"comment_status":"open","ping_status":"open","sticky":false,"template":"","format":"standard","meta":{"footnotes":""},"categories":[3926,3925,331,20],"tags":[2923,1129,493,776,163,1501,141,256],"news-destination":[3944],"news-source":[475],"is_homepage":[],"ta_other":[],"class_list":["post-35524","post","type-post","status-publish","format-standard","has-post-thumbnail","hentry","category-accueil-merge","category-accueil-third","category-social","category-societe","tag-architecte","tag-ars","tag-aubagne","tag-construction","tag-financement","tag-hopital","tag-projet","tag-sante","news-destination-homepage","news-source-website"],"_links":{"self":[{"href":"https:\/\/euapp01.newsmemory.com\/lamarseillaise\/news\/wp-json\/wp\/v2\/posts\/35524","targetHints":{"allow":["GET"]}}],"collection":[{"href":"https:\/\/euapp01.newsmemory.com\/lamarseillaise\/news\/wp-json\/wp\/v2\/posts"}],"about":[{"href":"https:\/\/euapp01.newsmemory.com\/lamarseillaise\/news\/wp-json\/wp\/v2\/types\/post"}],"author":[{"embeddable":true,"href":"https:\/\/euapp01.newsmemory.com\/lamarseillaise\/news\/wp-json\/wp\/v2\/users\/1"}],"replies":[{"embeddable":true,"href":"https:\/\/euapp01.newsmemory.com\/lamarseillaise\/news\/wp-json\/wp\/v2\/comments?post=35524"}],"version-history":[{"count":1,"href":"https:\/\/euapp01.newsmemory.com\/lamarseillaise\/news\/wp-json\/wp\/v2\/posts\/35524\/revisions"}],"predecessor-version":[{"id":35527,"href":"https:\/\/euapp01.newsmemory.com\/lamarseillaise\/news\/wp-json\/wp\/v2\/posts\/35524\/revisions\/35527"}],"wp:featuredmedia":[{"embeddable":true,"href":"https:\/\/euapp01.newsmemory.com\/lamarseillaise\/news\/wp-json\/wp\/v2\/media\/35526"}],"wp:attachment":[{"href":"https:\/\/euapp01.newsmemory.com\/lamarseillaise\/news\/wp-json\/wp\/v2\/media?parent=35524"}],"wp:term":[{"taxonomy":"category","embeddable":true,"href":"https:\/\/euapp01.newsmemory.com\/lamarseillaise\/news\/wp-json\/wp\/v2\/categories?post=35524"},{"taxonomy":"post_tag","embeddable":true,"href":"https:\/\/euapp01.newsmemory.com\/lamarseillaise\/news\/wp-json\/wp\/v2\/tags?post=35524"},{"taxonomy":"news-destination","embeddable":true,"href":"https:\/\/euapp01.newsmemory.com\/lamarseillaise\/news\/wp-json\/wp\/v2\/news-destination?post=35524"},{"taxonomy":"news-source","embeddable":true,"href":"https:\/\/euapp01.newsmemory.com\/lamarseillaise\/news\/wp-json\/wp\/v2\/news-source?post=35524"},{"taxonomy":"is_homepage","embeddable":true,"href":"https:\/\/euapp01.newsmemory.com\/lamarseillaise\/news\/wp-json\/wp\/v2\/is_homepage?post=35524"},{"taxonomy":"ta_other","embeddable":true,"href":"https:\/\/euapp01.newsmemory.com\/lamarseillaise\/news\/wp-json\/wp\/v2\/ta_other?post=35524"}],"curies":[{"name":"wp","href":"https:\/\/api.w.org\/{rel}","templated":true}]}}