{"id":35521,"date":"2026-07-07T08:10:00","date_gmt":"2026-07-07T06:10:00","guid":{"rendered":"https:\/\/euapp01.newsmemory.com\/lamarseillaise\/news\/?p=35521"},"modified":"2026-07-11T07:55:40","modified_gmt":"2026-07-11T05:55:40","slug":"la-mairie-de-la-garde-sommee-de-devoiler-ses-frais-de-representation-et-des-documents-dordre-public","status":"publish","type":"post","link":"https:\/\/euapp01.newsmemory.com\/lamarseillaise\/news\/2026\/07\/07\/la-mairie-de-la-garde-sommee-de-devoiler-ses-frais-de-representation-et-des-documents-dordre-public\/","title":{"rendered":"La mairie de La Garde somm\u00e9e de d\u00e9voiler ses frais de repr\u00e9sentation et des documents d\u2019ordre public"},"content":{"rendered":"<div class=\"paragraph\">\n<p>Dans son combat pour la transparence et la probit\u00e9 de la vie publique, le groupe d\u2019opposition Uni.e.s pour La Garde glane une nouvelle victoire. Apr\u00e8s <a rel=\"noopener noreferrer\" href=\"https:\/\/www.lamarseillaise.fr\/politique\/une-amende-pour-jean-louis-masson-FJ19106120\" target=\"_blank\">la condamnation de Jean-Louis Masson, en novembre, \u00e0 une amende de 15\u00a0000\u00a0euros pour prise ill\u00e9gale d\u2019int\u00e9r\u00eat<\/a> apr\u00e8s avoir particip\u00e9, entre 2020 et 2022, \u00e0 dix d\u00e9lib\u00e9rations concernant deux soci\u00e9t\u00e9s qu\u2019il pr\u00e9sidait, alors qu\u2019il \u00e9tait maire de La Garde, c\u2019est cette fois le tribunal administratif qui a \u00e9pingl\u00e9 la majorit\u00e9 municipale jeudi dernier.<\/p>\n<p>Uni.e.s pour La Garde avait en effet d\u00e9pos\u00e9 une plainte concernant le refus du d\u00e9sormais premier adjoint, et de la maire r\u00e9\u00e9lue en mars H\u00e9l\u00e8ne Arnaud-Bill, de communiquer les d\u00e9tails de 20\u00a0000\u00a0euros de frais de repr\u00e9sentation engag\u00e9s depuis 2020. Cette plainte concernait aussi des documents (grands livres comptables, rapports des commissaires aux comptes, rapports de gestion et proc\u00e8s-verbaux des assembl\u00e9es de 2020 \u00e0 2023) relatifs \u00e0 deux soci\u00e9t\u00e9s publiques, la Soci\u00e9t\u00e9 gard\u00e9enne d\u2019\u00e9conomie mixte (Sagem) et la Soci\u00e9t\u00e9 d\u2019am\u00e9nagement et de gestion publique (Sagep). Les deux \u00e9lus devront ainsi faire \u0153uvre de transparence et d\u00e9voiler l\u2019int\u00e9gralit\u00e9 des documents demand\u00e9s. En ce qui concerne la Sagem et la Sagep, ils se voient somm\u00e9s de transmettre les documents demand\u00e9s dans un d\u00e9lai d\u2019un mois, sous astreinte de 50\u00a0euros par jour de retard. La commune devra \u00e9galement verser 1\u00a0500\u00a0euros aux requ\u00e9rants au titre des frais de justice.<\/p>\n<\/p><\/div>\n<div class=\"intext\"> \u00ab\u00a0La transparence est<br \/>\n               <br \/>une obligation d\u00e9mocratique\u00a0\u00bb\n              <\/div>\n<div class=\"paragraph\">\n<p>\u00ab\u00a0<i>Depuis des ann\u00e9es, nous demandons simplement que les \u00e9lus puissent exercer pleinement leur mission de contr\u00f4le et acc\u00e9der aux documents permettant de v\u00e9rifier l\u2019utilisation de l\u2019argent public. Cette d\u00e9cision rappelle une \u00e9vidence<\/i><i>\u00a0<\/i><i>: la transparence n\u2019est pas une faveur accord\u00e9e par une majorit\u00e9, c\u2019est une obligation d\u00e9mocratique<\/i><i>\u00a0<\/i>\u00bb, s\u2019est r\u00e9jouie Julia Peironet Bremond. \u00ab\u00a0<i>Nous poursuivrons notre action afin que chaque euro d\u2019argent public puisse \u00eatre contr\u00f4l\u00e9. Nous continuerons \u00e0 d\u00e9fendre cette exigence avec d\u00e9termination, car la transparence de la vie publique n\u2019est pas un privil\u00e8ge accord\u00e9 \u00e0 l\u2019opposition, mais une exigence que nous devons \u00e0 tous les citoyens.<\/i><i>\u00a0<\/i>\u00bb<\/p>\n<p>Contact\u00e9s, les \u00e9lus de la majorit\u00e9 n\u2019ont pas r\u00e9pondu \u00e0 nos sollicitations.<\/p>\n<\/p><\/div>\n","protected":false},"excerpt":{"rendered":"Dans son combat pour la transparence et la probit&eacute; de la vie publique, le groupe d&rsquo;opposition Uni.e.s pour La Garde glane une nouvelle victoire. Apr&egrave;s la condamnation de Jean-Louis Masson, en novembre, &agrave; une amende de &#8230;","protected":false},"author":1,"featured_media":35522,"comment_status":"open","ping_status":"open","sticky":false,"template":"","format":"standard","meta":{"footnotes":""},"categories":[3926,3925,330],"tags":[202,5889,697,515,3288,200,350,442,2361,51,593,790,31],"news-destination":[3944],"news-source":[475],"is_homepage":[],"ta_other":[],"class_list":["post-35521","post","type-post","status-publish","format-standard","has-post-thumbnail","hentry","category-accueil-merge","category-accueil-third","category-politique","tag-condamnation","tag-decision","tag-elus","tag-gestion","tag-jean-louis-masson","tag-justice","tag-la-garde","tag-mairie","tag-plainte","tag-societe","tag-transparence","tag-tribunal-administratif","tag-var","news-destination-homepage","news-source-website"],"_links":{"self":[{"href":"https:\/\/euapp01.newsmemory.com\/lamarseillaise\/news\/wp-json\/wp\/v2\/posts\/35521","targetHints":{"allow":["GET"]}}],"collection":[{"href":"https:\/\/euapp01.newsmemory.com\/lamarseillaise\/news\/wp-json\/wp\/v2\/posts"}],"about":[{"href":"https:\/\/euapp01.newsmemory.com\/lamarseillaise\/news\/wp-json\/wp\/v2\/types\/post"}],"author":[{"embeddable":true,"href":"https:\/\/euapp01.newsmemory.com\/lamarseillaise\/news\/wp-json\/wp\/v2\/users\/1"}],"replies":[{"embeddable":true,"href":"https:\/\/euapp01.newsmemory.com\/lamarseillaise\/news\/wp-json\/wp\/v2\/comments?post=35521"}],"version-history":[{"count":1,"href":"https:\/\/euapp01.newsmemory.com\/lamarseillaise\/news\/wp-json\/wp\/v2\/posts\/35521\/revisions"}],"predecessor-version":[{"id":35523,"href":"https:\/\/euapp01.newsmemory.com\/lamarseillaise\/news\/wp-json\/wp\/v2\/posts\/35521\/revisions\/35523"}],"wp:featuredmedia":[{"embeddable":true,"href":"https:\/\/euapp01.newsmemory.com\/lamarseillaise\/news\/wp-json\/wp\/v2\/media\/35522"}],"wp:attachment":[{"href":"https:\/\/euapp01.newsmemory.com\/lamarseillaise\/news\/wp-json\/wp\/v2\/media?parent=35521"}],"wp:term":[{"taxonomy":"category","embeddable":true,"href":"https:\/\/euapp01.newsmemory.com\/lamarseillaise\/news\/wp-json\/wp\/v2\/categories?post=35521"},{"taxonomy":"post_tag","embeddable":true,"href":"https:\/\/euapp01.newsmemory.com\/lamarseillaise\/news\/wp-json\/wp\/v2\/tags?post=35521"},{"taxonomy":"news-destination","embeddable":true,"href":"https:\/\/euapp01.newsmemory.com\/lamarseillaise\/news\/wp-json\/wp\/v2\/news-destination?post=35521"},{"taxonomy":"news-source","embeddable":true,"href":"https:\/\/euapp01.newsmemory.com\/lamarseillaise\/news\/wp-json\/wp\/v2\/news-source?post=35521"},{"taxonomy":"is_homepage","embeddable":true,"href":"https:\/\/euapp01.newsmemory.com\/lamarseillaise\/news\/wp-json\/wp\/v2\/is_homepage?post=35521"},{"taxonomy":"ta_other","embeddable":true,"href":"https:\/\/euapp01.newsmemory.com\/lamarseillaise\/news\/wp-json\/wp\/v2\/ta_other?post=35521"}],"curies":[{"name":"wp","href":"https:\/\/api.w.org\/{rel}","templated":true}]}}