{"id":35518,"date":"2026-07-07T08:14:00","date_gmt":"2026-07-07T06:14:00","guid":{"rendered":"https:\/\/euapp01.newsmemory.com\/lamarseillaise\/news\/?p=35518"},"modified":"2026-07-11T07:55:40","modified_gmt":"2026-07-11T05:55:40","slug":"a-avignon-la-police-municipale-doit-etre-mieux-pilotee","status":"publish","type":"post","link":"https:\/\/euapp01.newsmemory.com\/lamarseillaise\/news\/2026\/07\/07\/a-avignon-la-police-municipale-doit-etre-mieux-pilotee\/","title":{"rendered":"\u00c0 Avignon, la police municipale doit \u00eatre mieux pilot\u00e9e"},"content":{"rendered":"<div class=\"paragraph\">\n<p>Rendu public au d\u00e9but du mois, le rapport de la chambre r\u00e9gionale des comptes (CRC) sur la gestion d\u2019Avignon (2019-2024) consacre un peu moins de la moiti\u00e9 de son analyse sur les finances de la Ville. Un point largement comment\u00e9 depuis 10\u00a0jours, \u00e0 la lumi\u00e8re aussi d\u2019un <a rel=\"noopener noreferrer\" href=\"https:\/\/www.lamarseillaise.fr\/politique\/avignon-galzi-accuse-l-ex-majorite-d-avoir-manipule-les-comptes-OE20428732\" target=\"_blank\">audit command\u00e9 par la nouvelle majorit\u00e9 d\u2019Olivier Galzi (DVD). <\/a>Pendant la campagne, le maire a fait de la s\u00e9curit\u00e9 l\u2019une de ses trois priorit\u00e9s, accusant C\u00e9cile Helle (PS) d\u2019avoir d\u00e9laiss\u00e9 ce domaine.<\/p>\n<p>Et Olivier Galzi de promettre l\u2019embauche de 60\u00a0policiers municipaux et l\u2019installation de 100\u00a0cam\u00e9ras de vid\u00e9o-surveillance. Pourtant, la CRC apporte un \u00e9clairage bien moins alarmiste ou, pour r\u00e9sumer, la police municipale (PM) est bien dot\u00e9e mais m\u00e9rite un meilleur pilotage. Une dizaine de pages est consacr\u00e9e au sujet. \u00ab\u00a0<i>La commune a dot\u00e9 la PM de moyens importants<\/i><i>\u00a0<\/i>\u00bb, note la chambre, soulignant que \u00ab\u00a0<i>les d\u00e9penses de fonctionnement repr\u00e9sentent 82,5<\/i><i>\u00a0<\/i><i>euros par habitant, soit deux fois plus que le niveau m\u00e9dian en 2024<\/i><i>\u00a0<\/i>\u00bb. C\u00f4t\u00e9 effectifs, 103\u00a0agents sont comptabilis\u00e9s en 2025, classant Avignon au 15<sup>e<\/sup>\u00a0rang national du ratio policiers\/habitants.<\/p>\n<p>Concernant la vid\u00e9osurveillance, il est fait \u00e9tat d\u2019un parc de 756\u00a0cam\u00e9ras. \u00ab\u00a0<i>Les d\u00e9penses consacr\u00e9es \u00e0 la vid\u00e9oprotection ont augment\u00e9 fortement sur la p\u00e9riode passant de 286<\/i><i>\u00a0<\/i><i>178<\/i><i>\u00a0<\/i><i>euros entre 2019 \u00e0 2021 \u00e0 pr\u00e8s de 2,5<\/i><i>\u00a0<\/i><i>millions de 2022 \u00e0 2024<\/i><i>\u00a0<\/i>\u00bb, met en avant la CRC. Avec un b\u00e9mol\u00a0: \u00ab<i>\u00a0<\/i><i>Il est indiqu\u00e9 que 57<\/i><i>\u00a0<\/i><i>cam\u00e9ras sont hors service<\/i><i>\u00a0<\/i>\u00bb. <a rel=\"noopener noreferrer\" href=\"https:\/\/www.lamarseillaise.fr\/politique\/entretien-cecile-helle-je-suis-surprise-l-attaque-du-maire-est-extremement-violente-HD20450142\" target=\"_blank\">Un chiffre que conteste, dans sa r\u00e9ponse du 20\u00a0mai, C\u00e9cile Helle<\/a>. \u00ab<i>\u00a0<\/i><i>Ayant pr\u00e9sid\u00e9 mon dernier comit\u00e9 strat\u00e9gique sur la vid\u00e9oprotection d\u00e9but mars 2026, je tiens \u00e0 affirmer qu\u2019\u00e0 cette date, seules 6<\/i><i>\u00a0<\/i><i>cam\u00e9ras ne fonctionnaient pas<\/i><i>\u00a0<\/i>\u00bb, assure l\u2019ex-maire.<\/p>\n<\/p><\/div>\n<div class=\"intext\"> Vraiment HS les cam\u00e9ras\u00a0?\n              <\/div>\n<div class=\"paragraph\">\n<p>Une bataille de chiffres qui a son importance, Olivier Galzi ayant aliment\u00e9 la chronique pendant la campagne sur cette d\u00e9faillance. \u00ab\u00a0<i>Le r\u00e9seau de vid\u00e9oprotection n\u2019est cependant pas pleinement op\u00e9rationnel en raison de maintenance, de panne de mat\u00e9riel et des limites des capacit\u00e9s des serveurs pour les nouvelles cam\u00e9ras<\/i><i>\u00a0<\/i>\u00bb, appuie d\u2019ailleurs, dans sa r\u00e9ponse du 26\u00a0mai, le nouveau locataire de l\u2019H\u00f4tel de ville.<\/p>\n<p>Au-del\u00e0 du volet effectifs et cam\u00e9ras, la CRC attire l\u2019attention sur la gestion de ce service qui m\u00e9rite une plus grande acuit\u00e9. \u00ab\u00a0<i>Une gouvernance et un suivi de l\u2019activit\u00e9 qui doivent \u00eatre am\u00e9lior\u00e9s<\/i><i>\u00a0<\/i>\u00bb, \u00e9crivent les magistrats en \u00e9mettant une recommandation\u00a0: \u00ab<i>\u00a0<\/i><i>Mettre en place des outils de suivi d\u2019activit\u00e9 (\u00e9valuation du rapport annuel d\u2019activit\u00e9, \u00e9valuation de la convention de coordination, strat\u00e9gie territoriale)<\/i>\u00a0\u00bb. Un bilan global dont se \u00ab<i>\u00a0<\/i><i>r\u00e9jouit<\/i><i>\u00a0<\/i>\u00bb C\u00e9cile Helle. Quant \u00e0 Olivier Galzi, qui a amorc\u00e9 le recrutement de 10\u00a0policiers suppl\u00e9mentaires, stipule que la recommandation \u00ab\u00a0<i>sera \u00e9videmment mise en \u0153uvre, mais nous irons plus loin encore<\/i><i>\u00a0<\/i>\u00bb. Le maire compte instaurer une \u00ab\u00a0<i>direction g\u00e9n\u00e9rale adjointe \u00e0 la s\u00e9curit\u00e9<\/i>\u00a0\u00bb.<\/p>\n<\/p><\/div>\n","protected":false},"excerpt":{"rendered":"Rendu public au d&eacute;but du mois, le rapport de la chambre r&eacute;gionale des comptes (CRC) sur la gestion d&rsquo;Avignon (2019-2024) consacre un peu moins de la moiti&eacute; de son analyse sur les finances de la Ville. Un point largement &#8230;","protected":false},"author":1,"featured_media":35519,"comment_status":"open","ping_status":"open","sticky":false,"template":"","format":"standard","meta":{"footnotes":""},"categories":[3926,3925,330],"tags":[495,174,190,1466,1188,4914,734,171],"news-destination":[3944],"news-source":[475],"is_homepage":[],"ta_other":[],"class_list":["post-35518","post","type-post","status-publish","format-standard","has-post-thumbnail","hentry","category-accueil-merge","category-accueil-third","category-politique","tag-495","tag-avignon","tag-cecile-helle","tag-depenses-publiques","tag-moyens","tag-olivier-galzi","tag-police-municipale","tag-vaucluse","news-destination-homepage","news-source-website"],"_links":{"self":[{"href":"https:\/\/euapp01.newsmemory.com\/lamarseillaise\/news\/wp-json\/wp\/v2\/posts\/35518","targetHints":{"allow":["GET"]}}],"collection":[{"href":"https:\/\/euapp01.newsmemory.com\/lamarseillaise\/news\/wp-json\/wp\/v2\/posts"}],"about":[{"href":"https:\/\/euapp01.newsmemory.com\/lamarseillaise\/news\/wp-json\/wp\/v2\/types\/post"}],"author":[{"embeddable":true,"href":"https:\/\/euapp01.newsmemory.com\/lamarseillaise\/news\/wp-json\/wp\/v2\/users\/1"}],"replies":[{"embeddable":true,"href":"https:\/\/euapp01.newsmemory.com\/lamarseillaise\/news\/wp-json\/wp\/v2\/comments?post=35518"}],"version-history":[{"count":1,"href":"https:\/\/euapp01.newsmemory.com\/lamarseillaise\/news\/wp-json\/wp\/v2\/posts\/35518\/revisions"}],"predecessor-version":[{"id":35520,"href":"https:\/\/euapp01.newsmemory.com\/lamarseillaise\/news\/wp-json\/wp\/v2\/posts\/35518\/revisions\/35520"}],"wp:featuredmedia":[{"embeddable":true,"href":"https:\/\/euapp01.newsmemory.com\/lamarseillaise\/news\/wp-json\/wp\/v2\/media\/35519"}],"wp:attachment":[{"href":"https:\/\/euapp01.newsmemory.com\/lamarseillaise\/news\/wp-json\/wp\/v2\/media?parent=35518"}],"wp:term":[{"taxonomy":"category","embeddable":true,"href":"https:\/\/euapp01.newsmemory.com\/lamarseillaise\/news\/wp-json\/wp\/v2\/categories?post=35518"},{"taxonomy":"post_tag","embeddable":true,"href":"https:\/\/euapp01.newsmemory.com\/lamarseillaise\/news\/wp-json\/wp\/v2\/tags?post=35518"},{"taxonomy":"news-destination","embeddable":true,"href":"https:\/\/euapp01.newsmemory.com\/lamarseillaise\/news\/wp-json\/wp\/v2\/news-destination?post=35518"},{"taxonomy":"news-source","embeddable":true,"href":"https:\/\/euapp01.newsmemory.com\/lamarseillaise\/news\/wp-json\/wp\/v2\/news-source?post=35518"},{"taxonomy":"is_homepage","embeddable":true,"href":"https:\/\/euapp01.newsmemory.com\/lamarseillaise\/news\/wp-json\/wp\/v2\/is_homepage?post=35518"},{"taxonomy":"ta_other","embeddable":true,"href":"https:\/\/euapp01.newsmemory.com\/lamarseillaise\/news\/wp-json\/wp\/v2\/ta_other?post=35518"}],"curies":[{"name":"wp","href":"https:\/\/api.w.org\/{rel}","templated":true}]}}