{"id":35512,"date":"2026-07-07T08:20:00","date_gmt":"2026-07-07T06:20:00","guid":{"rendered":"https:\/\/euapp01.newsmemory.com\/lamarseillaise\/news\/?p=35512"},"modified":"2026-07-11T08:07:50","modified_gmt":"2026-07-11T06:07:50","slug":"la-bataille-culturelle-contre-lextreme-droite-en-debat-a-avignon","status":"publish","type":"post","link":"https:\/\/euapp01.newsmemory.com\/lamarseillaise\/news\/2026\/07\/07\/la-bataille-culturelle-contre-lextreme-droite-en-debat-a-avignon\/","title":{"rendered":"La bataille culturelle contre l\u2019extr\u00eame droite en d\u00e9bat \u00e0 Avignon"},"content":{"rendered":"<div class=\"paragraph\">\n<p>\u00ab <i>O<\/i><i>n est tous au fait du danger que repr\u00e9sente la progression de l\u2019extr\u00eame droite pour nos m\u00e9tiers<\/i><i>\u00a0<\/i>\u00bb, lance Ghislain Gauthier, secr\u00e9taire g\u00e9n\u00e9ral de la CGT Spectacle, en introduction d\u2019un d\u00e9bat sur les \u00ab\u00a0politiques culturelles pour une soci\u00e9t\u00e9 plus juste et d\u00e9mocratique face \u00e0 l\u2019extr\u00eame droite\u00a0\u00bb.<\/p>\n<p>Les \u00e9changes se sont d\u00e9roul\u00e9s au clo\u00eetre Saint-Louis et le ton adopt\u00e9 par les diff\u00e9rents intervenants, pour la plupart des syndicalistes des diff\u00e9rents secteurs de la culture, est lourd. Car les derni\u00e8res \u00e9ch\u00e9ances \u00e9lectorales, les municipales de mars dernier, ont montr\u00e9 que l\u2019extr\u00eame droite progresse. Et les premi\u00e8res mesures contre la culture des maires \u00e9lus, notamment du RN, sont point\u00e9es du doigt. Comme la d\u00e9programmation de la pi\u00e8ce de th\u00e9\u00e2tre <i>Passeport<\/i>, r\u00e9cit de parcours d\u2019exil\u00e9s, par le maire, membre du parti \u00e0 la flamme, de Castres, pour des raisons id\u00e9ologiques.<\/p>\n<p>Les intervenants pointent l\u2019influence caus\u00e9e par la \u00ab\u00a0<i>bataille culturelle<\/i><i>\u00a0<\/i>\u00bb men\u00e9e par des milliardaires, Vincent Bollor\u00e9 et Pierre-\u00c9douard St\u00e9rin en t\u00eate. \u00ab<i>\u00a0<\/i><i>Il y a une id\u00e9e de structurer un imaginaire autour d\u2019une France traditionnelle, catholique, nataliste<\/i><i>\u00a0<\/i>\u00bb, pointe par exemple Anne-Sophie Simpere, journaliste au m\u00e9dia ind\u00e9pendant <i>L\u2019Observatoire des multinationales<\/i>, \u00e0 propos du premier nomm\u00e9. Aujourd\u2019hui, neuf personnes contr\u00f4lent 80\u00a0% des m\u00e9dias. \u00c9galement organisateur d\u2019\u00e9v\u00e9nements, ses activit\u00e9s peuvent impacter, par exemple, les musiciens qui ne pouvaient parfois pas savoir que les structures pour lesquelles ils ont accept\u00e9 de travailler et avec lesquelles ils ont sign\u00e9 un contrat faisaient partie de son empire \u00e9valu\u00e9 \u00e0 plus d\u2019un milliard de dollars. \u00ab<i>\u00a0<\/i><i>On est pris en otage. Il faut \u00eatre tr\u00e8s vigilants car il n\u2019y a pas de clause dans le milieu du spectacle permettant de quitter notre travail dans ces cas-l\u00e0<\/i>\u00a0\u00bb, pr\u00e9vient Karine Huet, du syndicat CGT des musiciens, le Snam.<\/p>\n<\/p><\/div>\n<div class=\"intext\"> Moyens de luttes\n              <\/div>\n<div class=\"paragraph\">\n<p>Face \u00e0 cela, la lutte s\u2019organise. Et ce, d\u2019abord par le syndicalisme, comme l\u2019explique Mathieu Pace, repr\u00e9sentant CGT chez Prisma, groupe de presse de magazines comme <i>Capital<\/i>, <i>Voici<\/i> ou encore <i>G\u00e9o<\/i>, dont Vincent Bollor\u00e9 est l\u2019actionnaire de r\u00e9f\u00e9rence mais n\u2019est pas majoritaire. Un plan social y pr\u00e9voit une r\u00e9duction de 40\u00a0% des effectifs. \u00ab\u00a0<i>Il faut prouver que c\u2019est bien lui qui a le contr\u00f4le. Contre ces gens-l\u00e0, la gr\u00e8ve ne marche plus car ils n\u2019en ont rien \u00e0 faire de perdre de l\u2019argent. Mais ce dont ils ont peur, c\u2019est que leur image soit d\u00e9t\u00e9rior\u00e9e<\/i>\u00a0\u00bb, assure-t-il. La d\u00e9put\u00e9e du Val-de-Marne Sophie Taill\u00e9-Polian (EELV), \u00e9galement pr\u00e9sente, a port\u00e9 plusieurs propositions de loi contre la concentration des m\u00e9dias. Et assure \u00ab\u00a0<i>qu\u2019il faut qu\u2019il y ait \u00e0 nouveau un consensus sur les politiques publiques de la culture dans notre pays<\/i>\u00a0\u00bb.<\/p>\n<\/p><\/div>\n<div class=\"paragraph\">\n<p><b>6 candidats \u00e0 la pr\u00e9sidentielle au Village du Off<\/b><\/p>\n<p>Suite \u00e0 une lettre ouverte d\u2019Avignon Festival et Compagnies (AF&#038;C) aux candidats \u00e0 la prochaine \u00e9lection pr\u00e9sidentielle, six d\u2019entre eux viendront chacun leur tour afin d\u2019\u00e9changer au Village du Off pendant ce mois de juillet. Ce dimanche 5 juillet, Xavier Bertrand (LR) \u00e9tait en Cit\u00e9 des Papes. Suivront Jean-Luc M\u00e9lenchon (LFI) ce jeudi 9 juillet \u00e0 20h, Marine Tondelier (EELV) le samedi 11 \u00e0 20h, Cl\u00e9mentine Autain (L\u2019Apr\u00e8s) le mardi 14 \u00e0 20h et enfin Fran\u00e7ois Ruffin (Debout !) le jeudi 16 \u00e0 20h et le jeudi 23 \u00e0 18h30 pour Dominique de Villepin.<\/p>\n<\/p><\/div>\n","protected":false},"excerpt":{"rendered":"&laquo; On est tous au fait du danger que repr&eacute;sente la progression de l&rsquo;extr&ecirc;me droite pour nos m&eacute;tiers&nbsp;&raquo;, lance Ghislain Gauthier, secr&eacute;taire g&eacute;n&eacute;ral de la CGT Spectacle, en introduction &#8230;","protected":false},"author":1,"featured_media":35513,"comment_status":"open","ping_status":"open","sticky":false,"template":"","format":"standard","meta":{"footnotes":""},"categories":[3926,3925,331],"tags":[100,174,113,2670,599,186,5075,573,735,478,1535,529,2150,1241,171],"news-destination":[3944],"news-source":[475],"is_homepage":[],"ta_other":[],"class_list":["post-35512","post","type-post","status-publish","format-standard","has-post-thumbnail","hentry","category-accueil-merge","category-accueil-third","category-social","tag-activites","tag-avignon","tag-cgt","tag-clementine-autain","tag-echanges","tag-festival-davignon-off","tag-francois-ruffin","tag-jean-luc-melenchon","tag-marine-tondelier","tag-municipales","tag-plan-social","tag-spectacle","tag-syndicalisme","tag-theatre","tag-vaucluse","news-destination-homepage","news-source-website"],"_links":{"self":[{"href":"https:\/\/euapp01.newsmemory.com\/lamarseillaise\/news\/wp-json\/wp\/v2\/posts\/35512","targetHints":{"allow":["GET"]}}],"collection":[{"href":"https:\/\/euapp01.newsmemory.com\/lamarseillaise\/news\/wp-json\/wp\/v2\/posts"}],"about":[{"href":"https:\/\/euapp01.newsmemory.com\/lamarseillaise\/news\/wp-json\/wp\/v2\/types\/post"}],"author":[{"embeddable":true,"href":"https:\/\/euapp01.newsmemory.com\/lamarseillaise\/news\/wp-json\/wp\/v2\/users\/1"}],"replies":[{"embeddable":true,"href":"https:\/\/euapp01.newsmemory.com\/lamarseillaise\/news\/wp-json\/wp\/v2\/comments?post=35512"}],"version-history":[{"count":1,"href":"https:\/\/euapp01.newsmemory.com\/lamarseillaise\/news\/wp-json\/wp\/v2\/posts\/35512\/revisions"}],"predecessor-version":[{"id":35514,"href":"https:\/\/euapp01.newsmemory.com\/lamarseillaise\/news\/wp-json\/wp\/v2\/posts\/35512\/revisions\/35514"}],"wp:featuredmedia":[{"embeddable":true,"href":"https:\/\/euapp01.newsmemory.com\/lamarseillaise\/news\/wp-json\/wp\/v2\/media\/35513"}],"wp:attachment":[{"href":"https:\/\/euapp01.newsmemory.com\/lamarseillaise\/news\/wp-json\/wp\/v2\/media?parent=35512"}],"wp:term":[{"taxonomy":"category","embeddable":true,"href":"https:\/\/euapp01.newsmemory.com\/lamarseillaise\/news\/wp-json\/wp\/v2\/categories?post=35512"},{"taxonomy":"post_tag","embeddable":true,"href":"https:\/\/euapp01.newsmemory.com\/lamarseillaise\/news\/wp-json\/wp\/v2\/tags?post=35512"},{"taxonomy":"news-destination","embeddable":true,"href":"https:\/\/euapp01.newsmemory.com\/lamarseillaise\/news\/wp-json\/wp\/v2\/news-destination?post=35512"},{"taxonomy":"news-source","embeddable":true,"href":"https:\/\/euapp01.newsmemory.com\/lamarseillaise\/news\/wp-json\/wp\/v2\/news-source?post=35512"},{"taxonomy":"is_homepage","embeddable":true,"href":"https:\/\/euapp01.newsmemory.com\/lamarseillaise\/news\/wp-json\/wp\/v2\/is_homepage?post=35512"},{"taxonomy":"ta_other","embeddable":true,"href":"https:\/\/euapp01.newsmemory.com\/lamarseillaise\/news\/wp-json\/wp\/v2\/ta_other?post=35512"}],"curies":[{"name":"wp","href":"https:\/\/api.w.org\/{rel}","templated":true}]}}