{"id":35509,"date":"2026-07-07T06:34:00","date_gmt":"2026-07-07T04:34:00","guid":{"rendered":"https:\/\/euapp01.newsmemory.com\/lamarseillaise\/news\/?p=35509"},"modified":"2026-07-07T10:21:22","modified_gmt":"2026-07-07T08:21:22","slug":"une-vie-digne-pour-tous","status":"publish","type":"post","link":"https:\/\/euapp01.newsmemory.com\/lamarseillaise\/news\/2026\/07\/07\/une-vie-digne-pour-tous\/","title":{"rendered":"Une vie digne pour tous"},"content":{"rendered":"<div class=\"paragraph\"> <\/div>\n<div class=\"paragraph\">\n<p>Les voyants d\u2019alerte de la crise du logement n\u2019en finissent plus de clignoter. Dans notre r\u00e9gion la situation est particuli\u00e8rement grave. Alors que le Droit au Logement a valeur constitutionnelle, sa traduction dans la loi cr\u00e9e les conditions de son non-respect.<\/p>\n<p>L\u2019objectif de 25% de logements sociaux par commune est sanctionn\u00e9 par&#8230; des amendes. Des candidats aux \u00e9lections municipales, des maires font donc de l\u2019infraction \u00e0 la loi leur programme.<\/p>\n<p>De m\u00eame, le \u00ab\u00a0Droit au logement opposable\u00a0\u00bb institu\u00e9 dans la loi, abouti d\u00e9sormais \u00e0 des sanctions financi\u00e8res pour l\u2019\u00c9tat, plut\u00f4t que l\u2019am\u00e9lioration des conditions de vie des m\u00e9nages qui en ont le plus besoin.<\/p>\n<p>446\u00a0000,00\u00a0euros \u00e0 payer pour l\u2019\u00c9tat rien que l\u2019ann\u00e9e derni\u00e8re concernant la r\u00e9gion Provence-Alpes-C\u00f4te d\u2019Azur\u00a0!<\/p>\n<p><b>Mesures concr\u00e8tes<\/b><\/p>\n<p>Il est plus que n\u00e9cessaire de prendre des mesures concr\u00e8tes pour r\u00e9soudre la crise du logement. Les textes incitatifs, d\u00e9claratifs, verbeux, ont fait la preuve de leur insuffisance.<\/p>\n<p>Pour cela, la relance de la construction de logements avec des quotas r\u00e9ellement contraignants de logements sociaux doit \u00eatre une priorit\u00e9, plut\u00f4t que de ponctionner les bailleurs sociaux, l\u2019\u00c9tat doit exiger d\u2019eux un nouvel \u00e9lan de constructions et de r\u00e9novations, conforme aux attentes de notre temps. Une r\u00e9gulation nationale des meubl\u00e9s touristiques qui ass\u00e8chent le nombre de logements disponibles doit \u00eatre mise en \u0153uvre.<\/p>\n<p>Enfin, la question de la r\u00e9quisition des logements vacants doit \u00eatre pos\u00e9e pour r\u00e9pondre \u00e0 l\u2019urgence. Il n\u2019est pas supportable que le droit de propri\u00e9t\u00e9 prime sur le droit \u00e0 une vie digne.<\/p>\n<\/p><\/div>\n","protected":false},"excerpt":{"rendered":"Les voyants d&rsquo;alerte de la crise du logement n&rsquo;en finissent plus de clignoter. Dans notre r&eacute;gion la situation est particuli&egrave;rement grave. Alors que le Droit au Logement a valeur constitutionnelle, sa traduction dans la loi &#8230;","protected":false},"author":1,"featured_media":35510,"comment_status":"open","ping_status":"open","sticky":false,"template":"","format":"standard","meta":{"footnotes":""},"categories":[332],"tags":[1629,1372,1900,596,52,222,1549],"news-destination":[],"news-source":[475],"is_homepage":[],"ta_other":[],"class_list":["post-35509","post","type-post","status-publish","format-standard","has-post-thumbnail","hentry","category-edito","tag-digne","tag-editoriaux","tag-etat","tag-logement","tag-logement-social","tag-region-sud-paca","tag-urgence","news-source-website"],"_links":{"self":[{"href":"https:\/\/euapp01.newsmemory.com\/lamarseillaise\/news\/wp-json\/wp\/v2\/posts\/35509","targetHints":{"allow":["GET"]}}],"collection":[{"href":"https:\/\/euapp01.newsmemory.com\/lamarseillaise\/news\/wp-json\/wp\/v2\/posts"}],"about":[{"href":"https:\/\/euapp01.newsmemory.com\/lamarseillaise\/news\/wp-json\/wp\/v2\/types\/post"}],"author":[{"embeddable":true,"href":"https:\/\/euapp01.newsmemory.com\/lamarseillaise\/news\/wp-json\/wp\/v2\/users\/1"}],"replies":[{"embeddable":true,"href":"https:\/\/euapp01.newsmemory.com\/lamarseillaise\/news\/wp-json\/wp\/v2\/comments?post=35509"}],"version-history":[{"count":1,"href":"https:\/\/euapp01.newsmemory.com\/lamarseillaise\/news\/wp-json\/wp\/v2\/posts\/35509\/revisions"}],"predecessor-version":[{"id":35511,"href":"https:\/\/euapp01.newsmemory.com\/lamarseillaise\/news\/wp-json\/wp\/v2\/posts\/35509\/revisions\/35511"}],"wp:featuredmedia":[{"embeddable":true,"href":"https:\/\/euapp01.newsmemory.com\/lamarseillaise\/news\/wp-json\/wp\/v2\/media\/35510"}],"wp:attachment":[{"href":"https:\/\/euapp01.newsmemory.com\/lamarseillaise\/news\/wp-json\/wp\/v2\/media?parent=35509"}],"wp:term":[{"taxonomy":"category","embeddable":true,"href":"https:\/\/euapp01.newsmemory.com\/lamarseillaise\/news\/wp-json\/wp\/v2\/categories?post=35509"},{"taxonomy":"post_tag","embeddable":true,"href":"https:\/\/euapp01.newsmemory.com\/lamarseillaise\/news\/wp-json\/wp\/v2\/tags?post=35509"},{"taxonomy":"news-destination","embeddable":true,"href":"https:\/\/euapp01.newsmemory.com\/lamarseillaise\/news\/wp-json\/wp\/v2\/news-destination?post=35509"},{"taxonomy":"news-source","embeddable":true,"href":"https:\/\/euapp01.newsmemory.com\/lamarseillaise\/news\/wp-json\/wp\/v2\/news-source?post=35509"},{"taxonomy":"is_homepage","embeddable":true,"href":"https:\/\/euapp01.newsmemory.com\/lamarseillaise\/news\/wp-json\/wp\/v2\/is_homepage?post=35509"},{"taxonomy":"ta_other","embeddable":true,"href":"https:\/\/euapp01.newsmemory.com\/lamarseillaise\/news\/wp-json\/wp\/v2\/ta_other?post=35509"}],"curies":[{"name":"wp","href":"https:\/\/api.w.org\/{rel}","templated":true}]}}