{"id":35505,"date":"2026-07-07T07:06:00","date_gmt":"2026-07-07T05:06:00","guid":{"rendered":"https:\/\/euapp01.newsmemory.com\/lamarseillaise\/news\/?p=35505"},"modified":"2026-07-11T07:41:41","modified_gmt":"2026-07-11T05:41:41","slug":"larrete-de-fermeture-du-marche-du-soleil-juge-illegal","status":"publish","type":"post","link":"https:\/\/euapp01.newsmemory.com\/lamarseillaise\/news\/2026\/07\/07\/larrete-de-fermeture-du-marche-du-soleil-juge-illegal\/","title":{"rendered":"L\u2019arr\u00eat\u00e9 de fermeture du March\u00e9 du soleil jug\u00e9 ill\u00e9gal"},"content":{"rendered":"<div class=\"paragraph\">\n<p>Les juges ont relax\u00e9 George Dahan dans le volet sur la s\u00e9curit\u00e9 du march\u00e9. Le patron du March\u00e9 du soleil \u00e9tait jug\u00e9 pour des manquements \u00e0 la r\u00e9glementation ERP d\u2019octobre 2023 \u00e0 f\u00e9vrier\u00a02026, date de la fermeture effective pour 6\u00a0mois prise par arr\u00eat\u00e9 pr\u00e9fectoral.<\/p>\n<p>Le tribunal a jug\u00e9 que l\u2019arr\u00eat\u00e9 municipal de fermeture du 24\u00a0janvier 2023 \u00e9tait ill\u00e9gal, faute d\u2019avoir \u00e9t\u00e9 pr\u00e9c\u00e9d\u00e9 d\u2019une mise en demeure. M<sup>e<\/sup>\u00a0St\u00e9phane Ceccaldi a fait mouche en arguant que \u00ab\u00a0<i>ce vice substantiel fait dispara\u00eetre l\u2019infraction<\/i><i>\u00a0<\/i>\u00bb. Un arr\u00eat\u00e9 de fermeture ne peut \u00eatre pris qu\u2019\u00ab\u00a0<i>apr\u00e8s mise en demeure rest\u00e9e sans effet de l\u2019exploitant ou du propri\u00e9taire de se conformer aux am\u00e9nagements et travaux prescrits ou de fermer son \u00e9tablisse<\/i><i>ment dans le d\u00e9lai imparti<\/i><i>\u00a0<\/i>\u00bb.<\/p>\n<p>L\u2019arr\u00eat\u00e9 de janvier\u00a02023 \u00e9voquait certes un courrier de mise en demeure du 2\u00a0juillet 2019, mais qui se rapportait au premier arr\u00eat\u00e9 inappliqu\u00e9 du 10\u00a0juin 2008 pris \u00e0 la suite d\u2019un incendie&#8230; \u00ab\u00a0<i>Il existe en r\u00e9alit\u00e9 une seule mise en demeure au dossier, dat\u00e9e du 6<\/i><i>\u00a0<\/i><i>octobre 2023, donc post\u00e9rieurement \u00e0 l\u2019arr\u00eat\u00e9.<\/i><i>\u00a0<\/i>\u00bb<i> <\/i>Un camouflet qui interroge sur la tol\u00e9rance de la commission communale de s\u00e9curit\u00e9 avec 25 proc\u00e8s-verbaux d\u2019avis et de pr\u00e9conisations sign\u00e9s depuis 2010. \u00ab\u00a0<i>Comment la Ville pourrait-elle invoquer une urgence quand l\u2019arr\u00eat\u00e9 de fermeture initial avec prescriptions de travaux est du 20<\/i><i>\u00a0<\/i><i>juin 2008 !<\/i><i>\u00a0<\/i>\u00bb<i>, <\/i>plaidait M<sup>e<\/sup>\u00a0Ceccaldi. S\u2019agissant du 3<sup>e<\/sup> et dernier arr\u00eat\u00e9 municipal de fermeture du 28\u00a0novembre 2023, ses deux mises en demeure sont encore post\u00e9rieures.<\/p>\n<p>Sur le d\u00e9lit de mise en danger d\u00e9lib\u00e9r\u00e9e de la vie d\u2019autrui par violation manifestement d\u00e9lib\u00e9r\u00e9e d\u2019une obligation de prudence ou de s\u00e9curit\u00e9, le tribunal estime que, certes un certain nombre de d\u00e9sordres ont \u00e9t\u00e9 relev\u00e9s, mais qu\u2019il n\u2019est pas d\u00e9montr\u00e9 un \u00ab\u00a0risque de mort et de blessures imm\u00e9diat et direct\u00a0\u00bb. Si la Ville a attendu le 17\u00a0f\u00e9vrier 2026 pour d\u00e9gainer un arr\u00eat\u00e9 de mise en s\u00e9curit\u00e9 d\u2019urgence, il ne concerne qu\u2019une partie d\u2019un b\u00e2timent en fond de cour.<\/p>\n<\/p><\/div>\n","protected":false},"excerpt":{"rendered":"Les juges ont relax&eacute; George Dahan dans le volet sur la s&eacute;curit&eacute; du march&eacute;. Le patron du March&eacute; du soleil &eacute;tait jug&eacute; pour des manquements &agrave; la r&eacute;glementation ERP d&rsquo;octobre 2023 &#8230;","protected":false},"author":1,"featured_media":35506,"comment_status":"open","ping_status":"open","sticky":false,"template":"","format":"standard","meta":{"footnotes":""},"categories":[3926,3925,20],"tags":[101,10,2227,105,319,200,16,1232,111,1865,166,2080,1549],"news-destination":[3944],"news-source":[475],"is_homepage":[],"ta_other":[],"class_list":["post-35505","post","type-post","status-publish","format-standard","has-post-thumbnail","hentry","category-accueil-merge","category-accueil-third","category-societe","tag-batiment","tag-bouches-du-rhone","tag-courrier","tag-fermeture","tag-incendie","tag-justice","tag-marseille","tag-prudence","tag-securite","tag-tolerance","tag-travaux","tag-tribunal","tag-urgence","news-destination-homepage","news-source-website"],"_links":{"self":[{"href":"https:\/\/euapp01.newsmemory.com\/lamarseillaise\/news\/wp-json\/wp\/v2\/posts\/35505","targetHints":{"allow":["GET"]}}],"collection":[{"href":"https:\/\/euapp01.newsmemory.com\/lamarseillaise\/news\/wp-json\/wp\/v2\/posts"}],"about":[{"href":"https:\/\/euapp01.newsmemory.com\/lamarseillaise\/news\/wp-json\/wp\/v2\/types\/post"}],"author":[{"embeddable":true,"href":"https:\/\/euapp01.newsmemory.com\/lamarseillaise\/news\/wp-json\/wp\/v2\/users\/1"}],"replies":[{"embeddable":true,"href":"https:\/\/euapp01.newsmemory.com\/lamarseillaise\/news\/wp-json\/wp\/v2\/comments?post=35505"}],"version-history":[{"count":1,"href":"https:\/\/euapp01.newsmemory.com\/lamarseillaise\/news\/wp-json\/wp\/v2\/posts\/35505\/revisions"}],"predecessor-version":[{"id":35507,"href":"https:\/\/euapp01.newsmemory.com\/lamarseillaise\/news\/wp-json\/wp\/v2\/posts\/35505\/revisions\/35507"}],"wp:featuredmedia":[{"embeddable":true,"href":"https:\/\/euapp01.newsmemory.com\/lamarseillaise\/news\/wp-json\/wp\/v2\/media\/35506"}],"wp:attachment":[{"href":"https:\/\/euapp01.newsmemory.com\/lamarseillaise\/news\/wp-json\/wp\/v2\/media?parent=35505"}],"wp:term":[{"taxonomy":"category","embeddable":true,"href":"https:\/\/euapp01.newsmemory.com\/lamarseillaise\/news\/wp-json\/wp\/v2\/categories?post=35505"},{"taxonomy":"post_tag","embeddable":true,"href":"https:\/\/euapp01.newsmemory.com\/lamarseillaise\/news\/wp-json\/wp\/v2\/tags?post=35505"},{"taxonomy":"news-destination","embeddable":true,"href":"https:\/\/euapp01.newsmemory.com\/lamarseillaise\/news\/wp-json\/wp\/v2\/news-destination?post=35505"},{"taxonomy":"news-source","embeddable":true,"href":"https:\/\/euapp01.newsmemory.com\/lamarseillaise\/news\/wp-json\/wp\/v2\/news-source?post=35505"},{"taxonomy":"is_homepage","embeddable":true,"href":"https:\/\/euapp01.newsmemory.com\/lamarseillaise\/news\/wp-json\/wp\/v2\/is_homepage?post=35505"},{"taxonomy":"ta_other","embeddable":true,"href":"https:\/\/euapp01.newsmemory.com\/lamarseillaise\/news\/wp-json\/wp\/v2\/ta_other?post=35505"}],"curies":[{"name":"wp","href":"https:\/\/api.w.org\/{rel}","templated":true}]}}