{"id":35502,"date":"2026-07-07T07:25:00","date_gmt":"2026-07-07T05:25:00","guid":{"rendered":"https:\/\/euapp01.newsmemory.com\/lamarseillaise\/news\/?p=35502"},"modified":"2026-07-11T07:41:41","modified_gmt":"2026-07-11T05:41:41","slug":"aurore-berge-lance-son-plan-anti-haine-depuis-le-camp-des-milles","status":"publish","type":"post","link":"https:\/\/euapp01.newsmemory.com\/lamarseillaise\/news\/2026\/07\/07\/aurore-berge-lance-son-plan-anti-haine-depuis-le-camp-des-milles\/","title":{"rendered":"Aurore Berg\u00e9 lance son plan anti-haine depuis le Camp des Milles"},"content":{"rendered":"<div class=\"paragraph\">\n<p>C\u2019est au Camp des Milles qu\u2019Aurore Berg\u00e9 a choisi de d\u00e9cliner les grandes lignes de son nouveau plan national de lutte contre le racisme, l\u2019antis\u00e9mitisme et les discriminations li\u00e9es \u00e0 l\u2019origine (Prado). Une strat\u00e9gie interminist\u00e9rielle, visant \u00e0 renforcer les moyens de luttes contre toute forme de haine. La ministre est \u00e9galement venue au Camp des Milles signer une d\u00e9clinaison d\u00e9partementale de ce plan, auquel s\u2019ajoute la lutte contre les haines LGBT+, cosign\u00e9e par le pr\u00e9fet de r\u00e9gion, les procureurs de Marseille et d\u2019Aix en Provence, et le recteur d\u2019acad\u00e9mique. Le but, \u00ab<i>\u00a0<\/i><i>garantir que dans chaque d\u00e9partement, on ait une d\u00e9clinaison territoriale. Aujourd\u2019hui nous avons 54<\/i><i>\u00a0<\/i><i>plans territoriaux. Mon objectif, c\u2019est qu\u2019\u00e0 la fin du premier trimestre 2027, nous ayons dans tous les d\u00e9partements un plan d\u00e9partemental d\u2019action de lutte<\/i><i>\u00a0<\/i>\u00bb<i>,<\/i> pr\u00e9cisait Aurore Berg\u00e9, en amont de sa venue au Camp des Milles. Ce jour, la convention pluriannuelle d\u2019objectifs 2026-2028 entre l\u2019\u00c9tat et la Fondation du Camp des Milles a elle aussi \u00e9t\u00e9 renouvel\u00e9e. Pour en revenir au plan national de lutte contre les haines, celui-ci repose sur plusieurs piliers forts. <span class=\"mln_uppercase_mln\">\u00e0<\/span> commencer par celui de la scolarit\u00e9, de l\u2019\u00e9ducation et la jeunesse. \u00ab\u00a0<i>Pour moi, c\u2019\u00e9tait \u00e7a tout le symbole de le pr\u00e9senter hors de Paris, dans un lieu de m\u00e9moire et de compter cet enjeu majeur que sont la question de l\u2019\u00e9ducation et la transmission de cette m\u00e9moire,<\/i> contextualise la ministre. <i>Aujourd\u2019hui, on a 500<\/i><i>\u00a0<\/i><i>000<\/i><i>\u00a0<\/i><i>\u00e9l\u00e8ves chaque ann\u00e9e qui visitent des lieux de m\u00e9moire. L\u2019objectif, c\u2019est 800<\/i><i>\u00a0<\/i><i>000<\/i><i>\u00a0<\/i><i>\u00e9l\u00e8ves par an.<\/i><i>\u00a0<\/i>\u00bb<\/p>\n<\/p><\/div>\n<div class=\"intext\"> Construit \u00ab\u00a0patiemment\u00a0\u00bb\n              <\/div>\n<div class=\"paragraph\">\n<p>Second axe saisi par le plan Prado, la formation de \u00ab\u00a0<i>ceux qui enseignent \u00e0 nos enfants,<\/i> pr\u00e9cise la ministre. <i>L\u2019objectif est de former les 1<\/i><i>\u00a0<\/i><i>000<\/i><i>\u00a0<\/i><i>r\u00e9f\u00e9rents nationaux que nous avons sur les valeurs de la R\u00e9publique, aux enjeux contemporains du racisme, de l\u2019antis\u00e9mitisme, des discriminations, de former les 19<\/i><i>\u00a0<\/i><i>000<\/i><i>\u00a0<\/i><i>chefs d\u2019\u00e9tablissement que nous avons&#8230; On donne des objectifs tr\u00e8s pr\u00e9cis, tr\u00e8s chiffr\u00e9s.<\/i><i>\u00a0<\/i>\u00bb La question de l\u2019accompagnement des victimes a elle aussi \u00e9t\u00e9 retravaill\u00e9e, une \u00ab\u00a0<i>priorit\u00e9<\/i><i>\u00a0<\/i>\u00bb \u00e0 la fois inscrite dans le plan national, comme d\u00e9partemental. \u00ab\u00a0<i>97% des victimes de haine ne portent pas plainte,<\/i> illustre Aurore Berg\u00e9.<i> On a largement progress\u00e9 sur la question de la formation des policiers des gendarmes et des magistrats. Il faut aller encore plus loin, avec une convention cadre entre mon minist\u00e8re et l\u2019enjeu de la formation des policiers des gendarmes mais aussi des policiers municipaux, qui pour la premi\u00e8re fois sont inclus dans ce plan de formation.<\/i><i>\u00a0<\/i>\u00bb Y compris chez les inspecteurs au sein de la police et la gendarmerie nationale \u00ab<i>\u00a0<\/i><i>pour garantir cette exemplarit\u00e9 \u00e0 tous les \u00e9tages.<\/i><i>\u00a0<\/i>\u00bb<i> <\/i>Les alternatives de poursuites judiciaires, le d\u00e9veloppement des stages de citoyennet\u00e9 int\u00e8grent la liste des mesures inscrites au plan Prado. Face \u00e0 la mont\u00e9e des haines en ligne, Aurore Berg\u00e9 promet aussi<i> <\/i>\u00ab<i>\u00a0<\/i><i>de <\/i><i>simplifier les parcours de signalement de la haine en ligne.<\/i><i>\u00a0<\/i>\u00bb Pour la premi\u00e8re fois \u00ab\u00a0<i>j\u2019ai souhait\u00e9 aussi qu\u2019on ait un axe d\u00e9di\u00e9 sur la lutte contre les discriminations li\u00e9es \u00e0 l\u2019origine<\/i><i>\u00a0<\/i>\u00bb, avec, entre autres, un travail men\u00e9 aupr\u00e8s des entreprises et des acteurs de l\u2019immobilier. \u00ab\u00a0<i>Depuis janvier, nous avons travaill\u00e9 patiemment \u00e0 ce plan, en lien avec les associations et administrations du minist\u00e8re. \u00c7a n\u2019a pas \u00e9t\u00e9 fait dans l\u2019urgence. L\u00e0 o\u00f9 il y a urgence, c\u2019est sur l\u2019\u00e9tat des discriminations, sur le racisme, sur l\u2019antis\u00e9mitisme, avec des chiffres beaucoup trop \u00e9lev\u00e9s dans notre pays<\/i><i>\u00a0<\/i>\u00bb, estime Aurore Berg\u00e9, qui alerte sur le \u00ab\u00a0<i>rajeunissement<\/i><i>\u00a0<\/i>\u00bb<i>,<\/i> tant des victimes que des auteurs de crimes de haine. Dans ce sens, la ministre soutient d\u2019ailleurs les d\u00e9marches d\u2019inscription du Camp des Milles au patrimoine mondial de l\u2019Unesco.<i> <\/i>\u00ab\u00a0<i>Le risque est que progressivement la m\u00e9moire s\u2019efface. Aujourd\u2019hui, rien que dans notre pays, on a un jeune sur 20 qui consid\u00e8re que la Shoah est une invention ou un mensonge<\/i><i>\u00a0<\/i>\u00bb, alerte Aurore Berg\u00e9.<\/p>\n<p>Eva Bonnet-Gonnet<\/p>\n<\/p><\/div>\n","protected":false},"excerpt":{"rendered":"C&rsquo;est au Camp des Milles qu&rsquo;Aurore Berg&eacute; a choisi de d&eacute;cliner les grandes lignes de son nouveau plan national de lutte contre le racisme, l&rsquo;antis&eacute;mitisme et les discriminations li&eacute;es &agrave; &#8230;","protected":false},"author":1,"featured_media":35503,"comment_status":"open","ping_status":"open","sticky":false,"template":"","format":"standard","meta":{"footnotes":""},"categories":[3926,3925,330],"tags":[556,2144,5612,10,2095,857],"news-destination":[3944],"news-source":[475],"is_homepage":[],"ta_other":[],"class_list":["post-35502","post","type-post","status-publish","format-standard","has-post-thumbnail","hentry","category-accueil-merge","category-accueil-third","category-politique","tag-aix-en-provence","tag-antisemitisme","tag-aurore-berge","tag-bouches-du-rhone","tag-camp-des-milles","tag-racisme","news-destination-homepage","news-source-website"],"_links":{"self":[{"href":"https:\/\/euapp01.newsmemory.com\/lamarseillaise\/news\/wp-json\/wp\/v2\/posts\/35502","targetHints":{"allow":["GET"]}}],"collection":[{"href":"https:\/\/euapp01.newsmemory.com\/lamarseillaise\/news\/wp-json\/wp\/v2\/posts"}],"about":[{"href":"https:\/\/euapp01.newsmemory.com\/lamarseillaise\/news\/wp-json\/wp\/v2\/types\/post"}],"author":[{"embeddable":true,"href":"https:\/\/euapp01.newsmemory.com\/lamarseillaise\/news\/wp-json\/wp\/v2\/users\/1"}],"replies":[{"embeddable":true,"href":"https:\/\/euapp01.newsmemory.com\/lamarseillaise\/news\/wp-json\/wp\/v2\/comments?post=35502"}],"version-history":[{"count":1,"href":"https:\/\/euapp01.newsmemory.com\/lamarseillaise\/news\/wp-json\/wp\/v2\/posts\/35502\/revisions"}],"predecessor-version":[{"id":35504,"href":"https:\/\/euapp01.newsmemory.com\/lamarseillaise\/news\/wp-json\/wp\/v2\/posts\/35502\/revisions\/35504"}],"wp:featuredmedia":[{"embeddable":true,"href":"https:\/\/euapp01.newsmemory.com\/lamarseillaise\/news\/wp-json\/wp\/v2\/media\/35503"}],"wp:attachment":[{"href":"https:\/\/euapp01.newsmemory.com\/lamarseillaise\/news\/wp-json\/wp\/v2\/media?parent=35502"}],"wp:term":[{"taxonomy":"category","embeddable":true,"href":"https:\/\/euapp01.newsmemory.com\/lamarseillaise\/news\/wp-json\/wp\/v2\/categories?post=35502"},{"taxonomy":"post_tag","embeddable":true,"href":"https:\/\/euapp01.newsmemory.com\/lamarseillaise\/news\/wp-json\/wp\/v2\/tags?post=35502"},{"taxonomy":"news-destination","embeddable":true,"href":"https:\/\/euapp01.newsmemory.com\/lamarseillaise\/news\/wp-json\/wp\/v2\/news-destination?post=35502"},{"taxonomy":"news-source","embeddable":true,"href":"https:\/\/euapp01.newsmemory.com\/lamarseillaise\/news\/wp-json\/wp\/v2\/news-source?post=35502"},{"taxonomy":"is_homepage","embeddable":true,"href":"https:\/\/euapp01.newsmemory.com\/lamarseillaise\/news\/wp-json\/wp\/v2\/is_homepage?post=35502"},{"taxonomy":"ta_other","embeddable":true,"href":"https:\/\/euapp01.newsmemory.com\/lamarseillaise\/news\/wp-json\/wp\/v2\/ta_other?post=35502"}],"curies":[{"name":"wp","href":"https:\/\/api.w.org\/{rel}","templated":true}]}}