{"id":35499,"date":"2026-07-07T07:33:00","date_gmt":"2026-07-07T05:33:00","guid":{"rendered":"https:\/\/euapp01.newsmemory.com\/lamarseillaise\/news\/?p=35499"},"modified":"2026-07-11T07:41:41","modified_gmt":"2026-07-11T05:41:41","slug":"les-copains-du-monde-reinventent-lecole-pendant-une-matinee","status":"publish","type":"post","link":"https:\/\/euapp01.newsmemory.com\/lamarseillaise\/news\/2026\/07\/07\/les-copains-du-monde-reinventent-lecole-pendant-une-matinee\/","title":{"rendered":"Les Copains du monde r\u00e9inventent l\u2019\u00e9cole pendant une matin\u00e9e"},"content":{"rendered":"<div class=\"paragraph\">\n<p>\u00ab <i>D<\/i><i>ans l\u2019\u00e9cole id\u00e9ale, tout le monde est \u00e9gal, c\u2019est l\u2019\u00e9cole qui s\u2019adapte aux enfants et \u00e0 leurs difficult\u00e9s<\/i>\u00a0\u00bb, imagine Mamadou, 16\u00a0ans, qui a particip\u00e9 \u00e0 la onzi\u00e8me \u00e9dition de l\u2019universit\u00e9 d\u2019\u00e9t\u00e9 du Secours populaire ce lundi 6\u00a0juin dans le 14<sup>e<\/sup>\u00a0arrondissement de Marseille. Cette ann\u00e9e, le sujet de r\u00e9flexion principal \u00e9tait l\u2019\u00e9cole, \u00ab\u00a0<i>ECOL\u2019LECTIF<\/i><i>\u00a0<\/i><i>: pour que la solidarit\u00e9 devienne une valeur indestructible de l\u2019\u00eatre<\/i>\u00a0\u00bb. M\u00eame si les d\u00e9l\u00e9gations libanaise et \u00e9tats-unienne n\u2019arriveront que ce mardi, les Copains du monde marseillais ont pu \u00e9changer avec des enfants venus du Maroc et de l\u2019\u00eele de la R\u00e9union et partager leur vision d\u2019une \u00e9cole id\u00e9ale.<\/p>\n<p>Chaque jeune avait d\u00e9velopp\u00e9 durant des ateliers d\u2019\u00e9criture encadr\u00e9s par le Secours populaire et les associations marocaine et r\u00e9unionnaise pr\u00e9sentes (IFLAN et K-pab6T) une id\u00e9e pr\u00e9cise de l\u2019\u00e9cole parfaite, qu\u2019ils ont restitu\u00e9e sous forme de textes ou de sayn\u00e8tes de th\u00e9\u00e2tre. \u00ab\u00a0<i>Les adultes aident les enfants \u00e0 s\u2019exprimer sans d\u00e9naturer leurs propos et leurs pens\u00e9es<\/i><i>\u00a0<\/i><i>\u00bb<\/i> explique L\u00e9na, charg\u00e9e de projet pour Copains du monde au sein du Secours populaire.<\/p>\n<p>\u00ab\u00a0<i>Je pense que l\u2019\u00e9cole ne devrait pas seulement transmettre des savoirs, mais aussi apprendre \u00e0 vivre ensemble. Il faudrait mettre en place davantage de projets solidaires \u00e0 l\u2019\u00e9cole<\/i><i>\u00a0<\/i><i>\u00bb,<\/i> affirme la Marseillaise Rifae. Dans l\u2019id\u00e9al de Khadija, marocaine de 14\u00a0ans, \u00ab\u00a0<i>l\u2019\u00e9cole c\u2019est ma seconde maison, mes camarades sont devenus des fr\u00e8res<\/i><i>\u00a0<\/i><i>\u00bb<\/i>. La d\u00e9l\u00e9gation marocaine monte sur sc\u00e8ne pour une sayn\u00e8te. Khadija joue la ma\u00eetresse devant Mohamed et Ziad, assis sur des chaises et repr\u00e9sentant les \u00e9l\u00e8ves. Dans un dialogue de quelques minutes, ils racontent une \u00e9cole sanctuaire de la solidarit\u00e9.<\/p>\n<p>Cependant, les textes pr\u00e9sent\u00e9s ont surtout permis de prendre conscience du d\u00e9calage entre cet id\u00e9al et la r\u00e9alit\u00e9 de l\u2019\u00e9cole \u00e0 laquelle ces jeunes sont confront\u00e9s. \u00ab\u00a0<i>Aujourd\u2019hui, c\u2019est les enfants qui doivent s\u2019adapter, il y a de la comp\u00e9tition et ils ne prennent pas en compte les difficult\u00e9s des \u00e9l\u00e8ves<\/i><i>\u00a0<\/i><i>\u00bb <\/i>estime Mamadou. Il d\u00e9plore un manque d\u2019initiative de la part du syst\u00e8me \u00e9ducatif, notamment face au harc\u00e8lement et \u00e0 l\u2019isolement de certains jeunes, \u00ab\u00a0<i>moi je me suis fait harceler plus jeune, g\u00e9n\u00e9ralement il n\u2019y a pas vraiment d\u2019action qui est mise en place<\/i>\u00a0\u00bb, poursuit le jeune homme.<\/p>\n<\/p><\/div>\n<div class=\"intext\"> D\u00e9crochage\n              <\/div>\n<div class=\"paragraph\">\n<p>Arbabi, 15\u00a0ans, vient de la R\u00e9union. Lui aussi alerte sur les cons\u00e9quences de l\u2019isolement et du d\u00e9crochage\u00a0: \u00ab\u00a0<i>les personnes en difficult\u00e9 baissent les bras et les profs n\u2019essaient m\u00eame pas de les relancer. Quand ils d\u00e9crochent ils finissent dans des histoires de vente de drogues, de meurtres, ou de braquages. C\u2019est ce que je vois tous les jours dans mon quartier<\/i><i>\u00a0<\/i><i>\u00bb<\/i>. Arbabi insiste sur le r\u00f4le f\u00e9d\u00e9rateur et inclusif que doit jouer l\u2019\u00e9cole pour tous les jeunes\u00a0: \u00ab\u00a0<i>chez nous, quand un \u00e9l\u00e8ve est en d\u00e9crochage, il est critiqu\u00e9, il perd confiance en lui. Il se sent plus accept\u00e9 dans la rue qu\u2019\u00e0 l\u2019\u00e9cole, alors il arr\u00eate l\u2019\u00e9cole<\/i><i>\u00a0<\/i><i>\u00bb, <\/i>d\u00e9taille-t-il. Khadija, 14\u00a0ans, regrette un lien de confiance alt\u00e9r\u00e9 entre les enfants et les professeurs, \u00ab\u00a0<i>ils vont beaucoup se disputer, \u00e7a peut \u00eatre tr\u00e8s conflictuel<\/i><i>\u00a0<\/i><i>\u00bb<\/i>.<\/p>\n<p>Dans l\u2019assembl\u00e9e r\u00e9unie pour cette matin\u00e9e de d\u00e9bat, les t\u00e9moignages des enfants font r\u00e9agir. \u00ab\u00a0<i>Je suis plut\u00f4t triste apr\u00e8s tous ces textes, \u00e7a me fait mal au c\u0153ur<\/i><i>\u00a0<\/i>\u00bb<i>,<\/i> l\u00e2che Danielle, b\u00e9n\u00e9vole au Secours populaire. Elle ajoute\u00a0: \u00ab\u00a0<i>les accompagner, les aider \u00e0 grandir, c\u2019est un peu ce que devrait faire l\u2019\u00c9ducation Nationale<\/i><i>\u00a0<\/i><i>\u00bb<\/i>.<\/p>\n<p>Ga\u00eblle Salado, organisatrice des universit\u00e9s d\u2019\u00e9t\u00e9 r\u00e9pond qu\u2019\u00e0 la suite des ateliers d\u2019\u00e9criture, une lettre \u00e0 destination du ministre de l\u2019\u00c9ducation a \u00e9t\u00e9 r\u00e9dig\u00e9e et envoy\u00e9e par les enfants. \u00ab\u00a0<i>Une bouteille \u00e0 la mer<\/i><i>\u00a0<\/i>\u00bb ironise Philippe, autre b\u00e9n\u00e9vole, qui n\u2019est pas \u00e9tonn\u00e9 que la lettre n\u2019ait re\u00e7u aucune r\u00e9ponse.<\/p>\n<p>Les enfants Copains du monde interpr\u00e9teront leurs textes au th\u00e9\u00e2tre de la Rotonde pour le festival d\u2019Avignon ce mercredi.<\/p>\n<\/p><\/div>\n<div class=\"paragraph\">\n<p><b>T\u00c9MOIGNAGES<\/b><\/p>\n<p><b>Ziad, 13 ans, membre de la d\u00e9l\u00e9gation marocaine accompagn\u00e9 par l\u2019association IFLAN.<\/b><\/p>\n<\/p><\/div>\n<div class=\"paragraph\">\n<p>\u00ab L\u2019\u00e9cole ne doit pas seulement \u00eatre un endroit pour apprendre \u00e0 lire et \u00e0 \u00e9crire mais un endroit pour s\u2019\u00e9panouir. C\u2019est un endroit pour se construire, un endroit pour construire des relations et des valeurs \u00bb.<\/p>\n<p><b>Dounia, 15 ans, Marseillaise et membre des Copains du monde depuis 3 ans.<\/b><\/p>\n<\/p><\/div>\n<div class=\"paragraph\">\n<p>\u00ab C\u2019est la troisi\u00e8me ann\u00e9e o\u00f9 je participe aux ateliers d\u2019\u00e9criture et \u00e0 l\u2019universit\u00e9 d\u2019\u00e9t\u00e9 du Secours populaire. C\u2019est des ateliers o\u00f9 tu es libre de t\u2019exprimer, c\u2019est important d\u2019avoir ce temps et cet espace tous les mercredis pour faire \u00e7a \u00bb.<\/p>\n<p><b>Daris, 13 ans, Marseillais et membre du mouvement Copains du monde depuis 3 ans.<\/b><\/p>\n<p>\u00ab Les divisions dans le monde et dans la soci\u00e9t\u00e9 alimentent les discriminations et l\u2019isolement au sein de l\u2019\u00e9cole. Ce n\u2019est pas souvent d\u00e9fini comme du harc\u00e8lement, il y a des enfants isol\u00e9s mais ce n\u2019est pas point\u00e9 du doigt et nomm\u00e9 comme du harc\u00e8lement. C\u2019est pas juste \u00bb.<\/p>\n<\/p><\/div>\n<div class=\"paragraph\">\n<p>Recueillis par S.M.<\/p>\n<\/p><\/div>\n","protected":false},"excerpt":{"rendered":"&laquo; Dans l&rsquo;&eacute;cole id&eacute;ale, tout le monde est &eacute;gal, c&rsquo;est l&rsquo;&eacute;cole qui s&rsquo;adapte aux enfants et &agrave; leurs difficult&eacute;s&nbsp;&raquo;, imagine Mamadou, 16&nbsp;ans, qui a particip&eacute; &#8230;","protected":false},"author":1,"featured_media":35500,"comment_status":"open","ping_status":"open","sticky":false,"template":"","format":"standard","meta":{"footnotes":""},"categories":[3926,3925,20],"tags":[10,6038,803,57,16,912],"news-destination":[3944],"news-source":[475],"is_homepage":[],"ta_other":[],"class_list":["post-35499","post","type-post","status-publish","format-standard","has-post-thumbnail","hentry","category-accueil-merge","category-accueil-third","category-societe","tag-bouches-du-rhone","tag-copain-du-monde","tag-ecole","tag-enfants","tag-marseille","tag-secours-populaire","news-destination-homepage","news-source-website"],"_links":{"self":[{"href":"https:\/\/euapp01.newsmemory.com\/lamarseillaise\/news\/wp-json\/wp\/v2\/posts\/35499","targetHints":{"allow":["GET"]}}],"collection":[{"href":"https:\/\/euapp01.newsmemory.com\/lamarseillaise\/news\/wp-json\/wp\/v2\/posts"}],"about":[{"href":"https:\/\/euapp01.newsmemory.com\/lamarseillaise\/news\/wp-json\/wp\/v2\/types\/post"}],"author":[{"embeddable":true,"href":"https:\/\/euapp01.newsmemory.com\/lamarseillaise\/news\/wp-json\/wp\/v2\/users\/1"}],"replies":[{"embeddable":true,"href":"https:\/\/euapp01.newsmemory.com\/lamarseillaise\/news\/wp-json\/wp\/v2\/comments?post=35499"}],"version-history":[{"count":1,"href":"https:\/\/euapp01.newsmemory.com\/lamarseillaise\/news\/wp-json\/wp\/v2\/posts\/35499\/revisions"}],"predecessor-version":[{"id":35501,"href":"https:\/\/euapp01.newsmemory.com\/lamarseillaise\/news\/wp-json\/wp\/v2\/posts\/35499\/revisions\/35501"}],"wp:featuredmedia":[{"embeddable":true,"href":"https:\/\/euapp01.newsmemory.com\/lamarseillaise\/news\/wp-json\/wp\/v2\/media\/35500"}],"wp:attachment":[{"href":"https:\/\/euapp01.newsmemory.com\/lamarseillaise\/news\/wp-json\/wp\/v2\/media?parent=35499"}],"wp:term":[{"taxonomy":"category","embeddable":true,"href":"https:\/\/euapp01.newsmemory.com\/lamarseillaise\/news\/wp-json\/wp\/v2\/categories?post=35499"},{"taxonomy":"post_tag","embeddable":true,"href":"https:\/\/euapp01.newsmemory.com\/lamarseillaise\/news\/wp-json\/wp\/v2\/tags?post=35499"},{"taxonomy":"news-destination","embeddable":true,"href":"https:\/\/euapp01.newsmemory.com\/lamarseillaise\/news\/wp-json\/wp\/v2\/news-destination?post=35499"},{"taxonomy":"news-source","embeddable":true,"href":"https:\/\/euapp01.newsmemory.com\/lamarseillaise\/news\/wp-json\/wp\/v2\/news-source?post=35499"},{"taxonomy":"is_homepage","embeddable":true,"href":"https:\/\/euapp01.newsmemory.com\/lamarseillaise\/news\/wp-json\/wp\/v2\/is_homepage?post=35499"},{"taxonomy":"ta_other","embeddable":true,"href":"https:\/\/euapp01.newsmemory.com\/lamarseillaise\/news\/wp-json\/wp\/v2\/ta_other?post=35499"}],"curies":[{"name":"wp","href":"https:\/\/api.w.org\/{rel}","templated":true}]}}