{"id":35496,"date":"2026-07-07T07:49:00","date_gmt":"2026-07-07T05:49:00","guid":{"rendered":"https:\/\/euapp01.newsmemory.com\/lamarseillaise\/news\/?p=35496"},"modified":"2026-07-11T07:55:40","modified_gmt":"2026-07-11T05:55:40","slug":"un-vaste-programme-social-de-1-000-logements-a-marseille-dici-2050","status":"publish","type":"post","link":"https:\/\/euapp01.newsmemory.com\/lamarseillaise\/news\/2026\/07\/07\/un-vaste-programme-social-de-1-000-logements-a-marseille-dici-2050\/","title":{"rendered":"Un vaste programme social de 1&nbsp;000 logements \u00e0 Marseille d\u2019ici 2050"},"content":{"rendered":"<div class=\"paragraph\">\n<p>\u00ab<i> U<\/i><i>n projet construit en dialogue permanent avec les habitants<\/i><i>\u00a0<\/i><i>\u00bb, <\/i>affirme Fairouz El Hayti, directrice territoriale d\u2019ICF Habitat lors de l\u2019inauguration de la r\u00e9sidence \u00ab\u00a0<i>Les Jardins de Cazaulx<\/i>\u00a0\u00bb<i> <\/i>ce mardi 30\u00a0juin. La construction de ces 88\u00a0logements marque la premi\u00e8re des 7\u00a0phases d\u2019un projet plus vaste de renouvellement patrimonial des plus de 1\u00a0000\u00a0logements sociaux de la Grande Bastide Cazaulx dans le 12<sup>e<\/sup>\u00a0arrondissement de Marseille \u00e0 l\u2019horizon 2050. Chaque phase respecte la m\u00eame logique\u00a0: de nouveaux logements sont construits afin de loger des habitants d\u2019anciens appartements pour pouvoir les lib\u00e9rer, les d\u00e9truire et reconstruire.<\/p>\n<p>Afin d\u2019am\u00e9liorer la qualit\u00e9 du logement et de r\u00e9duire les co\u00fbts \u00e9nerg\u00e9tiques pour les habitants, la directrice se f\u00e9licite d\u2019une op\u00e9ration \u00ab\u00a0<i>exemplaire sur le plan environnemental<\/i><i>\u00a0<\/i><i>\u00bb<\/i>. En effet, en plein \u00e9pisode caniculaire, la r\u00e9ponse aux enjeux du changement climatique \u00e9tait au centre de la pr\u00e9sentation. Pour Audrey Garino, adjointe (PCF) au maire de Marseille d\u00e9l\u00e9gu\u00e9e au logement, ce projet est \u00e0 la fois \u00ab\u00a0<i>adapt\u00e9 aux besoins des habitants<\/i><i>\u00a0<\/i><i>\u00bb<\/i> mais aussi \u00ab\u00a0<i>aux enjeux de demain<\/i><i>\u00a0<\/i><i>\u00bb<\/i>.<\/p>\n<p>Ces habitants sont au c\u0153ur de la conception du projet comme le rappelle Andr\u00e9 Cargnino, membre du comit\u00e9 r\u00e9gional Action Logement qui a financ\u00e9 \u00e0 hauteur de plus d\u20191,6\u00a0million d\u2019euros l\u2019op\u00e9ration et pour qui la priorit\u00e9 reste d\u2019\u00ab\u00a0<i>accueillir, h\u00e9berger et loger les salari\u00e9s<\/i><i>\u00a0<\/i><i>\u00bb<\/i>. Le maire de secteur d\u2019extr\u00eame droite, Olivier Rioult, se contente lui de commentaires sur l\u2019esth\u00e9tique des constructions&#8230;<\/p>\n<\/p><\/div>\n<div class=\"intext\"> Un enthousiasme partag\u00e9 par les habitants\n              <\/div>\n<div class=\"paragraph\">\n<p>\u00ab\u00a0<i>C\u2019est beaucoup mieux qu\u2019avant<\/i><i>\u00a0<\/i><i>\u00bb,<\/i> savoure Mohamed, habitant de la r\u00e9sidence, qui note l\u2019am\u00e9lioration du confort et des am\u00e9nagements. Chaque appartement dispose maintenant d\u2019un espace ext\u00e9rieur (terrasse ou jardin) et une majeure partie des unit\u00e9s sont \u00e9quip\u00e9es d\u2019ascenseurs afin de garantir l\u2019accessibilit\u00e9 de la r\u00e9sidence. Des efforts d\u2019adaptation salu\u00e9s par Patrick, r\u00e9sident en fauteuil roulant qui se r\u00e9jouit de pouvoir se \u00ab\u00a0<i>d\u00e9placer beaucoup plus facilement<\/i><i>\u00a0<\/i><i>\u00bb<\/i>. Pourtant, ce dernier \u00e9met une r\u00e9serve\u00a0: selon lui certains b\u00e2timents de la r\u00e9sidence ne sont pas accessibles aux ambulances, camions de pompiers ou de police.<\/p>\n<p>Finalement, alors que tous les logements sont d\u00e9j\u00e0 occup\u00e9s, la pr\u00e9f\u00e8te Isabelle Epaillard, met en garde sur la situation du logement social, \u00ab\u00a0<i>il n\u2019y en a pas assez<\/i><i>\u00a0<\/i><i>!<\/i><i>\u00a0<\/i><i>\u00bb<\/i>. Elle f\u00e9licite n\u00e9anmoins le d\u00e9partement qui a d\u00e9pass\u00e9 les objectifs de reconstitution de l\u2019offre de logement l\u2019ann\u00e9e pass\u00e9e et voit ce projet comme la continuit\u00e9 de cette dynamique.<\/p>\n<\/p><\/div>\n","protected":false},"excerpt":{"rendered":"&laquo; Un projet construit en dialogue permanent avec les habitants&nbsp;&raquo;, affirme Fairouz El Hayti, directrice territoriale d&rsquo;ICF Habitat lors de l&rsquo;inauguration de la r&eacute;sidence &laquo;&nbsp;Les Jardins de &#8230;","protected":false},"author":1,"featured_media":35497,"comment_status":"open","ping_status":"open","sticky":false,"template":"","format":"standard","meta":{"footnotes":""},"categories":[3926,3925,20],"tags":[855,10,207,776,1022,26,106,2323,2721,1817,596,52,16,99],"news-destination":[3944],"news-source":[475],"is_homepage":[],"ta_other":[],"class_list":["post-35496","post","type-post","status-publish","format-standard","has-post-thumbnail","hentry","category-accueil-merge","category-accueil-third","category-societe","tag-audrey-garino","tag-bouches-du-rhone","tag-changement-climatique","tag-construction","tag-energie","tag-environnement","tag-habitants","tag-habitat","tag-hebergement","tag-isabelle-epaillard","tag-logement","tag-logement-social","tag-marseille","tag-ville-de-marseille","news-destination-homepage","news-source-website"],"_links":{"self":[{"href":"https:\/\/euapp01.newsmemory.com\/lamarseillaise\/news\/wp-json\/wp\/v2\/posts\/35496","targetHints":{"allow":["GET"]}}],"collection":[{"href":"https:\/\/euapp01.newsmemory.com\/lamarseillaise\/news\/wp-json\/wp\/v2\/posts"}],"about":[{"href":"https:\/\/euapp01.newsmemory.com\/lamarseillaise\/news\/wp-json\/wp\/v2\/types\/post"}],"author":[{"embeddable":true,"href":"https:\/\/euapp01.newsmemory.com\/lamarseillaise\/news\/wp-json\/wp\/v2\/users\/1"}],"replies":[{"embeddable":true,"href":"https:\/\/euapp01.newsmemory.com\/lamarseillaise\/news\/wp-json\/wp\/v2\/comments?post=35496"}],"version-history":[{"count":1,"href":"https:\/\/euapp01.newsmemory.com\/lamarseillaise\/news\/wp-json\/wp\/v2\/posts\/35496\/revisions"}],"predecessor-version":[{"id":35498,"href":"https:\/\/euapp01.newsmemory.com\/lamarseillaise\/news\/wp-json\/wp\/v2\/posts\/35496\/revisions\/35498"}],"wp:featuredmedia":[{"embeddable":true,"href":"https:\/\/euapp01.newsmemory.com\/lamarseillaise\/news\/wp-json\/wp\/v2\/media\/35497"}],"wp:attachment":[{"href":"https:\/\/euapp01.newsmemory.com\/lamarseillaise\/news\/wp-json\/wp\/v2\/media?parent=35496"}],"wp:term":[{"taxonomy":"category","embeddable":true,"href":"https:\/\/euapp01.newsmemory.com\/lamarseillaise\/news\/wp-json\/wp\/v2\/categories?post=35496"},{"taxonomy":"post_tag","embeddable":true,"href":"https:\/\/euapp01.newsmemory.com\/lamarseillaise\/news\/wp-json\/wp\/v2\/tags?post=35496"},{"taxonomy":"news-destination","embeddable":true,"href":"https:\/\/euapp01.newsmemory.com\/lamarseillaise\/news\/wp-json\/wp\/v2\/news-destination?post=35496"},{"taxonomy":"news-source","embeddable":true,"href":"https:\/\/euapp01.newsmemory.com\/lamarseillaise\/news\/wp-json\/wp\/v2\/news-source?post=35496"},{"taxonomy":"is_homepage","embeddable":true,"href":"https:\/\/euapp01.newsmemory.com\/lamarseillaise\/news\/wp-json\/wp\/v2\/is_homepage?post=35496"},{"taxonomy":"ta_other","embeddable":true,"href":"https:\/\/euapp01.newsmemory.com\/lamarseillaise\/news\/wp-json\/wp\/v2\/ta_other?post=35496"}],"curies":[{"name":"wp","href":"https:\/\/api.w.org\/{rel}","templated":true}]}}