{"id":35494,"date":"2026-07-07T06:45:00","date_gmt":"2026-07-07T04:45:00","guid":{"rendered":"https:\/\/euapp01.newsmemory.com\/lamarseillaise\/news\/?p=35494"},"modified":"2026-07-11T07:28:12","modified_gmt":"2026-07-11T05:28:12","slug":"les-salaries-dharibo-ne-veulent-pas-des-miettes-20260707-0604-340705","status":"publish","type":"post","link":"https:\/\/euapp01.newsmemory.com\/lamarseillaise\/news\/2026\/07\/07\/les-salaries-dharibo-ne-veulent-pas-des-miettes-20260707-0604-340705\/","title":{"rendered":"Les salari\u00e9s d\u2019Haribo ne veulent pas \u00ab&nbsp;des miettes&nbsp;\u00bb"},"content":{"rendered":"<div class=\"paragraph\">\n<p>Il est 10\u00a0heures pass\u00e9es au pied de la tour La Marseillaise. Devant l\u2019entr\u00e9e, des drapeaux rouges flottent dans les airs, des sifflets r\u00e9sonnent et au m\u00e9gaphone\u00a0: \u00ab\u00a0<i>on l\u00e2che rien<\/i>\u00a0\u00bb, crie Thierry Cambola, d\u00e9l\u00e9gu\u00e9 syndical central FO d\u2019Haribo. \u00ab\u00a0<i>La soci\u00e9t\u00e9 est plus que fructifiante, on a jamais eu des NAO aussi basses que \u00e7a. La nouvelle direction n\u2019\u00e9coute pas, elle reste ferm\u00e9e \u00e0 toutes les propositions des syndicats<\/i><i>\u00a0<\/i>\u00bb, d\u00e9plore-t-il, dossard sur le dos, \u00ab\u00a0<i>j\u2019ai <\/i><i>presque 40<\/i><i>\u00a0<\/i><i>ans de bo\u00eete, on a toujours discut\u00e9 et am\u00e9lior\u00e9 le quotidien des salari\u00e9s, on est l\u00e0 pour \u00e7a<\/i><i>\u00a0<\/i><i>!<\/i><i>\u00a0<\/i>\u00bb<\/p>\n<p>Les salari\u00e9s marseillais du num\u00e9ro un mondial du bonbon poursuivent leur mouvement de gr\u00e8ve, \u00e0 raison de deux heures de d\u00e9brayage par jour depuis plus d\u2019une semaine. Les \u00e9lus ont pris la d\u00e9cision de boycotter le CSE pr\u00e9vu dans la journ\u00e9e. \u00ab\u00a0<i>Avec le b\u00e9n\u00e9fice qu\u2019ils se font, proposer 0,9% d\u2019augmentation g\u00e9n\u00e9rale c\u2019est ind\u00e9cent avec le travail qu\u2019on fournit, il n\u2019y a pas de r\u00e9tribution, ils ne veulent pas sortir de l\u2019enveloppe<\/i><i>\u00a0<\/i>\u00bb, fulmine Sofia Calabria, \u00e9lue CGT, \u00ab\u00a0<i>on attend de vraies n\u00e9gociations, depuis deux ans ce ne sont que des d\u00e9cisions unilat\u00e9rales, l\u00e0 on dit stop<\/i><i>\u00a0<\/i>\u00bb, tranche-t-elle.<\/p>\n<\/p><\/div>\n<div class=\"intext\"> \u00ab\u00a0Ouvert au dialogue\u00a0\u00bb\n              <\/div>\n<div class=\"paragraph\">\n<p>Selon les manifestants, les directeurs g\u00e9n\u00e9raux de Haribo France se seraient rendus dans l\u2019usine boulevard Capitaine G\u00e8ze (14<sup>e<\/sup>) quelques heures avant le rassemblement pr\u00e9vu quai d\u2019Arenc\u00a0(2<sup>e<\/sup>). \u00ab\u00a0<i>Ils nous \u00e9vitent, tant pis<\/i><i>\u00a0<\/i>\u00bb, souffle Marc Mansano, \u00ab\u00a0<i>on est au point mort au niveau des n\u00e9gociations, il n\u2019y a pas d\u2019avanc\u00e9es depuis la semaine derni\u00e8re mais on reste ouvert \u00e0 la discussion<\/i><i>\u00a0<\/i>\u00bb, insiste le d\u00e9l\u00e9gu\u00e9 syndical CGT.<\/p>\n<p>Un seul employ\u00e9 des bureaux situ\u00e9s au 17<sup>e<\/sup> \u00e9tage de l\u2019immeuble de Jean Nouvel est descendu soutenir ses coll\u00e8gues\u00a0: \u00ab\u00a0<i>un effort de la direction serait bienvenu, nous avons une croissance exponentielle, les salari\u00e9s m\u00e9ritent une r\u00e9compense \u00e0 la hauteur<\/i><i>\u00a0<\/i>\u00bb, ass\u00e8ne-t-il, sous couvert d\u2019anonymat. \u00ab\u00a0<i>Tout le monde s\u2019inqui\u00e8te pour le futur. On a tous des maisons, des voitures, des enfants \u00e0 assumer. Tout augmente, que ce soit l\u2019alimentaire, l\u2019essence, qu\u2019on demande 100<\/i><i>\u00a0<\/i><i>euros et qu\u2019on nous les refuse&#8230;<\/i><i>\u00a0<\/i>\u00bb, soupire G\u00e9raldine Sirounian, qui travaille \u00e0 la production. \u00c0 ces inqui\u00e9tudes s\u2019ajoutent celles entourant la future usine d\u2019Uz\u00e8s, \u00ab\u00a0<i>on n\u2019a aucune visibilit\u00e9. On a tous des clauses de mobilit\u00e9 dans nos contrats<\/i><i>\u00a0<\/i>\u00bb, signale Marc Mansano. Thierry Cambola, lui, redoute \u00ab\u00a0<i>une casse sociale<\/i><i>\u00a0<\/i>\u00bb. Mais une bataille apr\u00e8s l\u2019autre, les NAO restent prioritaires \u00ab\u00a0<i>la gr\u00e8ve est illimit\u00e9e parce qu\u2019on ira jusqu\u2019au bout. On ne veut pas des miettes<\/i><i>\u00a0<\/i><i>!<\/i><i>\u00a0<\/i>\u00bb, pr\u00e9vient-il.<\/p>\n<\/p><\/div>\n","protected":false},"excerpt":{"rendered":"Il est 10&nbsp;heures pass&eacute;es au pied de la tour La Marseillaise. Devant l&rsquo;entr&eacute;e, des drapeaux rouges flottent dans les airs, des sifflets r&eacute;sonnent et au m&eacute;gaphone&nbsp;: &laquo;&nbsp;on l&acirc;che &#8230;","protected":false},"author":1,"featured_media":35484,"comment_status":"open","ping_status":"open","sticky":false,"template":"","format":"standard","meta":{"footnotes":""},"categories":[3926,3925,331],"tags":[10,113,1887,1017,876,16,3519,1472,613,1025],"news-destination":[3944],"news-source":[475],"is_homepage":[],"ta_other":[],"class_list":["post-35494","post","type-post","status-publish","format-standard","has-post-thumbnail","hentry","category-accueil-merge","category-accueil-third","category-social","tag-bouches-du-rhone","tag-cgt","tag-cse","tag-fo","tag-greve","tag-marseille","tag-nao","tag-negociations","tag-rassemblement","tag-salaires","news-destination-homepage","news-source-website"],"_links":{"self":[{"href":"https:\/\/euapp01.newsmemory.com\/lamarseillaise\/news\/wp-json\/wp\/v2\/posts\/35494","targetHints":{"allow":["GET"]}}],"collection":[{"href":"https:\/\/euapp01.newsmemory.com\/lamarseillaise\/news\/wp-json\/wp\/v2\/posts"}],"about":[{"href":"https:\/\/euapp01.newsmemory.com\/lamarseillaise\/news\/wp-json\/wp\/v2\/types\/post"}],"author":[{"embeddable":true,"href":"https:\/\/euapp01.newsmemory.com\/lamarseillaise\/news\/wp-json\/wp\/v2\/users\/1"}],"replies":[{"embeddable":true,"href":"https:\/\/euapp01.newsmemory.com\/lamarseillaise\/news\/wp-json\/wp\/v2\/comments?post=35494"}],"version-history":[{"count":1,"href":"https:\/\/euapp01.newsmemory.com\/lamarseillaise\/news\/wp-json\/wp\/v2\/posts\/35494\/revisions"}],"predecessor-version":[{"id":35495,"href":"https:\/\/euapp01.newsmemory.com\/lamarseillaise\/news\/wp-json\/wp\/v2\/posts\/35494\/revisions\/35495"}],"wp:featuredmedia":[{"embeddable":true,"href":"https:\/\/euapp01.newsmemory.com\/lamarseillaise\/news\/wp-json\/wp\/v2\/media\/35484"}],"wp:attachment":[{"href":"https:\/\/euapp01.newsmemory.com\/lamarseillaise\/news\/wp-json\/wp\/v2\/media?parent=35494"}],"wp:term":[{"taxonomy":"category","embeddable":true,"href":"https:\/\/euapp01.newsmemory.com\/lamarseillaise\/news\/wp-json\/wp\/v2\/categories?post=35494"},{"taxonomy":"post_tag","embeddable":true,"href":"https:\/\/euapp01.newsmemory.com\/lamarseillaise\/news\/wp-json\/wp\/v2\/tags?post=35494"},{"taxonomy":"news-destination","embeddable":true,"href":"https:\/\/euapp01.newsmemory.com\/lamarseillaise\/news\/wp-json\/wp\/v2\/news-destination?post=35494"},{"taxonomy":"news-source","embeddable":true,"href":"https:\/\/euapp01.newsmemory.com\/lamarseillaise\/news\/wp-json\/wp\/v2\/news-source?post=35494"},{"taxonomy":"is_homepage","embeddable":true,"href":"https:\/\/euapp01.newsmemory.com\/lamarseillaise\/news\/wp-json\/wp\/v2\/is_homepage?post=35494"},{"taxonomy":"ta_other","embeddable":true,"href":"https:\/\/euapp01.newsmemory.com\/lamarseillaise\/news\/wp-json\/wp\/v2\/ta_other?post=35494"}],"curies":[{"name":"wp","href":"https:\/\/api.w.org\/{rel}","templated":true}]}}