{"id":35477,"date":"2026-07-06T20:09:00","date_gmt":"2026-07-06T18:09:00","guid":{"rendered":"https:\/\/euapp01.newsmemory.com\/lamarseillaise\/news\/?p=35477"},"modified":"2026-07-11T07:28:12","modified_gmt":"2026-07-11T05:28:12","slug":"ligue-1-lom-ouvrira-le-ban-le-21-aout","status":"publish","type":"post","link":"https:\/\/euapp01.newsmemory.com\/lamarseillaise\/news\/2026\/07\/06\/ligue-1-lom-ouvrira-le-ban-le-21-aout\/","title":{"rendered":"Ligue 1 : l\u2019OM ouvrira le ban le 21 ao\u00fbt"},"content":{"rendered":"<div class=\"paragraph\">\n<p>L\u2019OM conna\u00eet d\u00e9sormais son programme de reprise. Les deux premi\u00e8res journ\u00e9es ont \u00e9t\u00e9 d\u00e9termin\u00e9es par la LFP et Ligue 1+, diffuseur du championnat.<\/p>\n<p>Les Olympiens recevront Strasbourg pour l\u2019ouverture. Un duel qui sera aussi le premier match de la nouvelle saison. Il se jouera le vendredi 21 ao\u00fbt, \u00e0 20h45. Les Olympiens se d\u00e9placeront ensuite \u00e0 Monaco, pour la deuxi\u00e8me journ\u00e9e, le dimanche 30, \u00e9galement \u00e0 20h45.<\/p>\n<\/p><\/div>\n","protected":false},"excerpt":{"rendered":"L&rsquo;OM conna&icirc;t d&eacute;sormais son programme de reprise. Les deux premi&egrave;res journ&eacute;es ont &eacute;t&eacute; d&eacute;termin&eacute;es par la LFP et Ligue 1+, diffuseur du championnat. Les Olympiens recevront Strasbourg pour &#8230;","protected":false},"author":1,"featured_media":35479,"comment_status":"open","ping_status":"open","sticky":false,"template":"","format":"standard","meta":{"footnotes":""},"categories":[3926,3925,7],"tags":[10,13,1153,16,14],"news-destination":[3944],"news-source":[475],"is_homepage":[],"ta_other":[],"class_list":["post-35477","post","type-post","status-publish","format-standard","has-post-thumbnail","hentry","category-accueil-merge","category-accueil-third","category-sports","tag-bouches-du-rhone","tag-football","tag-ligue-1","tag-marseille","tag-om","news-destination-homepage","news-source-website"],"_links":{"self":[{"href":"https:\/\/euapp01.newsmemory.com\/lamarseillaise\/news\/wp-json\/wp\/v2\/posts\/35477","targetHints":{"allow":["GET"]}}],"collection":[{"href":"https:\/\/euapp01.newsmemory.com\/lamarseillaise\/news\/wp-json\/wp\/v2\/posts"}],"about":[{"href":"https:\/\/euapp01.newsmemory.com\/lamarseillaise\/news\/wp-json\/wp\/v2\/types\/post"}],"author":[{"embeddable":true,"href":"https:\/\/euapp01.newsmemory.com\/lamarseillaise\/news\/wp-json\/wp\/v2\/users\/1"}],"replies":[{"embeddable":true,"href":"https:\/\/euapp01.newsmemory.com\/lamarseillaise\/news\/wp-json\/wp\/v2\/comments?post=35477"}],"version-history":[{"count":1,"href":"https:\/\/euapp01.newsmemory.com\/lamarseillaise\/news\/wp-json\/wp\/v2\/posts\/35477\/revisions"}],"predecessor-version":[{"id":35478,"href":"https:\/\/euapp01.newsmemory.com\/lamarseillaise\/news\/wp-json\/wp\/v2\/posts\/35477\/revisions\/35478"}],"wp:featuredmedia":[{"embeddable":true,"href":"https:\/\/euapp01.newsmemory.com\/lamarseillaise\/news\/wp-json\/wp\/v2\/media\/35479"}],"wp:attachment":[{"href":"https:\/\/euapp01.newsmemory.com\/lamarseillaise\/news\/wp-json\/wp\/v2\/media?parent=35477"}],"wp:term":[{"taxonomy":"category","embeddable":true,"href":"https:\/\/euapp01.newsmemory.com\/lamarseillaise\/news\/wp-json\/wp\/v2\/categories?post=35477"},{"taxonomy":"post_tag","embeddable":true,"href":"https:\/\/euapp01.newsmemory.com\/lamarseillaise\/news\/wp-json\/wp\/v2\/tags?post=35477"},{"taxonomy":"news-destination","embeddable":true,"href":"https:\/\/euapp01.newsmemory.com\/lamarseillaise\/news\/wp-json\/wp\/v2\/news-destination?post=35477"},{"taxonomy":"news-source","embeddable":true,"href":"https:\/\/euapp01.newsmemory.com\/lamarseillaise\/news\/wp-json\/wp\/v2\/news-source?post=35477"},{"taxonomy":"is_homepage","embeddable":true,"href":"https:\/\/euapp01.newsmemory.com\/lamarseillaise\/news\/wp-json\/wp\/v2\/is_homepage?post=35477"},{"taxonomy":"ta_other","embeddable":true,"href":"https:\/\/euapp01.newsmemory.com\/lamarseillaise\/news\/wp-json\/wp\/v2\/ta_other?post=35477"}],"curies":[{"name":"wp","href":"https:\/\/api.w.org\/{rel}","templated":true}]}}