{"id":35474,"date":"2026-07-09T11:28:00","date_gmt":"2026-07-09T09:28:00","guid":{"rendered":"https:\/\/euapp01.newsmemory.com\/lamarseillaise\/news\/?p=35474"},"modified":"2026-07-15T08:07:36","modified_gmt":"2026-07-15T06:07:36","slug":"patrick-malavieille-recoit-la-legion-dhonneur","status":"publish","type":"post","link":"https:\/\/euapp01.newsmemory.com\/lamarseillaise\/news\/2026\/07\/09\/patrick-malavieille-recoit-la-legion-dhonneur\/","title":{"rendered":"Patrick Malavieille re\u00e7oit la l\u00e9gion d\u2019honneur"},"content":{"rendered":"<div class=\"paragraph\">\n<p>C\u2019est avec son habituel sourire en coin que Patrick Malavieille a re\u00e7u la L\u00e9gion d\u2019honneur dans son village de La Grand-Combe le 2\u00a0juillet. \u00ab\u00a0<i>Cet honneur ce soir, c\u2019est le v\u00f4tre autant que le mien<\/i><i>\u00a0<\/i><i>\u00bb<\/i>, a-t-il lanc\u00e9 devant un parterre de plus de 500\u00a0personnes venues \u00e0 la Maison du mineur \u00e0 La\u00a0Grand-Combe pour c\u00e9l\u00e9brer avec lui cette r\u00e9compense. Parmi elles, beaucoup d\u2019habitants, des amis, des \u00e9lus comme la pr\u00e9sidente du D\u00e9partement, Fran\u00e7oise Laurent-Perrigot (PS), ou le s\u00e9nateur Denis Bouad (PS) mais aussi des adversaires politiques comme Laurent Burgoa (LR), Christophe Rivenq (LR) et m\u00eame Max Roustan (LR). Une belle preuve de respect au milieu d\u2019une ar\u00e8ne politique devenue de plus en plus violente.<\/p>\n<p>Natif d\u2019Al\u00e8s en 1962, Patrick Malavieille a grandi \u00e0 La Grand-Combe, un village qu\u2019il gardera toujours pr\u00e8s du c\u0153ur malgr\u00e9 des dizaines de voyages un peu partout autour de la plan\u00e8te. Sa jeunesse, il la passe dans le quartier de Trescol o\u00f9 il cr\u00e9e avec des amis l\u2019Association de l\u2019\u00e9ducation populaire des jeunes \u00e0 Trescol. La bande d\u2019adolescents sort alors des journaux et organise des soir\u00e9es. Loin d\u2019\u00eatre \u00e9pargn\u00e9 par la vie, il perd ses deux parents coup sur coup en pleine adolescence. \u00ab\u00a0<i>Il a fallu qu\u2019il g\u00e8re tout. Malheureusement, \u00e7a a permis qu\u2019il soit m\u00fbr trop jeune. Il a d\u00fb g\u00e9rer des choses qui ne devraient pas arriver \u00e0 un gamin de 13<\/i><i>\u00a0<\/i><i>ans<\/i>\u00a0\u00bb, se souvient Patrick Bauducco, l\u2019un des amis de Trescol. Si la famille ne vit pas des mines, Patrick Malavieille grandit dans une ville porteuse de valeurs humanistes et fraternelles. Il devient tr\u00e8s vite un membre actif du Parti communiste et participe \u00e0 toutes les luttes.<\/p>\n<\/p><\/div>\n<div class=\"intext\"> Retour \u00e0 l\u2019Assembl\u00e9e\u00a0?\n              <\/div>\n<div class=\"paragraph\">\n<p>En 1988, il est \u00e9lu au conseil g\u00e9n\u00e9ral o\u00f9 il devient le plus jeune vice-pr\u00e9sident. R\u00e9\u00e9lu en 1994, il se lance alors dans la campagne municipale \u00e0 La\u00a0Grand-Combe qui avait bascul\u00e9 pour la premi\u00e8re fois \u00e0 droite en 1989. Gr\u00e2ce \u00e0 la cr\u00e9ation de liens forts avec le PS, il l\u2019emporte et si\u00e8ge dans le fauteuil de maire jusqu\u2019en 1999 puis \u00e0 nouveau de 2008 \u00e0 2020 avant de c\u00e9der la place \u00e0 Laurence Baldit (PCF). Il profite aussi de la dissolution de l\u2019Assembl\u00e9e nationale pour si\u00e9ger au palais Bourbon de 1997 \u00e0 2002.<\/p>\n<p>Patrick Malavieille encha\u00eene ensuite les d\u00e9sillusions, d\u2019abord lorsqu\u2019il est battu en 2001 \u00e0 Al\u00e8s par un Max Roustan qui lui chipe l\u2019ann\u00e9e d\u2019apr\u00e8s son fauteuil \u00e0 l\u2019Assembl\u00e9e nationale. Une d\u00e9faite qui se reproduira face au m\u00eame Max Roustan cinq ans plus tard. Mais l\u2019\u00e9lu communiste garde le cap, continue de travailler au D\u00e9partement et pr\u00e9pare la suite.<\/p>\n<p>S\u2019il a r\u00e9duit le nombre de mandats, Patrick Malavieille est en effet loin de pr\u00e9parer sa retraite. Face \u00e0 la vague d\u2019extr\u00eame droite aux derni\u00e8res \u00e9lections l\u00e9gislatives, l\u2019\u00e9lu de 63\u00a0ans a en effet annonc\u00e9 qu\u2019il souhaitait porter une candidature de gauche unie aux prochaines \u00e9lections l\u00e9gislatives. Histoire d\u2019enfiler \u00e0 nouveau l\u2019\u00e9charpe tricolore mais cette fois, au-dessus de sa toute nouvelle L\u00e9gion d\u2019honneur.<\/p>\n<\/p><\/div>\n","protected":false},"excerpt":{"rendered":"C&rsquo;est avec son habituel sourire en coin que Patrick Malavieille a re&ccedil;u la L&eacute;gion d&rsquo;honneur dans son village de La Grand-Combe le 2&nbsp;juillet. &laquo;&nbsp;Cet honneur ce soir, c&rsquo;est le v&ocirc;tre autant que le &#8230;","protected":false},"author":1,"featured_media":35475,"comment_status":"open","ping_status":"open","sticky":false,"template":"","format":"standard","meta":{"footnotes":""},"categories":[3926,3925,330],"tags":[247,238,3473,1910,679,478,2188,250,191],"news-destination":[3944],"news-source":[475],"is_homepage":[],"ta_other":[],"class_list":["post-35474","post","type-post","status-publish","format-standard","has-post-thumbnail","hentry","category-accueil-merge","category-accueil-third","category-politique","tag-247","tag-gard","tag-honneur","tag-la-grand-combe","tag-legislatives","tag-municipales","tag-patrick-malavieille","tag-pcf","tag-politique","news-destination-homepage","news-source-website"],"_links":{"self":[{"href":"https:\/\/euapp01.newsmemory.com\/lamarseillaise\/news\/wp-json\/wp\/v2\/posts\/35474","targetHints":{"allow":["GET"]}}],"collection":[{"href":"https:\/\/euapp01.newsmemory.com\/lamarseillaise\/news\/wp-json\/wp\/v2\/posts"}],"about":[{"href":"https:\/\/euapp01.newsmemory.com\/lamarseillaise\/news\/wp-json\/wp\/v2\/types\/post"}],"author":[{"embeddable":true,"href":"https:\/\/euapp01.newsmemory.com\/lamarseillaise\/news\/wp-json\/wp\/v2\/users\/1"}],"replies":[{"embeddable":true,"href":"https:\/\/euapp01.newsmemory.com\/lamarseillaise\/news\/wp-json\/wp\/v2\/comments?post=35474"}],"version-history":[{"count":2,"href":"https:\/\/euapp01.newsmemory.com\/lamarseillaise\/news\/wp-json\/wp\/v2\/posts\/35474\/revisions"}],"predecessor-version":[{"id":35985,"href":"https:\/\/euapp01.newsmemory.com\/lamarseillaise\/news\/wp-json\/wp\/v2\/posts\/35474\/revisions\/35985"}],"wp:featuredmedia":[{"embeddable":true,"href":"https:\/\/euapp01.newsmemory.com\/lamarseillaise\/news\/wp-json\/wp\/v2\/media\/35475"}],"wp:attachment":[{"href":"https:\/\/euapp01.newsmemory.com\/lamarseillaise\/news\/wp-json\/wp\/v2\/media?parent=35474"}],"wp:term":[{"taxonomy":"category","embeddable":true,"href":"https:\/\/euapp01.newsmemory.com\/lamarseillaise\/news\/wp-json\/wp\/v2\/categories?post=35474"},{"taxonomy":"post_tag","embeddable":true,"href":"https:\/\/euapp01.newsmemory.com\/lamarseillaise\/news\/wp-json\/wp\/v2\/tags?post=35474"},{"taxonomy":"news-destination","embeddable":true,"href":"https:\/\/euapp01.newsmemory.com\/lamarseillaise\/news\/wp-json\/wp\/v2\/news-destination?post=35474"},{"taxonomy":"news-source","embeddable":true,"href":"https:\/\/euapp01.newsmemory.com\/lamarseillaise\/news\/wp-json\/wp\/v2\/news-source?post=35474"},{"taxonomy":"is_homepage","embeddable":true,"href":"https:\/\/euapp01.newsmemory.com\/lamarseillaise\/news\/wp-json\/wp\/v2\/is_homepage?post=35474"},{"taxonomy":"ta_other","embeddable":true,"href":"https:\/\/euapp01.newsmemory.com\/lamarseillaise\/news\/wp-json\/wp\/v2\/ta_other?post=35474"}],"curies":[{"name":"wp","href":"https:\/\/api.w.org\/{rel}","templated":true}]}}