{"id":35471,"date":"2026-07-06T15:10:00","date_gmt":"2026-07-06T13:10:00","guid":{"rendered":"https:\/\/euapp01.newsmemory.com\/lamarseillaise\/news\/?p=35471"},"modified":"2026-07-14T23:38:12","modified_gmt":"2026-07-14T21:38:12","slug":"le-gard-et-lherault-en-proie-aux-flammes-et-aux-pyromanes","status":"publish","type":"post","link":"https:\/\/euapp01.newsmemory.com\/lamarseillaise\/news\/2026\/07\/06\/le-gard-et-lherault-en-proie-aux-flammes-et-aux-pyromanes\/","title":{"rendered":"Le Gard et l\u2019H\u00e9rault en proie aux flammes et aux pyromanes"},"content":{"rendered":"<div class=\"paragraph\">\n<p>Au lendemain d\u2019un week-end cauchemardesque marqu\u00e9 par de nombreux incendies dans le Gard et l\u2019H\u00e9rault, les pompiers des Services d\u00e9partementaux d\u2019incendie et de secours (Sdis) sont sur le qui-vive ce lundi 6 juillet. En raison de la s\u00e9cheresse qui perdure et du vent, ces deux d\u00e9partements sont en vigilance rouge pour le risque incendie.<\/p>\n<p>Depuis dimanche 5 juillet, les pompiers combattent plus que jamais les flammes. Le plus gros feu qui s\u2019\u00e9tait d\u00e9clar\u00e9 \u00e0 L\u00e9denon pr\u00e8s du Pont du Gard a parcouru 540 hectares vers Bezouce, Cabri\u00e8res et Meynes. Si la pr\u00e9fecture du Gard a indiqu\u00e9 ce lundi matin que ce feu \u00e9tait <i>\u00ab fix\u00e9 \u00bb<\/i>, il reste <i>\u00ab virulent \u00bb<\/i>, donc pas compl\u00e8tement \u00e9teint et sous surveillance. Deux maisons ainsi que plusieurs v\u00e9hicules ont \u00e9t\u00e9 br\u00fbl\u00e9s \u00e0 Bezouce sans qu\u2019aucun bless\u00e9 ne soit \u00e0 d\u00e9plorer. 600 personnes avaient \u00e9t\u00e9 \u00e9vacu\u00e9es pr\u00e8s du circuit de karting et 70 dans des habitations dont certaines avaient trouv\u00e9 refuge dans la salle des f\u00eates. D\u00e9clench\u00e9e dimanche, l\u2019obligation de confinement pour certains habitants a \u00e9t\u00e9 lev\u00e9e. Les autorit\u00e9s appellent cependant \u00e0 limiter les d\u00e9placements. Jusqu\u2019\u00e0 23h20 dimanche 5 juillet, l\u2019A9, menac\u00e9e par les flammes, avait \u00e9t\u00e9 coup\u00e9e dans les deux sens. Le feu de Rochefort-du-Gard est quant \u00e0 lui presque \u00e9teint.<\/p>\n<p>L\u2019H\u00e9rault a lui aussi connu un dimanche noir. Les pompiers ont d\u00fb s\u2019employer \u00e0 de multiples reprises pour \u00e9teindre une trentaine de d\u00e9parts de feux \u00e0 proximit\u00e9 de la halle des sports de Lunel (2 Ha) o\u00f9 80 habitations ont d\u00fb \u00eatre \u00e9vacu\u00e9es, Sauvian (1 Ha) pr\u00e8s de B\u00e9ziers ou Carlencas-et-Levas dans les hauts cantons&#8230; Ici, 50 hectares ont \u00e9t\u00e9 br\u00fbl\u00e9s et un pompier l\u00e9g\u00e8rement br\u00fbl\u00e9 transport\u00e9 au CHU de Montpellier, pr\u00e9cise <i>Midi Libre<\/i>. Par ailleurs, 20 hectares ont \u00e9t\u00e9 ravag\u00e9s par le feu au lieu-dit Dio-et-Valqui\u00e8re \u00e0 Lunas-les-Ch\u00e2teaux. Trois autres hectares sont partis en fum\u00e9e \u00e0 Alignan-du-vent&#8230;<\/p>\n<p>Ce lundi 6 juillet, la pr\u00e9f\u00e8te de l\u2019H\u00e9rault, Chantal Mauchet, demande aux maires, collectivit\u00e9s, chambres consulaires et employeurs publics comme priv\u00e9s de <i>\u00ab lib\u00e9rer les sapeurs-pompiers volontaires pour renforcer les effectifs engag\u00e9s \u00bb<\/i>. Ces volontaires sont invit\u00e9s \u00e0 se manifester aupr\u00e8s de leur centre de secours.<\/p>\n<p>Dimanche soir, un homme d\u2019une vingtaine d\u2019ann\u00e9es soup\u00e7onn\u00e9 d\u2019\u00eatre \u00e0 l\u2019origine de 9 d\u00e9parts volontaires de feux dans l\u2019H\u00e9rault, a \u00e9t\u00e9 interpell\u00e9 tandis qu\u2019il rentrait chez lui sur son deux-roues \u00e0 Servian. Il a \u00e9t\u00e9 plac\u00e9 en garde-\u00e0-vue par les gendarmes et fait l\u2019objet d\u2019un interrogatoire.<\/p>\n<p>Si 90% des feux sont d\u2019origine humaine, les pompiers appellent chaque citoyen \u00e0 la plus grande vigilance, les conditions climatiques d\u00e9favorables (canicule, vent&#8230;) favorisant la propagation rapide des incendies. Rappelons que dans les Pyr\u00e9n\u00e9es-Orientales, un incendie toujours pas fix\u00e9 a d\u00e9j\u00e0 ravag\u00e9 plus de 4 600 hectares du c\u00f4t\u00e9 de Tr\u00e9villach et de l\u2019Ille-sur-T\u00eat. 10 000 personnes ont \u00e9t\u00e9 \u00e9vacu\u00e9es et l\u2019\u00e9tape du Tour de France a \u00e9t\u00e9 perturb\u00e9e.<\/p>\n<\/p><\/div>\n","protected":false},"excerpt":{"rendered":"Au lendemain d&rsquo;un week-end cauchemardesque marqu&eacute; par de nombreux incendies dans le Gard et l&rsquo;H&eacute;rault, les pompiers des Services d&eacute;partementaux d&rsquo;incendie et de secours (Sdis) sont sur le qui-vive ce lundi 6 &#8230;","protected":false},"author":1,"featured_media":35472,"comment_status":"open","ping_status":"open","sticky":false,"template":"","format":"standard","meta":{"footnotes":""},"categories":[3926,3925,20],"tags":[372,1673,6036,238,1990,2237,239,1396,284,320,3203,6035,5879,1397,2674],"news-destination":[3944],"news-source":[475],"is_homepage":[],"ta_other":[],"class_list":["post-35471","post","type-post","status-publish","format-standard","has-post-thumbnail","hentry","category-accueil-merge","category-accueil-third","category-societe","tag-canicule","tag-feux","tag-flammes","tag-gard","tag-garde-a-vue","tag-gendarmes","tag-herault","tag-incendies","tag-occitanie","tag-pompiers","tag-prefete","tag-pyromane","tag-sdis","tag-secheresse","tag-vent","news-destination-homepage","news-source-website"],"_links":{"self":[{"href":"https:\/\/euapp01.newsmemory.com\/lamarseillaise\/news\/wp-json\/wp\/v2\/posts\/35471","targetHints":{"allow":["GET"]}}],"collection":[{"href":"https:\/\/euapp01.newsmemory.com\/lamarseillaise\/news\/wp-json\/wp\/v2\/posts"}],"about":[{"href":"https:\/\/euapp01.newsmemory.com\/lamarseillaise\/news\/wp-json\/wp\/v2\/types\/post"}],"author":[{"embeddable":true,"href":"https:\/\/euapp01.newsmemory.com\/lamarseillaise\/news\/wp-json\/wp\/v2\/users\/1"}],"replies":[{"embeddable":true,"href":"https:\/\/euapp01.newsmemory.com\/lamarseillaise\/news\/wp-json\/wp\/v2\/comments?post=35471"}],"version-history":[{"count":1,"href":"https:\/\/euapp01.newsmemory.com\/lamarseillaise\/news\/wp-json\/wp\/v2\/posts\/35471\/revisions"}],"predecessor-version":[{"id":35473,"href":"https:\/\/euapp01.newsmemory.com\/lamarseillaise\/news\/wp-json\/wp\/v2\/posts\/35471\/revisions\/35473"}],"wp:featuredmedia":[{"embeddable":true,"href":"https:\/\/euapp01.newsmemory.com\/lamarseillaise\/news\/wp-json\/wp\/v2\/media\/35472"}],"wp:attachment":[{"href":"https:\/\/euapp01.newsmemory.com\/lamarseillaise\/news\/wp-json\/wp\/v2\/media?parent=35471"}],"wp:term":[{"taxonomy":"category","embeddable":true,"href":"https:\/\/euapp01.newsmemory.com\/lamarseillaise\/news\/wp-json\/wp\/v2\/categories?post=35471"},{"taxonomy":"post_tag","embeddable":true,"href":"https:\/\/euapp01.newsmemory.com\/lamarseillaise\/news\/wp-json\/wp\/v2\/tags?post=35471"},{"taxonomy":"news-destination","embeddable":true,"href":"https:\/\/euapp01.newsmemory.com\/lamarseillaise\/news\/wp-json\/wp\/v2\/news-destination?post=35471"},{"taxonomy":"news-source","embeddable":true,"href":"https:\/\/euapp01.newsmemory.com\/lamarseillaise\/news\/wp-json\/wp\/v2\/news-source?post=35471"},{"taxonomy":"is_homepage","embeddable":true,"href":"https:\/\/euapp01.newsmemory.com\/lamarseillaise\/news\/wp-json\/wp\/v2\/is_homepage?post=35471"},{"taxonomy":"ta_other","embeddable":true,"href":"https:\/\/euapp01.newsmemory.com\/lamarseillaise\/news\/wp-json\/wp\/v2\/ta_other?post=35471"}],"curies":[{"name":"wp","href":"https:\/\/api.w.org\/{rel}","templated":true}]}}