{"id":35452,"date":"2026-07-06T09:42:00","date_gmt":"2026-07-06T07:42:00","guid":{"rendered":"https:\/\/euapp01.newsmemory.com\/lamarseillaise\/news\/?p=35452"},"modified":"2026-07-13T13:02:08","modified_gmt":"2026-07-13T11:02:08","slug":"la-50e-maison-du-bel-age-ouverte-a-gardanne","status":"publish","type":"post","link":"https:\/\/euapp01.newsmemory.com\/lamarseillaise\/news\/2026\/07\/06\/la-50e-maison-du-bel-age-ouverte-a-gardanne\/","title":{"rendered":"La 50e maison du Bel \u00c2ge ouverte \u00e0 Gardanne"},"content":{"rendered":"<div class=\"paragraph\">\n<p>\u00ab <i>O<\/i><i>bjectif atteint<\/i><i>\u00a0<\/i><i>! En 2017, nous lancions l\u2019id\u00e9e d\u2019un r\u00e9seau in\u00e9dit de 50<\/i><i>\u00a0<\/i><i>maisons du Bel \u00c2ge sur l\u2019ensemble du territoire proven\u00e7al, afin d\u2019accompagner nos a\u00een\u00e9s au quotidien.<\/i><i>\u00a0<\/i>\u00bb La pr\u00e9sidente du D\u00e9partement, Martine Vassal (DVD), a inaugur\u00e9, vendredi, la 50<sup>e<\/sup>\u00a0Maison du Bel \u00c2ge.<\/p>\n<p>Ce dispositif proposent un accompagnement gratuit aux personnes de 60\u00a0ans et plus, pour leurs d\u00e9marches administratives, notamment d\u00e9mat\u00e9rialis\u00e9es. Aujourd\u2019hui, 47\u00a0000\u00a0seniors proven\u00e7aux b\u00e9n\u00e9ficient de leurs services, assure l\u2019institution d\u00e9partementale.<\/p>\n<p>Sur les 50\u00a0structures d\u00e9sormais recens\u00e9es, 28 sont situ\u00e9es hors de Marseille. Parmi elles, les 18 install\u00e9es dans les communes les plus \u00e9loign\u00e9es des services publics assurent des op\u00e9rations postales (achat de timbres, retrait et d\u00e9p\u00f4t de colis ou recommand\u00e9s, retrait d\u2019argent) en partenariat avec La Poste.<\/p>\n<p>En p\u00e9riode de fortes chaleurs, ces structures offrent des espaces d\u2019accueil climatis\u00e9s et les agents r\u00e9alisent une veille sociale permanente afin de rep\u00e9rer et d\u2019accompagner les personnes fragilis\u00e9es.<\/p>\n<p>Au total, pr\u00e8s de 20\u00a0000\u00a0appels t\u00e9l\u00e9phoniques sont pass\u00e9s aux 7\u00a0000\u00a0personnes isol\u00e9es de plus de 85 ans pour s\u2019assurer de leur bien-\u00eatre.<\/p>\n<\/p><\/div>\n","protected":false},"excerpt":{"rendered":"&laquo; Objectif atteint&nbsp;! En 2017, nous lancions l&rsquo;id&eacute;e d&rsquo;un r&eacute;seau in&eacute;dit de 50&nbsp;maisons du Bel &Acirc;ge sur l&rsquo;ensemble du territoire proven&ccedil;al, afin d&rsquo;accompagner nos &#8230;","protected":false},"author":1,"featured_media":35453,"comment_status":"open","ping_status":"open","sticky":false,"template":"","format":"standard","meta":{"footnotes":""},"categories":[20],"tags":[10,1604,831,707,1943,484],"news-destination":[],"news-source":[475],"is_homepage":[],"ta_other":[],"class_list":["post-35452","post","type-post","status-publish","format-standard","has-post-thumbnail","hentry","category-societe","tag-bouches-du-rhone","tag-departement-des-bouches-du-rhone","tag-gardanne","tag-martine-vassal","tag-personnes-agees","tag-services-publics","news-source-website"],"_links":{"self":[{"href":"https:\/\/euapp01.newsmemory.com\/lamarseillaise\/news\/wp-json\/wp\/v2\/posts\/35452","targetHints":{"allow":["GET"]}}],"collection":[{"href":"https:\/\/euapp01.newsmemory.com\/lamarseillaise\/news\/wp-json\/wp\/v2\/posts"}],"about":[{"href":"https:\/\/euapp01.newsmemory.com\/lamarseillaise\/news\/wp-json\/wp\/v2\/types\/post"}],"author":[{"embeddable":true,"href":"https:\/\/euapp01.newsmemory.com\/lamarseillaise\/news\/wp-json\/wp\/v2\/users\/1"}],"replies":[{"embeddable":true,"href":"https:\/\/euapp01.newsmemory.com\/lamarseillaise\/news\/wp-json\/wp\/v2\/comments?post=35452"}],"version-history":[{"count":1,"href":"https:\/\/euapp01.newsmemory.com\/lamarseillaise\/news\/wp-json\/wp\/v2\/posts\/35452\/revisions"}],"predecessor-version":[{"id":35454,"href":"https:\/\/euapp01.newsmemory.com\/lamarseillaise\/news\/wp-json\/wp\/v2\/posts\/35452\/revisions\/35454"}],"wp:featuredmedia":[{"embeddable":true,"href":"https:\/\/euapp01.newsmemory.com\/lamarseillaise\/news\/wp-json\/wp\/v2\/media\/35453"}],"wp:attachment":[{"href":"https:\/\/euapp01.newsmemory.com\/lamarseillaise\/news\/wp-json\/wp\/v2\/media?parent=35452"}],"wp:term":[{"taxonomy":"category","embeddable":true,"href":"https:\/\/euapp01.newsmemory.com\/lamarseillaise\/news\/wp-json\/wp\/v2\/categories?post=35452"},{"taxonomy":"post_tag","embeddable":true,"href":"https:\/\/euapp01.newsmemory.com\/lamarseillaise\/news\/wp-json\/wp\/v2\/tags?post=35452"},{"taxonomy":"news-destination","embeddable":true,"href":"https:\/\/euapp01.newsmemory.com\/lamarseillaise\/news\/wp-json\/wp\/v2\/news-destination?post=35452"},{"taxonomy":"news-source","embeddable":true,"href":"https:\/\/euapp01.newsmemory.com\/lamarseillaise\/news\/wp-json\/wp\/v2\/news-source?post=35452"},{"taxonomy":"is_homepage","embeddable":true,"href":"https:\/\/euapp01.newsmemory.com\/lamarseillaise\/news\/wp-json\/wp\/v2\/is_homepage?post=35452"},{"taxonomy":"ta_other","embeddable":true,"href":"https:\/\/euapp01.newsmemory.com\/lamarseillaise\/news\/wp-json\/wp\/v2\/ta_other?post=35452"}],"curies":[{"name":"wp","href":"https:\/\/api.w.org\/{rel}","templated":true}]}}