{"id":35449,"date":"2026-07-06T09:38:00","date_gmt":"2026-07-06T07:38:00","guid":{"rendered":"https:\/\/euapp01.newsmemory.com\/lamarseillaise\/news\/?p=35449"},"modified":"2026-07-11T07:28:39","modified_gmt":"2026-07-11T05:28:39","slug":"le-cirque-reprend-ses-quartiers-dete-a-pissevin-valdegour","status":"publish","type":"post","link":"https:\/\/euapp01.newsmemory.com\/lamarseillaise\/news\/2026\/07\/06\/le-cirque-reprend-ses-quartiers-dete-a-pissevin-valdegour\/","title":{"rendered":"Le cirque reprend ses quartiers d\u2019\u00e9t\u00e9 \u00e0 Pissevin-Valdegour"},"content":{"rendered":"<div class=\"paragraph\">\n<p>\u00c0 Pissevin-Valdegour, le d\u00e9but de l\u2019\u00e9t\u00e9 rime d\u00e9sormais avec cirque. Pendant dix jours, le stade Marcel-Rouvi\u00e8re se transforme en v\u00e9ritable village artistique o\u00f9 se croisent habitants, artistes, b\u00e9n\u00e9voles et curieux. \u00ab<i>\u00a0<\/i><i>Turbul\u2019 en Chap\u2019, c\u2019est un projet d\u2019\u00e9ducation populaire qui existe depuis plus de vingt ans dans le quartier prioritaire Pissevin-Valdegour<\/i><i>\u00a0<\/i><i>\u00bb, <\/i>pr\u00e9sente Mathis Soteras, administrateur de l\u2019association Appel d\u2019Air.<\/p>\n<p>Le stade Marcel-Rouvi\u00e8re devient ainsi un terrain de jeu artistique.<i> <\/i>\u00ab\u00a0<i>Pendant une dizaine de jours, on propose des ateliers de cirque \u00e0 partir de 18h et des spectacles tous les soirs \u00e0 20 h 30 gratuits et sans jauge<\/i>\u00a0\u00bb, pr\u00e9cise-t-il.<\/p>\n<p>Quatre grands chapiteaux sont install\u00e9s pour accueillir les diff\u00e9rentes disciplines circassiennes. Chaque jour, pr\u00e8s de 300\u00a0enfants participent aux ateliers avant que quelque 350\u00a0spectateurs ne prennent place pour le spectacle du soir. Pour faire vivre cette programmation, une centaine de personnes se relaient\u00a0: artistes, techniciens, animateurs, b\u00e9n\u00e9voles et salari\u00e9s de l\u2019association. Au fil des ann\u00e9es, Turbul\u2019 en Chap\u2019 s\u2019est impos\u00e9 dans le paysage n\u00eemois. \u00ab<i>\u00a0<\/i><i>On sent vraiment que l\u2019\u00e9v\u00e9nement est attendu. Aujourd\u2019hui, c\u2019est ancr\u00e9 dans le quartier, mais aussi dans la ville de N\u00eemes<\/i>\u00a0\u00bb, poursuit Mathis Soteras.<\/p>\n<p><b>Un cirque qui va \u00e0 la rencontre des habitants<\/b><\/p>\n<p>L\u2019objectif reste d\u2019aller vers les habitants plut\u00f4t que d\u2019attendre qu\u2019ils franchissent les portes d\u2019un \u00e9quipement culturel. Pour cela, les \u00e9quipes d\u00e9ploient chaque soir un camion d\u2019animation au pied d\u2019autres immeubles. \u00ab\u00a0<i>Pendant les ateliers, on installe aussi des animations place Soleil<\/i><i>\u00a0<\/i><i>Levant ou dans d\u2019autres pieds d\u2019immeubles. Cela nous permet d\u2019aller vers les personnes qui n\u2019osent pas descendre ou pour qui le stade est encore trop loin. On organise aussi des impromptus avec des artistes qui jouent de mani\u00e8re impromptue dans ces espaces<\/i>\u00a0\u00bb.<\/p>\n<p>Le travail de proximit\u00e9 ne s\u2019arr\u00eate pas aux enfants. Depuis cinq ans, trois soir\u00e9es nocturnes sont propos\u00e9es jusqu\u2019\u00e0 une heure du matin afin d\u2019attirer un public adulte. \u00ab\u00a0<i>L\u2019ann\u00e9e derni\u00e8re, un club de football est venu essayer le grand volant, la jonglerie ou les agr\u00e8s. Trois jours plus tard, c\u2019\u00e9tait un club de basket. Il se passe vraiment quelque chose lors de ces moments-l\u00e0<\/i><i>\u00a0<\/i>\u00bb, raconte Mathis Soteras.<\/p>\n<p>Ces soir\u00e9es permettent aussi d\u2019aborder d\u2019autres sujets de soci\u00e9t\u00e9. \u00ab\u00a0<i>On a pu organiser des ateliers en mixit\u00e9 choisie avec des groupes de femmes qui souhaitaient se r\u00e9approprier cet espace public<\/i><i>\u00a0<\/i>\u00bb, ajoute Antoine Nollet, animateur.<\/p>\n<p>Chaque ann\u00e9e depuis plus de vingt ans donc, le monde du cirque vient se glisser dans ces quartiers et devient un vecteur d\u2019\u00e9mancipation qui permet d\u2019effacer certaines fronti\u00e8res et d\u2019\u00e9crire des nouveaux r\u00e9cits \u00e0 Pissevin-Valdegour. \u00ab\u00a0<i>C\u2019est vraiment un support pour nous. On questionne aussi les identit\u00e9s de genre. On sait aussi qu\u2019on a des habits, des mani\u00e8res de vivre qui peuvent para\u00eetre un peu \u00e9tranges et du coup, c\u2019est l\u2019occasion d\u2019en parler avec ces personnes-l\u00e0<\/i><i>\u00a0<\/i><i>\u00bb, <\/i>ponctue Mathis Soteras.<\/p>\n<p>Aucun doute, ces moments d\u2019\u00e9changes sont autant attendus par les habitants que par les artistes qui y participent.<\/p>\n<\/p><\/div>\n","protected":false},"excerpt":{"rendered":"&Agrave; Pissevin-Valdegour, le d&eacute;but de l&rsquo;&eacute;t&eacute; rime d&eacute;sormais avec cirque. Pendant dix jours, le stade Marcel-Rouvi&egrave;re se transforme en v&eacute;ritable village artistique o&ugrave; se croisent habitants, &#8230;","protected":false},"author":1,"featured_media":35450,"comment_status":"open","ping_status":"open","sticky":false,"template":"","format":"standard","meta":{"footnotes":""},"categories":[3926,3925,32],"tags":[2345,35,238,241,284,3637,529,188,3645],"news-destination":[3944],"news-source":[475],"is_homepage":[],"ta_other":[],"class_list":["post-35449","post","type-post","status-publish","format-standard","has-post-thumbnail","hentry","category-accueil-merge","category-accueil-third","category-culture","tag-cirque","tag-culture","tag-gard","tag-nimes","tag-occitanie","tag-quartier-pissevin","tag-spectacle","tag-spectacle-vivant","tag-vie-de-quartier","news-destination-homepage","news-source-website"],"_links":{"self":[{"href":"https:\/\/euapp01.newsmemory.com\/lamarseillaise\/news\/wp-json\/wp\/v2\/posts\/35449","targetHints":{"allow":["GET"]}}],"collection":[{"href":"https:\/\/euapp01.newsmemory.com\/lamarseillaise\/news\/wp-json\/wp\/v2\/posts"}],"about":[{"href":"https:\/\/euapp01.newsmemory.com\/lamarseillaise\/news\/wp-json\/wp\/v2\/types\/post"}],"author":[{"embeddable":true,"href":"https:\/\/euapp01.newsmemory.com\/lamarseillaise\/news\/wp-json\/wp\/v2\/users\/1"}],"replies":[{"embeddable":true,"href":"https:\/\/euapp01.newsmemory.com\/lamarseillaise\/news\/wp-json\/wp\/v2\/comments?post=35449"}],"version-history":[{"count":1,"href":"https:\/\/euapp01.newsmemory.com\/lamarseillaise\/news\/wp-json\/wp\/v2\/posts\/35449\/revisions"}],"predecessor-version":[{"id":35451,"href":"https:\/\/euapp01.newsmemory.com\/lamarseillaise\/news\/wp-json\/wp\/v2\/posts\/35449\/revisions\/35451"}],"wp:featuredmedia":[{"embeddable":true,"href":"https:\/\/euapp01.newsmemory.com\/lamarseillaise\/news\/wp-json\/wp\/v2\/media\/35450"}],"wp:attachment":[{"href":"https:\/\/euapp01.newsmemory.com\/lamarseillaise\/news\/wp-json\/wp\/v2\/media?parent=35449"}],"wp:term":[{"taxonomy":"category","embeddable":true,"href":"https:\/\/euapp01.newsmemory.com\/lamarseillaise\/news\/wp-json\/wp\/v2\/categories?post=35449"},{"taxonomy":"post_tag","embeddable":true,"href":"https:\/\/euapp01.newsmemory.com\/lamarseillaise\/news\/wp-json\/wp\/v2\/tags?post=35449"},{"taxonomy":"news-destination","embeddable":true,"href":"https:\/\/euapp01.newsmemory.com\/lamarseillaise\/news\/wp-json\/wp\/v2\/news-destination?post=35449"},{"taxonomy":"news-source","embeddable":true,"href":"https:\/\/euapp01.newsmemory.com\/lamarseillaise\/news\/wp-json\/wp\/v2\/news-source?post=35449"},{"taxonomy":"is_homepage","embeddable":true,"href":"https:\/\/euapp01.newsmemory.com\/lamarseillaise\/news\/wp-json\/wp\/v2\/is_homepage?post=35449"},{"taxonomy":"ta_other","embeddable":true,"href":"https:\/\/euapp01.newsmemory.com\/lamarseillaise\/news\/wp-json\/wp\/v2\/ta_other?post=35449"}],"curies":[{"name":"wp","href":"https:\/\/api.w.org\/{rel}","templated":true}]}}