{"id":35446,"date":"2026-07-06T09:32:00","date_gmt":"2026-07-06T07:32:00","guid":{"rendered":"https:\/\/euapp01.newsmemory.com\/lamarseillaise\/news\/?p=35446"},"modified":"2026-07-11T07:28:12","modified_gmt":"2026-07-11T05:28:12","slug":"lusine-de-la-cges-a-montagnac-compromise","status":"publish","type":"post","link":"https:\/\/euapp01.newsmemory.com\/lamarseillaise\/news\/2026\/07\/06\/lusine-de-la-cges-a-montagnac-compromise\/","title":{"rendered":"L\u2019usine de la CGES \u00e0 Montagnac compromise"},"content":{"rendered":"<div class=\"paragraph\">\n<p>Depuis 2022, l\u2019association Veille eau grain se mobilise contre un projet d\u2019usine d\u2019embouteillage port\u00e9 par la Compagnie g\u00e9n\u00e9rale d\u2019eaux de source (CGES), qui voudrait exploiter le forage de la Castillone, \u00e0 Montagnac (34). En 2024, la CGES avait ainsi rachet\u00e9 quatre parcelles \u00e0 la commune, comprenant \u00e0 la fois le forage et son chemin d\u2019acc\u00e8s. Cette cession avait \u00e9t\u00e9 valid\u00e9e par deux d\u00e9lib\u00e9rations du conseil municipal, datant respectivement du 29 septembre 2022 et du 21 f\u00e9vrier 2023.<\/p>\n<\/p><\/div>\n<div class=\"intext\"> Un constat partag\u00e9\n              <\/div>\n<div class=\"paragraph\">\n<p><i>\u00ab<\/i><i>\u00a0<\/i><i>Nous avons attaqu\u00e9 ces deux d\u00e9lib\u00e9rations pour manque d\u2019information des conseillers municipaux et vil prix,<\/i> raconte Vincent Lapasset, membre de Veille eau grain. <i>Nous avons \u00e9t\u00e9 d\u00e9bout\u00e9s une premi\u00e8re fois par le tribunal de Montpellier en 2024. Mais le 16 juin 2026, la Cour administrative d\u2019appel (CAA) de Toulouse nous a donn\u00e9 raison en annulant les deux d\u00e9lib\u00e9rations.<\/i><i>\u00a0<\/i><i>\u00bb<\/i> V\u00e9ritable <i>\u00ab<\/i><i>\u00a0<\/i><i>tsunami<\/i><i>\u00a0<\/i><i>\u00bb,<\/i> cette d\u00e9cision montre que la vente s\u2019est faite \u00e0 un prix inf\u00e9rieur \u00e0 sa valeur, soit 30 000 euros alors que la commune avait acquis les parcelles \u00e0 37\u00a0000\u00a0euros<i>. <\/i>Elle pointe \u00e9galement que l\u2019embouteillage n\u2019est pas d\u2019int\u00e9r\u00eat public, dans un secteur expos\u00e9 aux s\u00e9cheresses et o\u00f9 une trentaine de domaines des environs n\u2019ont toujours pas acc\u00e8s \u00e0 l\u2019eau potable.<\/p>\n<p>Quelques jours apr\u00e8s cet arr\u00eat\u00e9, la chambre r\u00e9gionale des comptes d\u2019Occitanie a rendu son rapport d\u2019observations d\u00e9finitives pour les exercices 2019 \u00e0 2024 de la commune. Celui-ci appuie l\u2019arr\u00eat\u00e9 de la CAA, montrant notamment que le choix de vendre le forage pour financer sa r\u00e9novation (estim\u00e9e \u00e0 environ 400 000 euros), n\u2019\u00e9tait<i> \u00ab<\/i><i>\u00a0<\/i><i>nullement impos\u00e9 par des consid\u00e9rations financi\u00e8res<\/i><i>\u00a0<\/i><i>\u00bb<\/i>. Si l\u2019annulation des d\u00e9lib\u00e9rations prive de fondement la vente conclue le 26 avril 2024, elle ne l\u2019annule pas. La commune peut encore se pourvoir en cassation devant le Conseil d\u2019\u00c9tat et de son c\u00f4t\u00e9, l\u2019association Veille eau grain a d\u00e9pos\u00e9 une autre plainte aupr\u00e8s du procureur de B\u00e9ziers concernant l\u2019acte de vente.<\/p>\n<\/p><\/div>\n","protected":false},"excerpt":{"rendered":"Depuis 2022, l&rsquo;association Veille eau grain se mobilise contre un projet d&rsquo;usine d&rsquo;embouteillage port&eacute; par la Compagnie g&eacute;n&eacute;rale d&rsquo;eaux de source (CGES), qui voudrait exploiter le forage de la Castillone, &#8230;","protected":false},"author":1,"featured_media":35447,"comment_status":"open","ping_status":"open","sticky":false,"template":"","format":"standard","meta":{"footnotes":""},"categories":[3926,3925,333],"tags":[148,309,2052,239,200,2373,284,2374],"news-destination":[3944],"news-source":[475],"is_homepage":[],"ta_other":[],"class_list":["post-35446","post","type-post","status-publish","format-standard","has-post-thumbnail","hentry","category-accueil-merge","category-accueil-third","category-environnement","tag-conseil-municipal","tag-eau","tag-gestion-de-leau","tag-herault","tag-justice","tag-montagnac","tag-occitanie","tag-usine","news-destination-homepage","news-source-website"],"_links":{"self":[{"href":"https:\/\/euapp01.newsmemory.com\/lamarseillaise\/news\/wp-json\/wp\/v2\/posts\/35446","targetHints":{"allow":["GET"]}}],"collection":[{"href":"https:\/\/euapp01.newsmemory.com\/lamarseillaise\/news\/wp-json\/wp\/v2\/posts"}],"about":[{"href":"https:\/\/euapp01.newsmemory.com\/lamarseillaise\/news\/wp-json\/wp\/v2\/types\/post"}],"author":[{"embeddable":true,"href":"https:\/\/euapp01.newsmemory.com\/lamarseillaise\/news\/wp-json\/wp\/v2\/users\/1"}],"replies":[{"embeddable":true,"href":"https:\/\/euapp01.newsmemory.com\/lamarseillaise\/news\/wp-json\/wp\/v2\/comments?post=35446"}],"version-history":[{"count":1,"href":"https:\/\/euapp01.newsmemory.com\/lamarseillaise\/news\/wp-json\/wp\/v2\/posts\/35446\/revisions"}],"predecessor-version":[{"id":35448,"href":"https:\/\/euapp01.newsmemory.com\/lamarseillaise\/news\/wp-json\/wp\/v2\/posts\/35446\/revisions\/35448"}],"wp:featuredmedia":[{"embeddable":true,"href":"https:\/\/euapp01.newsmemory.com\/lamarseillaise\/news\/wp-json\/wp\/v2\/media\/35447"}],"wp:attachment":[{"href":"https:\/\/euapp01.newsmemory.com\/lamarseillaise\/news\/wp-json\/wp\/v2\/media?parent=35446"}],"wp:term":[{"taxonomy":"category","embeddable":true,"href":"https:\/\/euapp01.newsmemory.com\/lamarseillaise\/news\/wp-json\/wp\/v2\/categories?post=35446"},{"taxonomy":"post_tag","embeddable":true,"href":"https:\/\/euapp01.newsmemory.com\/lamarseillaise\/news\/wp-json\/wp\/v2\/tags?post=35446"},{"taxonomy":"news-destination","embeddable":true,"href":"https:\/\/euapp01.newsmemory.com\/lamarseillaise\/news\/wp-json\/wp\/v2\/news-destination?post=35446"},{"taxonomy":"news-source","embeddable":true,"href":"https:\/\/euapp01.newsmemory.com\/lamarseillaise\/news\/wp-json\/wp\/v2\/news-source?post=35446"},{"taxonomy":"is_homepage","embeddable":true,"href":"https:\/\/euapp01.newsmemory.com\/lamarseillaise\/news\/wp-json\/wp\/v2\/is_homepage?post=35446"},{"taxonomy":"ta_other","embeddable":true,"href":"https:\/\/euapp01.newsmemory.com\/lamarseillaise\/news\/wp-json\/wp\/v2\/ta_other?post=35446"}],"curies":[{"name":"wp","href":"https:\/\/api.w.org\/{rel}","templated":true}]}}