{"id":35437,"date":"2026-07-06T08:35:00","date_gmt":"2026-07-06T06:35:00","guid":{"rendered":"https:\/\/euapp01.newsmemory.com\/lamarseillaise\/news\/?p=35437"},"modified":"2026-07-06T10:21:54","modified_gmt":"2026-07-06T08:21:54","slug":"les-allemands-en-force-au-mondial","status":"publish","type":"post","link":"https:\/\/euapp01.newsmemory.com\/lamarseillaise\/news\/2026\/07\/06\/les-allemands-en-force-au-mondial\/","title":{"rendered":"Les Allemands en force au Mondial"},"content":{"rendered":"<div class=\"paragraph\">\n<p>Au milieu des \u00e9quipes fran\u00e7aises, la triplette allemande d\u2019Uli M\u00f6ssinger, Frank M\u00f6ssinger et Thomas Langer, fait ses d\u00e9buts dans la comp\u00e9tition sur l\u2019hippodrome du Parc Bor\u00e9ly. Cet endroit, ils le connaissent bien, c\u2019est la quatri\u00e8me fois qu\u2019ils participent au Mondial. <i>\u00ab<\/i><i>\u00a0<\/i><i>Marseille, c\u2019est l\u2019origine de la p\u00e9tanque<\/i><i>\u00a0<\/i><i>\u00bb<\/i>, exprime Uli, 55 ans, photographe. <i>\u00ab<\/i><i>\u00a0<\/i><i>Nous aimons jouer contre les meilleurs. C\u2019est toujours un plaisir<\/i><i>\u00a0<\/i><i>\u00bb<\/i>, s\u2019enthousiasme son mari, Frank, 54 ans.<\/p>\n<\/p><\/div>\n<div class=\"intext\"> \u00ab La p\u00e9tanque se professionnalise<br \/>\n               <br \/>de plus en plus dans notre pays \u00bb\n              <\/div>\n<div class=\"paragraph\">\n<p>En Allemagne, la triplette \u00e9volue au sein du VfL Sindelfingen, au Sud Ouest de Stuttgart. La section p\u00e9tanque du club a \u00e9t\u00e9 cr\u00e9\u00e9e en 2023 par leur fils, B\u00e9la M\u00f6ssinger, joueur de l\u2019\u00e9quipe nationale allemande. \u00ab\u00a0<i>La communaut\u00e9 de p\u00e9tanque allemande est petite. Mais elle s\u2019agrandit, la p\u00e9tanque se professionnalise de plus en plus dans notre pays<\/i><i>\u00a0<\/i><i>\u00bb<\/i>, se r\u00e9jouit Frank, entra\u00eeneur au VfL Sindelfingen et architecte de m\u00e9tier.<\/p>\n<p>La triplette allemande s\u2019est inclin\u00e9e 13 \u00e0 2. Le concours s\u2019arr\u00eate donc l\u00e0 pour eux. Une trentaine d\u2019\u00e9quipes allemandes se sont engag\u00e9es \u00e0 la 65<sup>e<\/sup> \u00e9dition du Mondial.<\/p>\n<\/p><\/div>\n","protected":false},"excerpt":{"rendered":"Au milieu des &eacute;quipes fran&ccedil;aises, la triplette allemande d&rsquo;Uli M&ouml;ssinger, Frank M&ouml;ssinger et Thomas Langer, fait ses d&eacute;buts dans la comp&eacute;tition sur l&rsquo;hippodrome du Parc Bor&eacute;ly. Cet endroit, &#8230;","protected":false},"author":1,"featured_media":35438,"comment_status":"open","ping_status":"open","sticky":false,"template":"","format":"standard","meta":{"footnotes":""},"categories":[7],"tags":[604,10,1003,16,1013,698],"news-destination":[],"news-source":[475],"is_homepage":[],"ta_other":[],"class_list":["post-35437","post","type-post","status-publish","format-standard","has-post-thumbnail","hentry","category-sports","tag-allemagne","tag-bouches-du-rhone","tag-concours","tag-marseille","tag-petanque","tag-rencontre","news-source-website"],"_links":{"self":[{"href":"https:\/\/euapp01.newsmemory.com\/lamarseillaise\/news\/wp-json\/wp\/v2\/posts\/35437","targetHints":{"allow":["GET"]}}],"collection":[{"href":"https:\/\/euapp01.newsmemory.com\/lamarseillaise\/news\/wp-json\/wp\/v2\/posts"}],"about":[{"href":"https:\/\/euapp01.newsmemory.com\/lamarseillaise\/news\/wp-json\/wp\/v2\/types\/post"}],"author":[{"embeddable":true,"href":"https:\/\/euapp01.newsmemory.com\/lamarseillaise\/news\/wp-json\/wp\/v2\/users\/1"}],"replies":[{"embeddable":true,"href":"https:\/\/euapp01.newsmemory.com\/lamarseillaise\/news\/wp-json\/wp\/v2\/comments?post=35437"}],"version-history":[{"count":1,"href":"https:\/\/euapp01.newsmemory.com\/lamarseillaise\/news\/wp-json\/wp\/v2\/posts\/35437\/revisions"}],"predecessor-version":[{"id":35439,"href":"https:\/\/euapp01.newsmemory.com\/lamarseillaise\/news\/wp-json\/wp\/v2\/posts\/35437\/revisions\/35439"}],"wp:featuredmedia":[{"embeddable":true,"href":"https:\/\/euapp01.newsmemory.com\/lamarseillaise\/news\/wp-json\/wp\/v2\/media\/35438"}],"wp:attachment":[{"href":"https:\/\/euapp01.newsmemory.com\/lamarseillaise\/news\/wp-json\/wp\/v2\/media?parent=35437"}],"wp:term":[{"taxonomy":"category","embeddable":true,"href":"https:\/\/euapp01.newsmemory.com\/lamarseillaise\/news\/wp-json\/wp\/v2\/categories?post=35437"},{"taxonomy":"post_tag","embeddable":true,"href":"https:\/\/euapp01.newsmemory.com\/lamarseillaise\/news\/wp-json\/wp\/v2\/tags?post=35437"},{"taxonomy":"news-destination","embeddable":true,"href":"https:\/\/euapp01.newsmemory.com\/lamarseillaise\/news\/wp-json\/wp\/v2\/news-destination?post=35437"},{"taxonomy":"news-source","embeddable":true,"href":"https:\/\/euapp01.newsmemory.com\/lamarseillaise\/news\/wp-json\/wp\/v2\/news-source?post=35437"},{"taxonomy":"is_homepage","embeddable":true,"href":"https:\/\/euapp01.newsmemory.com\/lamarseillaise\/news\/wp-json\/wp\/v2\/is_homepage?post=35437"},{"taxonomy":"ta_other","embeddable":true,"href":"https:\/\/euapp01.newsmemory.com\/lamarseillaise\/news\/wp-json\/wp\/v2\/ta_other?post=35437"}],"curies":[{"name":"wp","href":"https:\/\/api.w.org\/{rel}","templated":true}]}}