{"id":35434,"date":"2026-07-06T10:16:00","date_gmt":"2026-07-06T08:16:00","guid":{"rendered":"https:\/\/euapp01.newsmemory.com\/lamarseillaise\/news\/?p=35434"},"modified":"2026-07-11T07:15:00","modified_gmt":"2026-07-11T05:15:00","slug":"aurelie-bories","status":"publish","type":"post","link":"https:\/\/euapp01.newsmemory.com\/lamarseillaise\/news\/2026\/07\/06\/aurelie-bories\/","title":{"rendered":"Aur\u00e9lie Bories : \u00ab La premi\u00e8re fois au Mondial est toujours tr\u00e8s impressionnante \u00bb"},"content":{"rendered":"<div class=\"paragraph\">\n<p>La Marseillaise : <b>Comment s\u2019est pass\u00e9e cette nouvelle aventure pour vous \u00e0 La Marseillaise<\/b><b>\u00a0<\/b><b>?<\/b><\/p>\n<p>Aur\u00e9lie Bories : Les deux premi\u00e8res journ\u00e9es ont \u00e9t\u00e9 un peu compliqu\u00e9es au d\u00e9part. Je joue avec Camille Picard et Nad\u00e8ge Baussian, et on ne connaissait pas du tout Camille. Elle n\u2019a que 18 ans, donc il a fallu que chacune prenne ses rep\u00e8res. Depuis samedi, en revanche, tout fonctionne tr\u00e8s bien. D\u00e8s que l\u2019une est en difficult\u00e9, les deux autres prennent le relais. C\u2019est cette solidarit\u00e9 qui nous a permis de nous en sortir.<\/p>\n<p><b>Vous \u00e9voluez aux c\u00f4t\u00e9s de Camille Picard, qui dispute sa premi\u00e8re saison chez les seniors, apr\u00e8s avoir brill\u00e9 dans les cat\u00e9gories jeunes. Un mot sur elle<\/b><b>\u00a0<\/b><b>?<\/b><\/p>\n<p>A.B. : Camille, je ne la connaissais pas du tout. Pour \u00eatre pass\u00e9e par les Espoirs il y a pr\u00e8s de dix ans, je sais \u00e0 quel point il est difficile d\u2019int\u00e9grer un groupe de seniors. Avec Nad\u00e8ge, on essaie donc de jouer un r\u00f4le de grandes s\u0153urs, de l\u2019accompagner et de la mettre en confiance. Plus elle est \u00e0 l\u2019aise, plus il lui est facile de s\u2019exprimer sur le terrain. Et franchement, elle est super. Elle r\u00e9alise un tr\u00e8s bon tournoi, elle est \u00e0 l\u2019\u00e9coute, investie et toujours pr\u00e9sente. Je n\u2019ai vraiment rien \u00e0 lui reprocher.<\/p>\n<p><b>Justement, cette complicit\u00e9 est-elle essentielle \u00e0 vos yeux au moment de constituer une \u00e9quipe ?<\/b><\/p>\n<p>A.B. : C\u2019est clair que le feeling, c\u2019est la cl\u00e9 pour moi. Tu peux jouer avec deux filles qui sont vraiment tr\u00e8s fortes. Mais si tu n\u2019es pas \u00e0 l\u2019aise, si tu n\u2019arrives pas \u00e0 t\u2019entendre, que ce soit dans le jeu ou en dehors, franchement, ce n\u2019est pas la peine. Quand \u00e7a va aller, \u00e7a roule. Mais quand il y a une petite faiblesse, c\u2019est l\u00e0 o\u00f9 on n\u2019arrivera pas \u00e0 relever la t\u00eate. C\u2019est ce qui fait la diff\u00e9rence de jouer avec des filles avec qui on s\u2019entend bien.<\/p>\n<p><b>La Marseillaise est un concours \u00e0 part dans la saison. Qu\u2019est-ce que cela vous inspire ?<\/b><\/p>\n<p>A.B. : \u00c7a me pla\u00eet, parce que \u00e7a me rappelle forc\u00e9ment le Mondial de Millau, o\u00f9 l\u2019on jouait aussi dans les all\u00e9es, avec beaucoup de monde autour des parties. C\u2019est une ambiance que je connais et \u00e0 laquelle je suis habitu\u00e9e. La premi\u00e8re fois au Mondial est toujours impressionnante, mais on s\u2019y fait vite. Et puis, c\u2019est agr\u00e9able d\u2019\u00eatre aussi proche du public.<\/p>\n<p><b>Quel regard portez-vous<br \/>sur l\u2019\u00e9volution de la pratique f\u00e9minine ?<\/b><\/p>\n<p>A.B. : La p\u00e9tanque f\u00e9minine est de plus en plus m\u00e9diatis\u00e9e. Il y a encore quelques ann\u00e9es, ce n\u2019\u00e9tait pas le cas. Apr\u00e8s, bien s\u00fbr qu\u2019il reste du chemin \u00e0 parcourir, car nous ne b\u00e9n\u00e9ficions pas encore de la m\u00eame visibilit\u00e9 que les hommes. Mais les choses \u00e9voluent dans le bon sens, avec de r\u00e9elles am\u00e9liorations et il faut continuer sur cette voie.<\/p>\n<p><b>Le sport reste-t-il encore d\u00e9s\u00e9quilibr\u00e9 selon vous<\/b><b>\u00a0<\/b><b>?<\/b><\/p>\n<p>A.B. : On parle beaucoup des hommes, on en parle tout le temps m\u00eame. Ils sont souvent prioritaires, et les femmes viennent ensuite, que ce soit sur le plan m\u00e9diatique ou dans l\u2019organisation des concours. Il est donc difficile pour nous d\u2019avoir la m\u00eame visibilit\u00e9. C\u2019est aussi aux organisateurs de mettre davantage les femmes en avant. Ici, le fait de proposer des demi-finales t\u00e9l\u00e9vis\u00e9es, c\u2019est d\u00e9j\u00e0 un bon pas en avant.<\/p>\n<p><b>Vous avez r\u00e9cemment repr\u00e9sent\u00e9 la France aux championnats d\u2019Europe, o\u00f9 vous avez glan\u00e9 deux m\u00e9dailles (une en argent et une bronze). Quel bilan en tirez-vous sur le plan personnel ?<\/b><\/p>\n<p>A.B. : Les Championnats d\u2019Europe laissent un go\u00fbt d\u2019inachev\u00e9. Avec Charlotte, contre les Suisses, on a clairement laiss\u00e9 passer le match. On m\u00e8ne 6-4, puis on s\u2019\u00e9teint compl\u00e8tement. En t\u00eate-\u00e0-t\u00eate, je perds \u00e0 9, et c\u2019est de ma responsabilit\u00e9 : je ne r\u00e9alise pas une bonne main de 3, ce qui me co\u00fbte cher. C\u2019est une comp\u00e9tition extr\u00eamement exigeante, o\u00f9 il faut encha\u00eener doublettes, t\u00eate-\u00e0-t\u00eate et doublettes mixtes en restant constamment concentr\u00e9. La pression est forte, les journ\u00e9es sont longues, avec des d\u00e9buts t\u00f4t le matin et des fins tard le soir. C\u2019est vraiment difficile \u00e0 g\u00e9rer. On revient malgr\u00e9 tout avec quelques m\u00e9dailles. Ce ne sont pas les plus belles, mais cela reste une satisfaction.<\/p>\n<\/p><\/div>\n","protected":false},"excerpt":{"rendered":"La Marseillaise : Comment s&rsquo;est pass&eacute;e cette nouvelle aventure pour vous &agrave; La Marseillaise&nbsp;?Aur&eacute;lie Bories : Les deux premi&egrave;res journ&eacute;es ont &eacute;t&eacute; un peu compliqu&eacute;es au d&eacute;part. &#8230;","protected":false},"author":1,"featured_media":35435,"comment_status":"open","ping_status":"open","sticky":false,"template":"","format":"standard","meta":{"footnotes":""},"categories":[7],"tags":[10,102,387,3987,16,2582,897,260],"news-destination":[],"news-source":[475],"is_homepage":[],"ta_other":[],"class_list":["post-35434","post","type-post","status-publish","format-standard","has-post-thumbnail","hentry","category-sports","tag-bouches-du-rhone","tag-collectif","tag-femmes","tag-le-mondial-la-marseillaise-a-petanque-2025","tag-marseille","tag-medailles","tag-petanque-feminine","tag-solidarite","news-source-website"],"_links":{"self":[{"href":"https:\/\/euapp01.newsmemory.com\/lamarseillaise\/news\/wp-json\/wp\/v2\/posts\/35434","targetHints":{"allow":["GET"]}}],"collection":[{"href":"https:\/\/euapp01.newsmemory.com\/lamarseillaise\/news\/wp-json\/wp\/v2\/posts"}],"about":[{"href":"https:\/\/euapp01.newsmemory.com\/lamarseillaise\/news\/wp-json\/wp\/v2\/types\/post"}],"author":[{"embeddable":true,"href":"https:\/\/euapp01.newsmemory.com\/lamarseillaise\/news\/wp-json\/wp\/v2\/users\/1"}],"replies":[{"embeddable":true,"href":"https:\/\/euapp01.newsmemory.com\/lamarseillaise\/news\/wp-json\/wp\/v2\/comments?post=35434"}],"version-history":[{"count":3,"href":"https:\/\/euapp01.newsmemory.com\/lamarseillaise\/news\/wp-json\/wp\/v2\/posts\/35434\/revisions"}],"predecessor-version":[{"id":35468,"href":"https:\/\/euapp01.newsmemory.com\/lamarseillaise\/news\/wp-json\/wp\/v2\/posts\/35434\/revisions\/35468"}],"wp:featuredmedia":[{"embeddable":true,"href":"https:\/\/euapp01.newsmemory.com\/lamarseillaise\/news\/wp-json\/wp\/v2\/media\/35435"}],"wp:attachment":[{"href":"https:\/\/euapp01.newsmemory.com\/lamarseillaise\/news\/wp-json\/wp\/v2\/media?parent=35434"}],"wp:term":[{"taxonomy":"category","embeddable":true,"href":"https:\/\/euapp01.newsmemory.com\/lamarseillaise\/news\/wp-json\/wp\/v2\/categories?post=35434"},{"taxonomy":"post_tag","embeddable":true,"href":"https:\/\/euapp01.newsmemory.com\/lamarseillaise\/news\/wp-json\/wp\/v2\/tags?post=35434"},{"taxonomy":"news-destination","embeddable":true,"href":"https:\/\/euapp01.newsmemory.com\/lamarseillaise\/news\/wp-json\/wp\/v2\/news-destination?post=35434"},{"taxonomy":"news-source","embeddable":true,"href":"https:\/\/euapp01.newsmemory.com\/lamarseillaise\/news\/wp-json\/wp\/v2\/news-source?post=35434"},{"taxonomy":"is_homepage","embeddable":true,"href":"https:\/\/euapp01.newsmemory.com\/lamarseillaise\/news\/wp-json\/wp\/v2\/is_homepage?post=35434"},{"taxonomy":"ta_other","embeddable":true,"href":"https:\/\/euapp01.newsmemory.com\/lamarseillaise\/news\/wp-json\/wp\/v2\/ta_other?post=35434"}],"curies":[{"name":"wp","href":"https:\/\/api.w.org\/{rel}","templated":true}]}}