{"id":35431,"date":"2026-07-06T08:36:02","date_gmt":"2026-07-06T06:36:02","guid":{"rendered":"https:\/\/euapp01.newsmemory.com\/lamarseillaise\/news\/?p=35431"},"modified":"2026-07-06T10:08:57","modified_gmt":"2026-07-06T08:08:57","slug":"premier-mondial-pour-les-finlandais","status":"publish","type":"post","link":"https:\/\/euapp01.newsmemory.com\/lamarseillaise\/news\/2026\/07\/06\/premier-mondial-pour-les-finlandais\/","title":{"rendered":"Premier Mondial pour les Finlandais"},"content":{"rendered":"<div class=\"intext\"> Une passion<br \/>\n               <br \/>qui rassemble\n              <\/div>\n<div class=\"paragraph\">\n<p>Cr\u00e9e dans les ann\u00e9es 1980 par des Fran\u00e7ais install\u00e9s en Finlande, la F\u00e9d\u00e9ration finlandaise de p\u00e9tanque compte de plus en plus de membres. Licenci\u00e9s d\u2019un club d\u2019Helsinki, Riku Manni, Kimmo H\u00e4\u00e4r\u00e4 et Rami Sepp\u00e4l\u00e4 pratiquent la p\u00e9tanque ensemble depuis 2017.<\/p>\n<\/p><\/div>\n<div class=\"intext\"> Un premier mondial\n              <\/div>\n<div class=\"paragraph\">\n<p>Pour ce groupe d\u2019amis finlandais, participer au Mondial \u00e9tait un passage obligatoire dans leur carri\u00e8re sportive. Ravis par l\u2019ambiance et l\u2019ensemble des parties de p\u00e9tanque qu\u2019ils vont disputer m\u00eame hors comp\u00e9tition, les Finlandais comptent profiter du Mondial jusqu\u2019\u00e0 la finale, mercredi.<\/p>\n<\/p><\/div>\n<div class=\"intext\"> Strat\u00e9gie et convivialit\u00e9\n              <\/div>\n<div class=\"paragraph\">\n<p>Riku Manni, Kimmo H\u00e4\u00e4r\u00e4 et Rami Sepp\u00e4l\u00e4 s\u2019accordent sur le fait qu\u2019ils appr\u00e9cient particuli\u00e8rement \u00ab\u00a0<i>la strat\u00e9gie qu\u2019il faut mettre en place lors d\u2019une partie, \u00e7a change \u00e0 chaque fois et c\u2019est stimulant<\/i><i>\u00a0<\/i><i>\u00bb<\/i>. Au cours de l\u2019ann\u00e9e, ils s\u2019entra\u00eenent plusieurs fois par semaine, \u00e0 l\u2019int\u00e9rieur en hiver et \u00e0 l\u2019ext\u00e9rieur lorsque le temps le permet.<\/p>\n<\/p><\/div>\n<div class=\"intext\"> Les boulistes fran\u00e7ais\u00a0: un mod\u00e8le\n              <\/div>\n<div class=\"paragraph\">\n<p>Une des choses qu\u2019ils attendent le plus\u00a0: croiser les champions fran\u00e7ais dans les all\u00e9es du parc Bor\u00e9ly. Parmi ceux qu\u2019ils ont le plus envie de croiser\u00a0: Micka\u00ebl Bonetto. Chaque ann\u00e9e, ils suivent l\u2019ensemble des parties en ligne.<\/p>\n<\/p><\/div>\n","protected":false},"excerpt":{"rendered":"Cr&eacute;e dans les ann&eacute;es 1980 par des Fran&ccedil;ais install&eacute;s en Finlande, la F&eacute;d&eacute;ration finlandaise de p&eacute;tanque compte de plus en plus de membres. Licenci&eacute;s d&rsquo;un club d&rsquo;Helsinki, Riku &#8230;","protected":false},"author":1,"featured_media":35432,"comment_status":"open","ping_status":"open","sticky":false,"template":"","format":"standard","meta":{"footnotes":""},"categories":[7],"tags":[10,1161,1341,1697,6032,2079,16,896],"news-destination":[],"news-source":[475],"is_homepage":[],"ta_other":[],"class_list":["post-35431","post","type-post","status-publish","format-standard","has-post-thumbnail","hentry","category-sports","tag-bouches-du-rhone","tag-boules","tag-convivialite","tag-ensemble","tag-finlande","tag-francais","tag-marseille","tag-mondial-la-marseillaise-a-petanque","news-source-website"],"_links":{"self":[{"href":"https:\/\/euapp01.newsmemory.com\/lamarseillaise\/news\/wp-json\/wp\/v2\/posts\/35431","targetHints":{"allow":["GET"]}}],"collection":[{"href":"https:\/\/euapp01.newsmemory.com\/lamarseillaise\/news\/wp-json\/wp\/v2\/posts"}],"about":[{"href":"https:\/\/euapp01.newsmemory.com\/lamarseillaise\/news\/wp-json\/wp\/v2\/types\/post"}],"author":[{"embeddable":true,"href":"https:\/\/euapp01.newsmemory.com\/lamarseillaise\/news\/wp-json\/wp\/v2\/users\/1"}],"replies":[{"embeddable":true,"href":"https:\/\/euapp01.newsmemory.com\/lamarseillaise\/news\/wp-json\/wp\/v2\/comments?post=35431"}],"version-history":[{"count":1,"href":"https:\/\/euapp01.newsmemory.com\/lamarseillaise\/news\/wp-json\/wp\/v2\/posts\/35431\/revisions"}],"predecessor-version":[{"id":35433,"href":"https:\/\/euapp01.newsmemory.com\/lamarseillaise\/news\/wp-json\/wp\/v2\/posts\/35431\/revisions\/35433"}],"wp:featuredmedia":[{"embeddable":true,"href":"https:\/\/euapp01.newsmemory.com\/lamarseillaise\/news\/wp-json\/wp\/v2\/media\/35432"}],"wp:attachment":[{"href":"https:\/\/euapp01.newsmemory.com\/lamarseillaise\/news\/wp-json\/wp\/v2\/media?parent=35431"}],"wp:term":[{"taxonomy":"category","embeddable":true,"href":"https:\/\/euapp01.newsmemory.com\/lamarseillaise\/news\/wp-json\/wp\/v2\/categories?post=35431"},{"taxonomy":"post_tag","embeddable":true,"href":"https:\/\/euapp01.newsmemory.com\/lamarseillaise\/news\/wp-json\/wp\/v2\/tags?post=35431"},{"taxonomy":"news-destination","embeddable":true,"href":"https:\/\/euapp01.newsmemory.com\/lamarseillaise\/news\/wp-json\/wp\/v2\/news-destination?post=35431"},{"taxonomy":"news-source","embeddable":true,"href":"https:\/\/euapp01.newsmemory.com\/lamarseillaise\/news\/wp-json\/wp\/v2\/news-source?post=35431"},{"taxonomy":"is_homepage","embeddable":true,"href":"https:\/\/euapp01.newsmemory.com\/lamarseillaise\/news\/wp-json\/wp\/v2\/is_homepage?post=35431"},{"taxonomy":"ta_other","embeddable":true,"href":"https:\/\/euapp01.newsmemory.com\/lamarseillaise\/news\/wp-json\/wp\/v2\/ta_other?post=35431"}],"curies":[{"name":"wp","href":"https:\/\/api.w.org\/{rel}","templated":true}]}}