{"id":35425,"date":"2026-07-06T08:37:00","date_gmt":"2026-07-06T06:37:00","guid":{"rendered":"https:\/\/euapp01.newsmemory.com\/lamarseillaise\/news\/?p=35425"},"modified":"2026-07-06T10:08:56","modified_gmt":"2026-07-06T08:08:56","slug":"le-club-des-60-pour-nenette-leternel","status":"publish","type":"post","link":"https:\/\/euapp01.newsmemory.com\/lamarseillaise\/news\/2026\/07\/06\/le-club-des-60-pour-nenette-leternel\/","title":{"rendered":"Le club des 60 pour \u00ab&nbsp;N\u00e9nette&nbsp;\u00bb l\u2019\u00e9ternel"},"content":{"rendered":"<div class=\"paragraph\">\n<p>Il suffit de quelques secondes pour retrouver l\u2019une des coqueluches de cette 65<sup>e<\/sup> \u00e9dition du Mondial La Marseillaise. V\u00eatu d\u2019un T-Shirt bleu avec l\u2019inscription \u00ab\u00a0<i>La 60<\/i><i><sup>e<\/sup><\/i><i> de N\u00e9nette<\/i><i>\u00a0<\/i>\u00bb, Yves Garc\u00e8s, alias N\u00e9nette, a quitt\u00e9 son fauteuil pour l\u2019occasion. \u00ab\u00a0<i>Je suis un peu estropi\u00e9 maintenant<\/i><i>\u00a0<\/i><i>\u00bb<\/i>, raconte celui qui a disput\u00e9 sa 60<sup>e<\/sup> \u00e9dition du Mondial La Marseillaise. Il se souvient de sa premi\u00e8re en 1966, \u00e0 seulement 16 ans. \u00ab\u00a0<i>Je n\u2019avais pas le permis, je jouais avec un monsieur qui est d\u00e9c\u00e9d\u00e9 depuis. Il m\u2019amenait en voiture.<\/i><i>\u00a0<\/i><i>\u00bb<\/i> \u00c0 76\u00a0ans, Yves habite \u00e0 M\u00e8ze, dans l\u2019H\u00e9rault mais a lou\u00e9 \u00ab\u00a0<i>un petit appartement \u00e0 quelques minutes du Parc Bor\u00e9ly<\/i><i>\u00a0<\/i><i>\u00bb<\/i>.<\/p>\n<\/p><\/div>\n<div class=\"intext\"> \u00ab\u00a0Le plus beau concours<br \/>\n               <br \/>du monde\u00a0\u00bb\n              <\/div>\n<div class=\"paragraph\">\n<p>Sous le regard souriant de sa femme qui l\u2019observe, Yves d\u00e9balle ses souvenirs avec beaucoup de nostalgie. Il se souvient d\u2019une \u00e9dition, son meilleur r\u00e9sultat\u00a0: \u00ab\u00a0<i>Ce fameux mardi, je jouais avec un ami tr\u00e8s cher qui est d\u00e9c\u00e9d\u00e9. Il m\u2019a fait croire toute la nuit qu\u2019il serait possiblement absent le lendemain. Pour une fois que j\u2019\u00e9tais qualifi\u00e9 le mardi&#8230; Finalement, on a jou\u00e9 le matin, et on a perdu.<\/i><i>\u00a0<\/i><i>\u00bb<\/i> N\u00e9nette, qui doit son surnom \u00e0 un diminutif choisi par son grand-p\u00e8re pendant la Premi\u00e8re Guerre Mondiale, reconna\u00eet volontiers que le Mondial a chang\u00e9 depuis sa premi\u00e8re participation. Sans perdre sa saveur d\u2019antan : \u00ab\u00a0<i>Tu te r\u00e9gales tous les ans avec les gens que tu rencontres. M\u00eame si on perd, on va boire un petit pastis \u00e0 la guinguette. C\u2019est un beau concours, le plus beau du monde, je pense<\/i><i>\u00a0<\/i><i>\u00bb.<\/i> Lui postule pour le titre du joueur le plus fid\u00e8le au Mondial.<\/p>\n<\/p><\/div>\n","protected":false},"excerpt":{"rendered":"Il suffit de quelques secondes pour retrouver l&rsquo;une des coqueluches de cette 65e &eacute;dition du Mondial La Marseillaise. V&ecirc;tu d&rsquo;un T-Shirt bleu avec l&rsquo;inscription &laquo;&nbsp;La 60e de N&eacute;nette&nbsp;&raquo;, Yves &#8230;","protected":false},"author":1,"featured_media":35426,"comment_status":"open","ping_status":"open","sticky":false,"template":"","format":"standard","meta":{"footnotes":""},"categories":[7],"tags":[10,1161,1003,5817,3987,16,4881,2915],"news-destination":[],"news-source":[475],"is_homepage":[],"ta_other":[],"class_list":["post-35425","post","type-post","status-publish","format-standard","has-post-thumbnail","hentry","category-sports","tag-bouches-du-rhone","tag-boules","tag-concours","tag-guinguette","tag-le-mondial-la-marseillaise-a-petanque-2025","tag-marseille","tag-pastis","tag-souvenirs","news-source-website"],"_links":{"self":[{"href":"https:\/\/euapp01.newsmemory.com\/lamarseillaise\/news\/wp-json\/wp\/v2\/posts\/35425","targetHints":{"allow":["GET"]}}],"collection":[{"href":"https:\/\/euapp01.newsmemory.com\/lamarseillaise\/news\/wp-json\/wp\/v2\/posts"}],"about":[{"href":"https:\/\/euapp01.newsmemory.com\/lamarseillaise\/news\/wp-json\/wp\/v2\/types\/post"}],"author":[{"embeddable":true,"href":"https:\/\/euapp01.newsmemory.com\/lamarseillaise\/news\/wp-json\/wp\/v2\/users\/1"}],"replies":[{"embeddable":true,"href":"https:\/\/euapp01.newsmemory.com\/lamarseillaise\/news\/wp-json\/wp\/v2\/comments?post=35425"}],"version-history":[{"count":1,"href":"https:\/\/euapp01.newsmemory.com\/lamarseillaise\/news\/wp-json\/wp\/v2\/posts\/35425\/revisions"}],"predecessor-version":[{"id":35427,"href":"https:\/\/euapp01.newsmemory.com\/lamarseillaise\/news\/wp-json\/wp\/v2\/posts\/35425\/revisions\/35427"}],"wp:featuredmedia":[{"embeddable":true,"href":"https:\/\/euapp01.newsmemory.com\/lamarseillaise\/news\/wp-json\/wp\/v2\/media\/35426"}],"wp:attachment":[{"href":"https:\/\/euapp01.newsmemory.com\/lamarseillaise\/news\/wp-json\/wp\/v2\/media?parent=35425"}],"wp:term":[{"taxonomy":"category","embeddable":true,"href":"https:\/\/euapp01.newsmemory.com\/lamarseillaise\/news\/wp-json\/wp\/v2\/categories?post=35425"},{"taxonomy":"post_tag","embeddable":true,"href":"https:\/\/euapp01.newsmemory.com\/lamarseillaise\/news\/wp-json\/wp\/v2\/tags?post=35425"},{"taxonomy":"news-destination","embeddable":true,"href":"https:\/\/euapp01.newsmemory.com\/lamarseillaise\/news\/wp-json\/wp\/v2\/news-destination?post=35425"},{"taxonomy":"news-source","embeddable":true,"href":"https:\/\/euapp01.newsmemory.com\/lamarseillaise\/news\/wp-json\/wp\/v2\/news-source?post=35425"},{"taxonomy":"is_homepage","embeddable":true,"href":"https:\/\/euapp01.newsmemory.com\/lamarseillaise\/news\/wp-json\/wp\/v2\/is_homepage?post=35425"},{"taxonomy":"ta_other","embeddable":true,"href":"https:\/\/euapp01.newsmemory.com\/lamarseillaise\/news\/wp-json\/wp\/v2\/ta_other?post=35425"}],"curies":[{"name":"wp","href":"https:\/\/api.w.org\/{rel}","templated":true}]}}