{"id":35422,"date":"2026-07-06T11:47:00","date_gmt":"2026-07-06T09:47:00","guid":{"rendered":"https:\/\/euapp01.newsmemory.com\/lamarseillaise\/news\/?p=35422"},"modified":"2026-07-06T12:07:03","modified_gmt":"2026-07-06T10:07:03","slug":"un-vent-de-fraicheur-avec-picard","status":"publish","type":"post","link":"https:\/\/euapp01.newsmemory.com\/lamarseillaise\/news\/2026\/07\/06\/un-vent-de-fraicheur-avec-picard\/","title":{"rendered":"Un vent de fra\u00eecheur avec l\u2019\u00e9quipe Picard"},"content":{"rendered":"<div class=\"paragraph\">\n<p>Nous attendions Charlotte Darodes, quand est arriv\u00e9e Camille Picard, il en est de m\u00eame dans la formation d\u2019Anna Maillard, ou en lieu et place d\u2019Ang\u00e9lique Colombet nous avons vu poindre Cindy Peyrot. Dans un parc Bor\u00e9ly inond\u00e9 par le soleil et sous une temp\u00e9rature \u00e9touffante, ces dames se sont lanc\u00e9es \u00e0 la conqu\u00eate du titre le plus convoit\u00e9, en mode concours, de la plan\u00e8te boules.<br \/>Le GP f\u00e9minin Paprec La\u00a0Marseillaise. Au terme de ce vendredi, on note que pour 154\u00a0triplettes a sonn\u00e9 la fin du voyage et des joueuses pas souvent habitu\u00e9es \u00e0 sortir si t\u00f4t du d\u00e9bat manquent \u00e0 l\u2019appel. Signe qu\u2019in\u00e9luctablement la bataille pour entrer dans l\u2019emballage final aura \u00e9t\u00e9 impitoyable.<\/p>\n<\/p><\/div>\n<div class=\"intext\"> Un bouquet final<br \/>\n               <br \/>au parfum national\n              <\/div>\n<div class=\"paragraph\">\n<p>Un panel de 32\u00a0\u00e9quipes se retrouve samedi pour aborder les 16<sup>e<\/sup> de finale. Premier constat\u00a0: \u00e0 de rares exceptions, on note la pr\u00e9sence du haut de gamme, une pl\u00e9iade de joueuses au palmar\u00e8s qui imposent le respect. Il y a l\u00e0 des championnes de toutes les dimensions. D\u00e9taillons, en plus des quatre \u00e9quipes de France, une \u00e9quipe belge, une \u00e9quipe tha\u00eflandaise qui va prendre le meilleur sur la formation de Muriel Ben Hocine, avant que Marie-France Coulange ne venge ses camarades. Des joueuses de dimensions internationales comme la Canadienne Maryse Bergeron, dont on peut penser qu\u2019elle va aider Fabienne Berdoyes \u00e0 aller d\u00e9crocher sa septi\u00e8me \u00e9toile. Il n\u2019en sera en fait rien, M\u00e9lanie Jullien vainqueur en 2023 passera par l\u00e0. Un trio d\u2019anciennes vainqueurs est l\u00e0 aussi, Sabine Fara, St\u00e9phanie Fournier en 2023 et Axelle Bernard en 2020<\/p>\n<p>En 8<sup>e<\/sup> les joueuses labellis\u00e9es \u00ab\u00a0France\u00a0\u00bb poursuivent leur marche qui s\u2019annonce triomphale. L\u2019Ajaccienne Coralie Caratini \u00e9choue face \u00e0 Anna Maillard. En quart, c\u2019est Sabine Fara qui s\u2019incline face \u00e0 Camille Picard.<\/p>\n<p>En demi-finales, c\u2019est M\u00e9lissa Mordenti et les championnes de France qui quittent l\u2019\u00e9preuve. Ces derni\u00e8res battues par Camille Picard et ses partenaires.<\/p>\n<p>Hier matin, sous un soleil de plomb, les deux teams nationaux se sont retrouv\u00e9s, dans un central surchauff\u00e9, sous un soleil de plomb. Sous l\u2019arbitrage de Jean-Luc Fuentes et Dominique Lebots, arbitres internationaux. Des conditions d\u00e9licates, qui vont avoir un impact sur la prestation de ces joueuses. Ludivine Lovet et ses partenaires, vont essayer de rechercher la meilleure formule mais rien n\u2019y fera. La formation de Camille Picard, sous l\u2019impulsion de Nad\u00e8ge Baussian-Protat, qui recevra des mains de Sylvette Innocenti le challenge de la meilleure joueuse, va s\u2019imposer en dix m\u00e8nes sur le score de 13 \u00e0 8. On notera que ce r\u00e9sultat emp\u00eache Ludivine Lovet de remporter une 4<sup>e<\/sup> victoire.<\/p>\n<\/p><\/div>\n<div class=\"paragraph\">\n<p>\u00c9volution du score<\/p>\n<p>Picard-Lovet\u00a0: 3-0\/5-0 \/ 5-3\/ 6-3\/ N\/ 9-3\/ 10-3 \/ 10-6 \/10-8 \/ 13-8<\/p>\n<\/p><\/div>\n","protected":false},"excerpt":{"rendered":"Nous attendions Charlotte Darodes, quand est arriv&eacute;e Camille Picard, il en est de m&ecirc;me dans la formation d&rsquo;Anna Maillard, ou en lieu et place d&rsquo;Ang&eacute;lique Colombet nous avons vu poindre Cindy Peyrot. Dans un parc &#8230;","protected":false},"author":1,"featured_media":35423,"comment_status":"open","ping_status":"open","sticky":false,"template":"","format":"standard","meta":{"footnotes":""},"categories":[7],"tags":[10,5560,16,4647],"news-destination":[],"news-source":[475],"is_homepage":[],"ta_other":[],"class_list":["post-35422","post","type-post","status-publish","format-standard","has-post-thumbnail","hentry","category-sports","tag-bouches-du-rhone","tag-le-mondial-la-marseillaise-2026","tag-marseille","tag-mlm2026","news-source-website"],"_links":{"self":[{"href":"https:\/\/euapp01.newsmemory.com\/lamarseillaise\/news\/wp-json\/wp\/v2\/posts\/35422","targetHints":{"allow":["GET"]}}],"collection":[{"href":"https:\/\/euapp01.newsmemory.com\/lamarseillaise\/news\/wp-json\/wp\/v2\/posts"}],"about":[{"href":"https:\/\/euapp01.newsmemory.com\/lamarseillaise\/news\/wp-json\/wp\/v2\/types\/post"}],"author":[{"embeddable":true,"href":"https:\/\/euapp01.newsmemory.com\/lamarseillaise\/news\/wp-json\/wp\/v2\/users\/1"}],"replies":[{"embeddable":true,"href":"https:\/\/euapp01.newsmemory.com\/lamarseillaise\/news\/wp-json\/wp\/v2\/comments?post=35422"}],"version-history":[{"count":3,"href":"https:\/\/euapp01.newsmemory.com\/lamarseillaise\/news\/wp-json\/wp\/v2\/posts\/35422\/revisions"}],"predecessor-version":[{"id":35469,"href":"https:\/\/euapp01.newsmemory.com\/lamarseillaise\/news\/wp-json\/wp\/v2\/posts\/35422\/revisions\/35469"}],"wp:featuredmedia":[{"embeddable":true,"href":"https:\/\/euapp01.newsmemory.com\/lamarseillaise\/news\/wp-json\/wp\/v2\/media\/35423"}],"wp:attachment":[{"href":"https:\/\/euapp01.newsmemory.com\/lamarseillaise\/news\/wp-json\/wp\/v2\/media?parent=35422"}],"wp:term":[{"taxonomy":"category","embeddable":true,"href":"https:\/\/euapp01.newsmemory.com\/lamarseillaise\/news\/wp-json\/wp\/v2\/categories?post=35422"},{"taxonomy":"post_tag","embeddable":true,"href":"https:\/\/euapp01.newsmemory.com\/lamarseillaise\/news\/wp-json\/wp\/v2\/tags?post=35422"},{"taxonomy":"news-destination","embeddable":true,"href":"https:\/\/euapp01.newsmemory.com\/lamarseillaise\/news\/wp-json\/wp\/v2\/news-destination?post=35422"},{"taxonomy":"news-source","embeddable":true,"href":"https:\/\/euapp01.newsmemory.com\/lamarseillaise\/news\/wp-json\/wp\/v2\/news-source?post=35422"},{"taxonomy":"is_homepage","embeddable":true,"href":"https:\/\/euapp01.newsmemory.com\/lamarseillaise\/news\/wp-json\/wp\/v2\/is_homepage?post=35422"},{"taxonomy":"ta_other","embeddable":true,"href":"https:\/\/euapp01.newsmemory.com\/lamarseillaise\/news\/wp-json\/wp\/v2\/ta_other?post=35422"}],"curies":[{"name":"wp","href":"https:\/\/api.w.org\/{rel}","templated":true}]}}