{"id":35419,"date":"2026-07-06T07:34:00","date_gmt":"2026-07-06T05:34:00","guid":{"rendered":"https:\/\/euapp01.newsmemory.com\/lamarseillaise\/news\/?p=35419"},"modified":"2026-07-06T10:47:47","modified_gmt":"2026-07-06T08:47:47","slug":"le-japon-senflamme-pour-le-mondial","status":"publish","type":"post","link":"https:\/\/euapp01.newsmemory.com\/lamarseillaise\/news\/2026\/07\/06\/le-japon-senflamme-pour-le-mondial\/","title":{"rendered":"Le Japon s\u2019enflamme pour La Marseillaise"},"content":{"rendered":"<div class=\"paragraph\">\n<p>Trente-sept heures de voyage pour disputer le Mondial La Marseillaise. Hiratsuka Yoshiharu, Yamamoto Naofumi, Nabeshima Yoshihiro se sont offert un sacr\u00e9 p\u00e9riple pour leur passion. \u00ab\u00a0<i>C\u2019est le but absolu de notre voyage<\/i><i>\u00a0<\/i><i>\u00bb<\/i>, r\u00e9sume Yamamoto. Programm\u00e9s sur l\u2019hippodrome Bor\u00e9ly, les Japonais sont soutenus par un clan soud\u00e9. Genichiro Shibata permet de faire l\u2019interm\u00e9diaire gr\u00e2ce \u00e0 ses bases en fran\u00e7ais et en anglais. Il se mue m\u00eame en vid\u00e9aste pour l\u2019occasion et filme la quasi-int\u00e9gralit\u00e9 de la premi\u00e8re partie victorieuse de ses acolytes. La triplette japonaise n\u2019avait qu\u2019une h\u00e2te : fouler la terre du Parc Bor\u00e9ly. \u00ab\u00a0<i>Je me suis inscrit parce que je voulais d\u00e9couvrir la p\u00e9tanque authentique et vivre l\u2019ambiance du grand tournoi dans le pays o\u00f9 ce sport est n\u00e9<\/i><i>\u00a0<\/i><i>\u00bb<\/i>, se r\u00e9jouit Hiratsuka. Le capitaine a d\u00e9couvert la p\u00e9tanque il y a treize ans : \u00ab\u00a0<i>J\u2019ai commenc\u00e9 pour stimuler mes neurones et garder l\u2019esprit vif, comme un entra\u00eenement c\u00e9r\u00e9bral. Ma passion m\u2019a men\u00e9 jusqu\u2019\u00e0 Marseille<\/i><i>\u00a0<\/i><i>\u00bb.<\/i><\/p>\n<\/p><\/div>\n<div class=\"intext\"> \u00ab\u00a0Rencontrer des boulistes du monde entier\u00a0\u00bb\n              <\/div>\n<div class=\"paragraph\">\n<p>Ce dernier est particuli\u00e8rement impliqu\u00e9 dans le d\u00e9veloppement de la p\u00e9tanque dans son pays. \u00ab\u00a0<i>La communaut\u00e9 est majoritairement compos\u00e9e de personnes \u00e2g\u00e9es. J\u2019aimerais beaucoup que l\u2019on d\u00e9veloppe la p\u00e9tanque aupr\u00e8s des enfants et de la jeune g\u00e9n\u00e9ration<\/i><i>\u00a0<\/i><i>\u00bb<\/i>, esp\u00e8re de son c\u00f4t\u00e9 Yamamoto. Qualifi\u00e9s pour la deuxi\u00e8me journ\u00e9e, les Japonais ont pu compter sur Nabeshima, joueur \u00e0 la technique atypique\u00a0: \u00ab\u00a0<i>J\u2019ai surmont\u00e9 un grand d\u00e9fi<\/i><i>\u00a0<\/i><i>: je me suis bless\u00e9 au poignet droit, qui \u00e9tait ma main directrice. J\u2019ai alors bascul\u00e9 sur la main gauche depuis trois ans. Aujourd\u2019hui, je suis capable de jouer des deux mains<\/i><i>\u00a0<\/i><i>!<\/i><i>\u00a0<\/i><i>\u00bb<\/i>, relate celui qui a d\u00e9but\u00e9 la p\u00e9tanque il y a dix ans. Les Japonais ne vont pas se contenter du Mondial : ils sont d\u00e9j\u00e0 inscrits pour la 11<sup>e<\/sup> Supranational de Valr\u00e9as du 7 au 12 juillet. Avec une ambition qui d\u00e9passe largement le cadre du jeu : \u00ab <i>Rencontrer des p\u00e9tanqueu<\/i><i>rs du monde entier<\/i>\u00a0\u00bb.<\/p>\n<\/p><\/div>\n","protected":false},"excerpt":{"rendered":"Trente-sept heures de voyage pour disputer le Mondial La Marseillaise. Hiratsuka Yoshiharu, Yamamoto Naofumi, Nabeshima Yoshihiro se sont offert un sacr&eacute; p&eacute;riple pour leur passion. &laquo;&nbsp;C&rsquo;est le but absolu de notre &#8230;","protected":false},"author":1,"featured_media":35420,"comment_status":"open","ping_status":"open","sticky":false,"template":"","format":"standard","meta":{"footnotes":""},"categories":[7],"tags":[10,3986,16,1943,1013,3336],"news-destination":[],"news-source":[475],"is_homepage":[],"ta_other":[],"class_list":["post-35419","post","type-post","status-publish","format-standard","has-post-thumbnail","hentry","category-sports","tag-bouches-du-rhone","tag-le-mondial-la-marseillaise","tag-marseille","tag-personnes-agees","tag-petanque","tag-tournoi","news-source-website"],"_links":{"self":[{"href":"https:\/\/euapp01.newsmemory.com\/lamarseillaise\/news\/wp-json\/wp\/v2\/posts\/35419","targetHints":{"allow":["GET"]}}],"collection":[{"href":"https:\/\/euapp01.newsmemory.com\/lamarseillaise\/news\/wp-json\/wp\/v2\/posts"}],"about":[{"href":"https:\/\/euapp01.newsmemory.com\/lamarseillaise\/news\/wp-json\/wp\/v2\/types\/post"}],"author":[{"embeddable":true,"href":"https:\/\/euapp01.newsmemory.com\/lamarseillaise\/news\/wp-json\/wp\/v2\/users\/1"}],"replies":[{"embeddable":true,"href":"https:\/\/euapp01.newsmemory.com\/lamarseillaise\/news\/wp-json\/wp\/v2\/comments?post=35419"}],"version-history":[{"count":2,"href":"https:\/\/euapp01.newsmemory.com\/lamarseillaise\/news\/wp-json\/wp\/v2\/posts\/35419\/revisions"}],"predecessor-version":[{"id":35461,"href":"https:\/\/euapp01.newsmemory.com\/lamarseillaise\/news\/wp-json\/wp\/v2\/posts\/35419\/revisions\/35461"}],"wp:featuredmedia":[{"embeddable":true,"href":"https:\/\/euapp01.newsmemory.com\/lamarseillaise\/news\/wp-json\/wp\/v2\/media\/35420"}],"wp:attachment":[{"href":"https:\/\/euapp01.newsmemory.com\/lamarseillaise\/news\/wp-json\/wp\/v2\/media?parent=35419"}],"wp:term":[{"taxonomy":"category","embeddable":true,"href":"https:\/\/euapp01.newsmemory.com\/lamarseillaise\/news\/wp-json\/wp\/v2\/categories?post=35419"},{"taxonomy":"post_tag","embeddable":true,"href":"https:\/\/euapp01.newsmemory.com\/lamarseillaise\/news\/wp-json\/wp\/v2\/tags?post=35419"},{"taxonomy":"news-destination","embeddable":true,"href":"https:\/\/euapp01.newsmemory.com\/lamarseillaise\/news\/wp-json\/wp\/v2\/news-destination?post=35419"},{"taxonomy":"news-source","embeddable":true,"href":"https:\/\/euapp01.newsmemory.com\/lamarseillaise\/news\/wp-json\/wp\/v2\/news-source?post=35419"},{"taxonomy":"is_homepage","embeddable":true,"href":"https:\/\/euapp01.newsmemory.com\/lamarseillaise\/news\/wp-json\/wp\/v2\/is_homepage?post=35419"},{"taxonomy":"ta_other","embeddable":true,"href":"https:\/\/euapp01.newsmemory.com\/lamarseillaise\/news\/wp-json\/wp\/v2\/ta_other?post=35419"}],"curies":[{"name":"wp","href":"https:\/\/api.w.org\/{rel}","templated":true}]}}