{"id":35410,"date":"2026-07-06T09:01:00","date_gmt":"2026-07-06T07:01:00","guid":{"rendered":"https:\/\/euapp01.newsmemory.com\/lamarseillaise\/news\/?p=35410"},"modified":"2026-07-06T10:08:56","modified_gmt":"2026-07-06T08:08:56","slug":"jeux-2030-la-region-sud-mobilise-les-entreprises","status":"publish","type":"post","link":"https:\/\/euapp01.newsmemory.com\/lamarseillaise\/news\/2026\/07\/06\/jeux-2030-la-region-sud-mobilise-les-entreprises\/","title":{"rendered":"Jeux 2030 : la R\u00e9gion Sud mobilise les entreprises"},"content":{"rendered":"<div class=\"paragraph\">\n<p>\u00c0 l\u2019issue des \u00e9changes, la R\u00e9gion et plusieurs repr\u00e9sentants du monde \u00e9conomique r\u00e9gional ont sign\u00e9 un accord de partenariat visant \u00e0 mobiliser les entreprises dans la perspective des Jeux 2030 dans les Alpes. <span class=\"mln_uppercase_mln\">\u00e0<\/span> travers cet accord, \u00ab\u00a0<i>la R\u00e9gion s\u2019engage \u00e0 accompagner les entreprises pour <\/i>(<i>&#8230;<\/i>)<i> saisir les opportunit\u00e9s \u00e9conomiques <\/i>\u00ab<i>\u00a0<\/i><i>olympiques<\/i><i>\u00a0<\/i>\u00bb<i>, estim\u00e9es \u00e0 plus de 2<\/i><i>\u00a0<\/i><i>milliards d\u2019euros, dans des secteurs tels que infrastructures, mobilit\u00e9s, b\u00e2timent, travaux publics, ing\u00e9nierie ou services<\/i>\u00a0\u00bb. Une gouvernance d\u00e9di\u00e9e sera mise en place.<\/p>\n<\/p><\/div>\n","protected":false},"excerpt":{"rendered":"&Agrave; l&rsquo;issue des &eacute;changes, la R&eacute;gion et plusieurs repr&eacute;sentants du monde &eacute;conomique r&eacute;gional ont sign&eacute; un accord de partenariat visant &agrave; mobiliser les entreprises dans la perspective des &#8230;","protected":false},"author":1,"featured_media":35411,"comment_status":"open","ping_status":"open","sticky":false,"template":"","format":"standard","meta":{"footnotes":""},"categories":[338],"tags":[556,4768,10,945,486,4219,3486,4218,714,222,708,2191],"news-destination":[],"news-source":[475],"is_homepage":[],"ta_other":[],"class_list":["post-35410","post","type-post","status-publish","format-standard","has-post-thumbnail","hentry","category-economie","tag-aix-en-provence","tag-alpes","tag-bouches-du-rhone","tag-cohesion-sociale","tag-entreprises","tag-jeux-olympiques-dhiver-2030","tag-jo-dhiver-2030","tag-jo2030","tag-region-sud","tag-region-sud-paca","tag-renaud-muselier","tag-table-ronde","news-source-website"],"_links":{"self":[{"href":"https:\/\/euapp01.newsmemory.com\/lamarseillaise\/news\/wp-json\/wp\/v2\/posts\/35410","targetHints":{"allow":["GET"]}}],"collection":[{"href":"https:\/\/euapp01.newsmemory.com\/lamarseillaise\/news\/wp-json\/wp\/v2\/posts"}],"about":[{"href":"https:\/\/euapp01.newsmemory.com\/lamarseillaise\/news\/wp-json\/wp\/v2\/types\/post"}],"author":[{"embeddable":true,"href":"https:\/\/euapp01.newsmemory.com\/lamarseillaise\/news\/wp-json\/wp\/v2\/users\/1"}],"replies":[{"embeddable":true,"href":"https:\/\/euapp01.newsmemory.com\/lamarseillaise\/news\/wp-json\/wp\/v2\/comments?post=35410"}],"version-history":[{"count":1,"href":"https:\/\/euapp01.newsmemory.com\/lamarseillaise\/news\/wp-json\/wp\/v2\/posts\/35410\/revisions"}],"predecessor-version":[{"id":35412,"href":"https:\/\/euapp01.newsmemory.com\/lamarseillaise\/news\/wp-json\/wp\/v2\/posts\/35410\/revisions\/35412"}],"wp:featuredmedia":[{"embeddable":true,"href":"https:\/\/euapp01.newsmemory.com\/lamarseillaise\/news\/wp-json\/wp\/v2\/media\/35411"}],"wp:attachment":[{"href":"https:\/\/euapp01.newsmemory.com\/lamarseillaise\/news\/wp-json\/wp\/v2\/media?parent=35410"}],"wp:term":[{"taxonomy":"category","embeddable":true,"href":"https:\/\/euapp01.newsmemory.com\/lamarseillaise\/news\/wp-json\/wp\/v2\/categories?post=35410"},{"taxonomy":"post_tag","embeddable":true,"href":"https:\/\/euapp01.newsmemory.com\/lamarseillaise\/news\/wp-json\/wp\/v2\/tags?post=35410"},{"taxonomy":"news-destination","embeddable":true,"href":"https:\/\/euapp01.newsmemory.com\/lamarseillaise\/news\/wp-json\/wp\/v2\/news-destination?post=35410"},{"taxonomy":"news-source","embeddable":true,"href":"https:\/\/euapp01.newsmemory.com\/lamarseillaise\/news\/wp-json\/wp\/v2\/news-source?post=35410"},{"taxonomy":"is_homepage","embeddable":true,"href":"https:\/\/euapp01.newsmemory.com\/lamarseillaise\/news\/wp-json\/wp\/v2\/is_homepage?post=35410"},{"taxonomy":"ta_other","embeddable":true,"href":"https:\/\/euapp01.newsmemory.com\/lamarseillaise\/news\/wp-json\/wp\/v2\/ta_other?post=35410"}],"curies":[{"name":"wp","href":"https:\/\/api.w.org\/{rel}","templated":true}]}}