{"id":35401,"date":"2026-07-06T07:58:00","date_gmt":"2026-07-06T05:58:00","guid":{"rendered":"https:\/\/euapp01.newsmemory.com\/lamarseillaise\/news\/?p=35401"},"modified":"2026-07-06T10:21:54","modified_gmt":"2026-07-06T08:21:54","slug":"le-requiem-de-mozart-repris-a-larcheveche","status":"publish","type":"post","link":"https:\/\/euapp01.newsmemory.com\/lamarseillaise\/news\/2026\/07\/06\/le-requiem-de-mozart-repris-a-larcheveche\/","title":{"rendered":"Le \u00ab&nbsp;Requiem&nbsp;\u00bb de Mozart repris \u00e0 l\u2019Archev\u00each\u00e9"},"content":{"rendered":"<div class=\"paragraph\">\n<p>Le spectacle imagin\u00e9 par Romeo Castellucci et la pr\u00e9sence sur sc\u00e8ne et dans la fosse du Ch\u0153ur et de l\u2019Orchestre Pygmalion, dirig\u00e9 par Rapha\u00ebl Pichon, en aurait \u00e9t\u00e9 aussi une aussi suffisante justification. L\u2019\u00e9vidence du message de Castellucci nous appara\u00eet-elle, en 2026, plus pressante qu\u2019en 2019\u00a0?<\/p>\n<p>La musique de Mozart sert un service fun\u00e8bre \u00e0 toutes les extinctions pass\u00e9es et \u00e0 venir que le monde, avec ou sans les hommes, a subi depuis sa cr\u00e9ation. Sur le fond de sc\u00e8ne est projet\u00e9e cette effrayante litanie\u00a0; la faune, la flore, les peuples, les civilisations, les \u0153uvres d\u2019art, jusqu\u2019aux sentiments les plus intimes&#8230; S\u2019y sont ajout\u00e9es, depuis, les destructions au Proche-Orient, Gaza, bien s\u00fbr, et le Liban, la Syrie. La messe des morts se fait danse tribale, rite chamanique. Il ne reste de l\u2019humain que des d\u00e9chets dans lesquels on se vautre, une \u00e9pave de voiture devant laquelle on pose comme pour un ultime selfie. Que restera-t-il de nous\u00a0? De ce paradis perdu d\u2019o\u00f9 est chass\u00e9 l\u2019humain, mis \u00e0 nu\u00a0? La voix cristalline d\u2019un enfant qui chante un <i>In Paradisum<\/i> bouleversant. Et un nouveau-n\u00e9 qui nous regarde.<\/p>\n<p>La lecture de Rapha\u00ebl Pichon reste profond\u00e9ment religieuse. Le <i>Requiem<\/i> est augment\u00e9 d\u2019autres pi\u00e8ces de musiques sacr\u00e9es de Mozart et de chants gr\u00e9goriens. Tout devient plus sacral que sacr\u00e9. Entre recueillement et exultation. Le ch\u0153ur, soutenu de danseurs et de figurants, chante et danse la mort avec un \u00e9lan rythmique et une intensit\u00e9 vocale passionnants.<\/p>\n<p>Les quatre solistes, M\u00e9lissa Petit (soprano), Alto Beth (alto), Duke Kim (t\u00e9nor) et Alex Rosen (basse) sont comme les piliers de ce culte rendu si paradoxalement \u00e0 la vie m\u00eame.<\/p>\n<p>Ce qui paraissait na\u00eff et appuy\u00e9 en 2019 touche davantage aujourd\u2019hui. Le monde change. Il a chang\u00e9.<\/p>\n<\/p><\/div>\n","protected":false},"excerpt":{"rendered":"Le spectacle imagin&eacute; par Romeo Castellucci et la pr&eacute;sence sur sc&egrave;ne et dans la fosse du Ch&oelig;ur et de l&rsquo;Orchestre Pygmalion, dirig&eacute; par Rapha&euml;l Pichon, en aurait &eacute;t&eacute; aussi une aussi suffisante &#8230;","protected":false},"author":1,"featured_media":35402,"comment_status":"open","ping_status":"open","sticky":false,"template":"","format":"standard","meta":{"footnotes":""},"categories":[32],"tags":[556,10,4352,325,1239,529,188],"news-destination":[],"news-source":[475],"is_homepage":[],"ta_other":[],"class_list":["post-35401","post","type-post","status-publish","format-standard","has-post-thumbnail","hentry","category-culture","tag-aix-en-provence","tag-bouches-du-rhone","tag-festival-daix","tag-musique","tag-opera","tag-spectacle","tag-spectacle-vivant","news-source-website"],"_links":{"self":[{"href":"https:\/\/euapp01.newsmemory.com\/lamarseillaise\/news\/wp-json\/wp\/v2\/posts\/35401","targetHints":{"allow":["GET"]}}],"collection":[{"href":"https:\/\/euapp01.newsmemory.com\/lamarseillaise\/news\/wp-json\/wp\/v2\/posts"}],"about":[{"href":"https:\/\/euapp01.newsmemory.com\/lamarseillaise\/news\/wp-json\/wp\/v2\/types\/post"}],"author":[{"embeddable":true,"href":"https:\/\/euapp01.newsmemory.com\/lamarseillaise\/news\/wp-json\/wp\/v2\/users\/1"}],"replies":[{"embeddable":true,"href":"https:\/\/euapp01.newsmemory.com\/lamarseillaise\/news\/wp-json\/wp\/v2\/comments?post=35401"}],"version-history":[{"count":1,"href":"https:\/\/euapp01.newsmemory.com\/lamarseillaise\/news\/wp-json\/wp\/v2\/posts\/35401\/revisions"}],"predecessor-version":[{"id":35403,"href":"https:\/\/euapp01.newsmemory.com\/lamarseillaise\/news\/wp-json\/wp\/v2\/posts\/35401\/revisions\/35403"}],"wp:featuredmedia":[{"embeddable":true,"href":"https:\/\/euapp01.newsmemory.com\/lamarseillaise\/news\/wp-json\/wp\/v2\/media\/35402"}],"wp:attachment":[{"href":"https:\/\/euapp01.newsmemory.com\/lamarseillaise\/news\/wp-json\/wp\/v2\/media?parent=35401"}],"wp:term":[{"taxonomy":"category","embeddable":true,"href":"https:\/\/euapp01.newsmemory.com\/lamarseillaise\/news\/wp-json\/wp\/v2\/categories?post=35401"},{"taxonomy":"post_tag","embeddable":true,"href":"https:\/\/euapp01.newsmemory.com\/lamarseillaise\/news\/wp-json\/wp\/v2\/tags?post=35401"},{"taxonomy":"news-destination","embeddable":true,"href":"https:\/\/euapp01.newsmemory.com\/lamarseillaise\/news\/wp-json\/wp\/v2\/news-destination?post=35401"},{"taxonomy":"news-source","embeddable":true,"href":"https:\/\/euapp01.newsmemory.com\/lamarseillaise\/news\/wp-json\/wp\/v2\/news-source?post=35401"},{"taxonomy":"is_homepage","embeddable":true,"href":"https:\/\/euapp01.newsmemory.com\/lamarseillaise\/news\/wp-json\/wp\/v2\/is_homepage?post=35401"},{"taxonomy":"ta_other","embeddable":true,"href":"https:\/\/euapp01.newsmemory.com\/lamarseillaise\/news\/wp-json\/wp\/v2\/ta_other?post=35401"}],"curies":[{"name":"wp","href":"https:\/\/api.w.org\/{rel}","templated":true}]}}