{"id":35395,"date":"2026-07-06T08:16:00","date_gmt":"2026-07-06T06:16:00","guid":{"rendered":"https:\/\/euapp01.newsmemory.com\/lamarseillaise\/news\/?p=35395"},"modified":"2026-07-09T08:54:40","modified_gmt":"2026-07-09T06:54:40","slug":"au-40e-congres-du-pcf-des-engagements-pour-une-europe-de-la-paix","status":"publish","type":"post","link":"https:\/\/euapp01.newsmemory.com\/lamarseillaise\/news\/2026\/07\/06\/au-40e-congres-du-pcf-des-engagements-pour-une-europe-de-la-paix\/","title":{"rendered":"Au 40e congr\u00e8s du PCF, des engagements pour une Europe de la paix"},"content":{"rendered":"<div class=\"paragraph\">\n<p>Tandis qu\u2019au fil des d\u00e9bats du 40<sup>e<\/sup>\u00a0congr\u00e8s du PCF, \u00e0 Lille, les d\u00e9l\u00e9gu\u00e9s des f\u00e9d\u00e9rations ont pu d\u00e9battre du refus des trait\u00e9s lib\u00e9raux de l\u2019Union europ\u00e9enne, c\u2019est un message de refus du militarisme qu\u2019est venu apporter le pr\u00e9sident du Parti de la gauche europ\u00e9enne, Walter Baier. \u00ab\u00a0<i>Nous vivons une \u00e9poque dangereuse, plus de 150<\/i><i>\u00a0<\/i><i>guerres ravagent le monde<\/i><i>\u00a0<\/i>\u00bb, alertait-il sur la sc\u00e8ne du Grand Palais. Et de d\u00e9noncer l\u2019emprise des \u00c9tats-Unis de Donald Trump sur le Vieux continent. \u00ab\u00a0<i>L\u2019Otan veut que l\u2019Union europ\u00e9enne consacre 800<\/i><i>\u00a0<\/i><i>milliards d\u2019euros au r\u00e9armement, mais une autre Europe est possible,<\/i> esp\u00e9rait-il. <i>Un nouveau mouvement contre le militarisme et l\u2019aust\u00e9rit\u00e9 est en train de na\u00eetre, et nous sommes fiers d\u2019en faire partie. Nous disons stop au r\u00e9armement de l\u2019Europe<\/i><i>\u00a0<\/i><i>: construisons des \u00e9coles et des h\u00f4pitaux, pas des chars, ni des missiles<\/i><i>\u00a0<\/i><i>!<\/i><i>\u00a0<\/i>\u00bb Il appelle ainsi \u00e0 mettre fin \u00e0 la course aux armements, en particulier \u00e0 l\u2019armement nucl\u00e9aire\u00a0: \u00ab\u00a0<i>La lutte pour la paix est aussi une lutte de classe.<\/i><i>\u00a0<\/i>\u00bb<\/p>\n<p>Face au g\u00e9nocide \u00e0 Gaza, il rappelle l\u2019engagement du PGE pour la solution \u00e0 deux \u00c9tats. Il apporte \u00e9galement au soutien \u00e0 Cuba face au blocus, mais aussi aux d\u00e9serteurs des deux camps, en Russie en Ukraine, qui refusent de tuer, au moment o\u00f9 la pr\u00e9sidente de la Commission europ\u00e9enne appelle \u00e0 renvoyer en Ukraine les Ukrainiens en \u00e2ge de combattre.<\/p>\n<p>Face \u00e0 la progression de l\u2019extr\u00eame droite sur le continent, il tient \u00e0 comm\u00e9morer les 90\u00a0ans des Brigades internationales qui sont all\u00e9es se battre en Espagne contre le g\u00e9n\u00e9ral Franco, en particulier les 10\u00a0000\u00a0volontaires fran\u00e7ais. Et rappelant la r\u00e9\u00e9lection de la maire communiste de Gr\u00e4z en Autriche, Elke Kahr, il sourit\u00a0: \u00ab\u00a0<i>M\u00eame dans les temps les plus difficiles, le pire n\u2019est jamais certain.<\/i><i>\u00a0<\/i>\u00bb<\/p>\n<p>Apr\u00e8s lui, la vice-pr\u00e9sidente fran\u00e7aise du PGE, H\u00e9l\u00e8ne Bidard, souligne qu\u2019avant m\u00eame la cr\u00e9ation de cette coalition des partis de la gauche europ\u00e9enne, avant m\u00eame Maastricht, le PCF avait d\u00e9nonc\u00e9 l\u2019Europe telle qu\u2019elle s\u2019\u00e9tait construite. \u00ab\u00a0<i>Elle est aujourd\u2019hui encore plus vassalis\u00e9e que jamais, avec l\u2019Otan<\/i><i>\u00a0<\/i>\u00bb, alerte-t-elle, en d\u00e9non\u00e7ant les centaines de milliards d\u2019euros consacr\u00e9s \u00e0 la remilitarisation du continent. Mais elle cible aussi les dumpings sociaux et fiscaux, la concentration de la production agricole jusqu\u2019au brevetage du vivant, sur les semences, la \u00ab\u00a0<i>fuite en avant s\u00e9curitaire<\/i><i>\u00a0<\/i>\u00bb de l\u2019Union europ\u00e9enne en mati\u00e8re migratoire, avec une externalisation des expulsions \u00e0 travers la cr\u00e9ation de camp dans des pays tiers. Et d\u2019appeler \u00e0 cr\u00e9er \u00ab\u00a0<i>de nouveaux espaces de d\u00e9mocratie<\/i>\u00a0\u00bb sur le continent europ\u00e9en.<\/p>\n<\/p><\/div>\n","protected":false},"excerpt":{"rendered":"Tandis qu&rsquo;au fil des d&eacute;bats du 40e&nbsp;congr&egrave;s du PCF, &agrave; Lille, les d&eacute;l&eacute;gu&eacute;s des f&eacute;d&eacute;rations ont pu d&eacute;battre du refus des trait&eacute;s lib&eacute;raux de l&rsquo;Union &#8230;","protected":false},"author":1,"featured_media":35396,"comment_status":"open","ping_status":"open","sticky":false,"template":"","format":"standard","meta":{"footnotes":""},"categories":[3926,3925,337,330],"tags":[447,1503,942,3190,441,572,540,72,2409,3356,250,732,601,2002],"news-destination":[3944],"news-source":[475],"is_homepage":[],"ta_other":[],"class_list":["post-35395","post","type-post","status-publish","format-standard","has-post-thumbnail","hentry","category-accueil-merge","category-accueil-third","category-international","category-politique","tag-agriculture","tag-blocus","tag-congres","tag-cuba","tag-extreme-droite","tag-france","tag-gauche","tag-gaza","tag-genocide","tag-monde-vivant","tag-pcf","tag-russie","tag-ukraine","tag-union-europeenne","news-destination-homepage","news-source-website"],"_links":{"self":[{"href":"https:\/\/euapp01.newsmemory.com\/lamarseillaise\/news\/wp-json\/wp\/v2\/posts\/35395","targetHints":{"allow":["GET"]}}],"collection":[{"href":"https:\/\/euapp01.newsmemory.com\/lamarseillaise\/news\/wp-json\/wp\/v2\/posts"}],"about":[{"href":"https:\/\/euapp01.newsmemory.com\/lamarseillaise\/news\/wp-json\/wp\/v2\/types\/post"}],"author":[{"embeddable":true,"href":"https:\/\/euapp01.newsmemory.com\/lamarseillaise\/news\/wp-json\/wp\/v2\/users\/1"}],"replies":[{"embeddable":true,"href":"https:\/\/euapp01.newsmemory.com\/lamarseillaise\/news\/wp-json\/wp\/v2\/comments?post=35395"}],"version-history":[{"count":1,"href":"https:\/\/euapp01.newsmemory.com\/lamarseillaise\/news\/wp-json\/wp\/v2\/posts\/35395\/revisions"}],"predecessor-version":[{"id":35397,"href":"https:\/\/euapp01.newsmemory.com\/lamarseillaise\/news\/wp-json\/wp\/v2\/posts\/35395\/revisions\/35397"}],"wp:featuredmedia":[{"embeddable":true,"href":"https:\/\/euapp01.newsmemory.com\/lamarseillaise\/news\/wp-json\/wp\/v2\/media\/35396"}],"wp:attachment":[{"href":"https:\/\/euapp01.newsmemory.com\/lamarseillaise\/news\/wp-json\/wp\/v2\/media?parent=35395"}],"wp:term":[{"taxonomy":"category","embeddable":true,"href":"https:\/\/euapp01.newsmemory.com\/lamarseillaise\/news\/wp-json\/wp\/v2\/categories?post=35395"},{"taxonomy":"post_tag","embeddable":true,"href":"https:\/\/euapp01.newsmemory.com\/lamarseillaise\/news\/wp-json\/wp\/v2\/tags?post=35395"},{"taxonomy":"news-destination","embeddable":true,"href":"https:\/\/euapp01.newsmemory.com\/lamarseillaise\/news\/wp-json\/wp\/v2\/news-destination?post=35395"},{"taxonomy":"news-source","embeddable":true,"href":"https:\/\/euapp01.newsmemory.com\/lamarseillaise\/news\/wp-json\/wp\/v2\/news-source?post=35395"},{"taxonomy":"is_homepage","embeddable":true,"href":"https:\/\/euapp01.newsmemory.com\/lamarseillaise\/news\/wp-json\/wp\/v2\/is_homepage?post=35395"},{"taxonomy":"ta_other","embeddable":true,"href":"https:\/\/euapp01.newsmemory.com\/lamarseillaise\/news\/wp-json\/wp\/v2\/ta_other?post=35395"}],"curies":[{"name":"wp","href":"https:\/\/api.w.org\/{rel}","templated":true}]}}