{"id":35392,"date":"2026-07-06T08:21:00","date_gmt":"2026-07-06T06:21:00","guid":{"rendered":"https:\/\/euapp01.newsmemory.com\/lamarseillaise\/news\/?p=35392"},"modified":"2026-07-10T09:42:21","modified_gmt":"2026-07-10T07:42:21","slug":"le-festival-davignon-ouvert-sous-le-signe-de-la-creation-et-des-inquietudes-budgetaires","status":"publish","type":"post","link":"https:\/\/euapp01.newsmemory.com\/lamarseillaise\/news\/2026\/07\/06\/le-festival-davignon-ouvert-sous-le-signe-de-la-creation-et-des-inquietudes-budgetaires\/","title":{"rendered":"Le Festival d\u2019Avignon ouvert sous le signe de la cr\u00e9ation et des inqui\u00e9tudes budg\u00e9taires"},"content":{"rendered":"<div class=\"paragraph\">\n<p>Dans la cit\u00e9 papale, des com\u00e9diens des compagnies du Festival Off, en costumes et chapeaux, affiches de leur spectacle sur le dos, d\u00e9ambulaient dans les rues, tractant aupr\u00e8s des premiers spectateurs, tandis que d\u00e9marraient les premi\u00e8res pi\u00e8ces. \u00ab\u00a0<i>Il y a des spectacles pour tous les go\u00fbts<\/i><i>\u00a0<\/i>\u00bb, d\u00e9clare le directeur du Festival Tiago Rodrigues. Selon lui, cette \u00e9dition se veut une \u00ab\u00a0<i>c\u00e9l\u00e9bration des arts vivants<\/i>\u00a0\u00bb.<\/p>\n<p>En marge de l\u2019ouverture, plusieurs organisations professionnelles se sont inqui\u00e9t\u00e9es, dans une lettre \u00e0 Emmanuel Macron, de voir les dotations pr\u00e9vues pour le second semestre annul\u00e9es par l\u2019\u00c9tat pour 28\u00a0structures du spectacle vivant, dont des op\u00e9ras, deux th\u00e9\u00e2tres parisiens, quatre orchestres. \u00ab\u00a0<i>Il n\u2019y aura pas d\u2019annulation de cr\u00e9dit. Il ne pourrait y avoir que des reports<\/i>, a d\u00e9clar\u00e9 la ministre de la Culture, Catherine P\u00e9gard. <i>Mais pour l\u2019instant, nous nous battons pour que \u00e7a n\u2019arrive pas.<\/i>\u00a0\u00bb<\/p>\n<p>La ministre \u00e9tait pr\u00e9sente, ce week-end, encha\u00eenant les rendez-vous (visite de FabricA, de la micro-\u00e9cole Inspire, de la Maison Jean-Vilar&#8230;). En pr\u00e9sence d\u2019Ant\u00f3nio Costa, pr\u00e9sident du Conseil europ\u00e9en, Catherine P\u00e9gard a d\u00e9couvert l\u2019installation \u00ab\u00a0Relatum\u00a0\u00bb de Lee Ufan, au Palais des Papes, avant d\u2019assister \u00e0 la premi\u00e8re de <i>Maldoror<\/i> de Julien Gosselin, \u00e0 la Cour d\u2019Honneur. Programme qui tranche avec la visite \u00e9clair, l\u2019an pass\u00e9, de Rachida Dati, alors ministre de la Culture.<\/p>\n<\/p><\/div>\n","protected":false},"excerpt":{"rendered":"Dans la cit&eacute; papale, des com&eacute;diens des compagnies du Festival Off, en costumes et chapeaux, affiches de leur spectacle sur le dos, d&eacute;ambulaient dans les rues, tractant aupr&egrave;s des premiers spectateurs, tandis que &#8230;","protected":false},"author":1,"featured_media":35393,"comment_status":"open","ping_status":"open","sticky":false,"template":"","format":"standard","meta":{"footnotes":""},"categories":[3926,3925,32],"tags":[2927,174,430,329,186,497,188,1137,1241,5255,171],"news-destination":[3944],"news-source":[475],"is_homepage":[],"ta_other":[],"class_list":["post-35392","post","type-post","status-publish","format-standard","has-post-thumbnail","hentry","category-accueil-merge","category-accueil-third","category-culture","tag-arts-vivants","tag-avignon","tag-budget","tag-festival","tag-festival-davignon-off","tag-ministre","tag-spectacle-vivant","tag-spectacles","tag-theatre","tag-tiago-rodrigues","tag-vaucluse","news-destination-homepage","news-source-website"],"_links":{"self":[{"href":"https:\/\/euapp01.newsmemory.com\/lamarseillaise\/news\/wp-json\/wp\/v2\/posts\/35392","targetHints":{"allow":["GET"]}}],"collection":[{"href":"https:\/\/euapp01.newsmemory.com\/lamarseillaise\/news\/wp-json\/wp\/v2\/posts"}],"about":[{"href":"https:\/\/euapp01.newsmemory.com\/lamarseillaise\/news\/wp-json\/wp\/v2\/types\/post"}],"author":[{"embeddable":true,"href":"https:\/\/euapp01.newsmemory.com\/lamarseillaise\/news\/wp-json\/wp\/v2\/users\/1"}],"replies":[{"embeddable":true,"href":"https:\/\/euapp01.newsmemory.com\/lamarseillaise\/news\/wp-json\/wp\/v2\/comments?post=35392"}],"version-history":[{"count":1,"href":"https:\/\/euapp01.newsmemory.com\/lamarseillaise\/news\/wp-json\/wp\/v2\/posts\/35392\/revisions"}],"predecessor-version":[{"id":35394,"href":"https:\/\/euapp01.newsmemory.com\/lamarseillaise\/news\/wp-json\/wp\/v2\/posts\/35392\/revisions\/35394"}],"wp:featuredmedia":[{"embeddable":true,"href":"https:\/\/euapp01.newsmemory.com\/lamarseillaise\/news\/wp-json\/wp\/v2\/media\/35393"}],"wp:attachment":[{"href":"https:\/\/euapp01.newsmemory.com\/lamarseillaise\/news\/wp-json\/wp\/v2\/media?parent=35392"}],"wp:term":[{"taxonomy":"category","embeddable":true,"href":"https:\/\/euapp01.newsmemory.com\/lamarseillaise\/news\/wp-json\/wp\/v2\/categories?post=35392"},{"taxonomy":"post_tag","embeddable":true,"href":"https:\/\/euapp01.newsmemory.com\/lamarseillaise\/news\/wp-json\/wp\/v2\/tags?post=35392"},{"taxonomy":"news-destination","embeddable":true,"href":"https:\/\/euapp01.newsmemory.com\/lamarseillaise\/news\/wp-json\/wp\/v2\/news-destination?post=35392"},{"taxonomy":"news-source","embeddable":true,"href":"https:\/\/euapp01.newsmemory.com\/lamarseillaise\/news\/wp-json\/wp\/v2\/news-source?post=35392"},{"taxonomy":"is_homepage","embeddable":true,"href":"https:\/\/euapp01.newsmemory.com\/lamarseillaise\/news\/wp-json\/wp\/v2\/is_homepage?post=35392"},{"taxonomy":"ta_other","embeddable":true,"href":"https:\/\/euapp01.newsmemory.com\/lamarseillaise\/news\/wp-json\/wp\/v2\/ta_other?post=35392"}],"curies":[{"name":"wp","href":"https:\/\/api.w.org\/{rel}","templated":true}]}}