{"id":35389,"date":"2026-07-06T08:22:00","date_gmt":"2026-07-06T06:22:00","guid":{"rendered":"https:\/\/euapp01.newsmemory.com\/lamarseillaise\/news\/?p=35389"},"modified":"2026-07-10T10:21:31","modified_gmt":"2026-07-10T08:21:31","slug":"a-martigues-les-habitants-co-construisent-un-projet-de-transition","status":"publish","type":"post","link":"https:\/\/euapp01.newsmemory.com\/lamarseillaise\/news\/2026\/07\/06\/a-martigues-les-habitants-co-construisent-un-projet-de-transition\/","title":{"rendered":"\u00c0 Martigues, les habitants co construisent un projet de transition"},"content":{"rendered":"<div class=\"paragraph\">\n<p>Un chemin serpente derri\u00e8re les immeubles de Boud\u00e8me. L\u00e0, un QR code attend d\u2019\u00eatre scann\u00e9 par les promeneurs. Un clic am\u00e8ne sur une page qui recense la biodiversit\u00e9 communale, entre pins d\u2019Alep, coquelicots et \u00e9cureuils. C\u2019est l\u2019une des nombreuses actions initi\u00e9es par Neede, une structure de m\u00e9diation scientifique qui se donne pour mission d\u2019accompagner les populations m\u00e9diterran\u00e9ennes dans leur compr\u00e9hension des enjeux de la transition environnementale.<\/p>\n<p>Pourquoi m\u00e9diterran\u00e9ennes\u00a0? \u00ab\u00a0<i>C\u2019est la zone la plus peupl\u00e9e au monde qui se r\u00e9chauffe le plus vite et qui vit, avant toutes les autres, les impacts du d\u00e9r\u00e8glement climatique<\/i><i>\u00a0<\/i>\u00bb, explique Cyprien Fonvielle, directeur g\u00e9n\u00e9ral de Neede.<\/p>\n<p>C\u2019est \u00e0 Martigues que l\u2019organisation s\u2019est lanc\u00e9e dans le tout nouveau dispositif financ\u00e9 par la M\u00e9tropole Aix-Marseille, \u00ab\u00a0Quartier en transition\u00a0\u00bb, qui vise \u00e0 renforcer le pouvoir d\u2019agir des citoyens et \u00e0 acc\u00e9l\u00e9rer les transitions locales gr\u00e2ce \u00e0 un r\u00e9seau d\u2019acteurs et une m\u00e9thode participative.<\/p>\n<p>Cyprien Fonvielle d\u00e9veloppe\u00a0: \u00ab\u00a0<i>L\u2019un des axes d\u2019intervention pour nous est \u00e0 destination des publics les plus fragiles, notamment les populations des quartiers prioritaires, parce que ce sont ceux qui g\u00e9n\u00e8rent le moins d\u2019impact sur l\u2019environnement et ceux qui souffrent le plus des effets induits du r\u00e9chauffement climatique et de la chute de la biodiversit\u00e9. <\/i>(&#8230;)<i> On consid\u00e8re que la transition pour \u00eatre efficace doit \u00eatre faite territoire par territoire. <\/i>(&#8230;) <i>Il faut arriver \u00e0 comprendre les actions qu\u2019il faut porter pour que les politiques publiques soient pleinement ancr\u00e9es dans le r\u00e9el de ces populations-l\u00e0<\/i>.\u00a0\u00bb<\/p>\n<\/p><\/div>\n<div class=\"intext\"> Une feuille de route\n              <\/div>\n<div class=\"paragraph\">\n<p>Emma Chatelon et Loren Por\u00e9e, charg\u00e9es de projet chez Neede, ont encadr\u00e9 six mois d\u2019ateliers dans les quartiers de Canto-Perdrix\/Quatre Vents et de Boud\u00e8me. Au total, 350\u00a0habitants ont particip\u00e9 \u00e0 31\u00a0rendez-vous. \u00ab<i>\u00a0<\/i><i>On a travaill\u00e9 sur trois axes<\/i><i>\u00a0<\/i><i>: la reconnection \u00e0 la nature, l\u2019ouverture des quartiers et le lien social, puis l\u2019orientation et l\u2019insertion professionnelles<\/i>\u00a0\u00bb, expliquent-elles.<\/p>\n<p>\u00c0 Canto, \u00ab\u00a0<i>des habitants nous ont dit qu\u2019il y avait une probl\u00e9matique de moustiques et de chenilles processionnaires, on a donc construit des nichoirs \u00e0 oiseaux avec eux, qu\u2019on a install\u00e9s pr\u00e8s du centre social<\/i>\u00a0\u00bb, illustre Loren Por\u00e9e. Neede a aussi propos\u00e9 un temps sur la gestion des ravageurs et des esp\u00e8ces envahissantes pour les riverains qui ont une parcelle dans les jardins partag\u00e9s. D\u2019autres sujets n\u2019ont pas pu \u00eatre trait\u00e9s, \u00e0 l\u2019instar de la gestion des d\u00e9chets et des d\u00e9p\u00f4ts sauvages. \u00ab\u00a0<i>Dans ce cas, on l\u2019inscrit dans les pr\u00e9conisations qu\u2019on envoie aux pouvoirs publics<\/i>\u00a0\u00bb, pr\u00e9cise Emma Chatelon.<\/p>\n<p>\u00ab\u00a0<i>On travaille avec les services de la Ville et de la M\u00e9tropole pour d\u00e9finir le pas d\u2019apr\u00e8s, <\/i>souligne Cyprien Fonvielle<i>. L\u2019enjeu, c\u2019est d\u2019essayer de faire un effet boule de neige. <\/i>(&#8230;)<i> On sait aujourd\u2019hui que sur les questions climatiques, un euro investi, c\u2019est cinq euros \u00e9conomis\u00e9s demain.<\/i>\u00a0\u00bb<\/p>\n<\/p><\/div>\n","protected":false},"excerpt":{"rendered":"Un chemin serpente derri&egrave;re les immeubles de Boud&egrave;me. L&agrave;, un QR code attend d&rsquo;&ecirc;tre scann&eacute; par les promeneurs. Un clic am&egrave;ne sur une page qui recense la biodiversit&eacute; communale, entre pins &#8230;","protected":false},"author":1,"featured_media":35390,"comment_status":"open","ping_status":"open","sticky":false,"template":"","format":"standard","meta":{"footnotes":""},"categories":[3926,3925,333,20],"tags":[84,10,501,1550,816,106,3635,1553,63,671,569,269,419,889],"news-destination":[3944],"news-source":[475],"is_homepage":[],"ta_other":[],"class_list":["post-35389","post","type-post","status-publish","format-standard","has-post-thumbnail","hentry","category-accueil-merge","category-accueil-third","category-environnement","category-societe","tag-biodiversite","tag-bouches-du-rhone","tag-centre-social","tag-dereglement-climatique","tag-gestion-des-dechets","tag-habitants","tag-jardins","tag-lien-social","tag-martigues","tag-metropole-aix-marseille","tag-oiseaux","tag-quartiers-prioritaires","tag-rechauffement-climatique","tag-transition-ecologique","news-destination-homepage","news-source-website"],"_links":{"self":[{"href":"https:\/\/euapp01.newsmemory.com\/lamarseillaise\/news\/wp-json\/wp\/v2\/posts\/35389","targetHints":{"allow":["GET"]}}],"collection":[{"href":"https:\/\/euapp01.newsmemory.com\/lamarseillaise\/news\/wp-json\/wp\/v2\/posts"}],"about":[{"href":"https:\/\/euapp01.newsmemory.com\/lamarseillaise\/news\/wp-json\/wp\/v2\/types\/post"}],"author":[{"embeddable":true,"href":"https:\/\/euapp01.newsmemory.com\/lamarseillaise\/news\/wp-json\/wp\/v2\/users\/1"}],"replies":[{"embeddable":true,"href":"https:\/\/euapp01.newsmemory.com\/lamarseillaise\/news\/wp-json\/wp\/v2\/comments?post=35389"}],"version-history":[{"count":1,"href":"https:\/\/euapp01.newsmemory.com\/lamarseillaise\/news\/wp-json\/wp\/v2\/posts\/35389\/revisions"}],"predecessor-version":[{"id":35391,"href":"https:\/\/euapp01.newsmemory.com\/lamarseillaise\/news\/wp-json\/wp\/v2\/posts\/35389\/revisions\/35391"}],"wp:featuredmedia":[{"embeddable":true,"href":"https:\/\/euapp01.newsmemory.com\/lamarseillaise\/news\/wp-json\/wp\/v2\/media\/35390"}],"wp:attachment":[{"href":"https:\/\/euapp01.newsmemory.com\/lamarseillaise\/news\/wp-json\/wp\/v2\/media?parent=35389"}],"wp:term":[{"taxonomy":"category","embeddable":true,"href":"https:\/\/euapp01.newsmemory.com\/lamarseillaise\/news\/wp-json\/wp\/v2\/categories?post=35389"},{"taxonomy":"post_tag","embeddable":true,"href":"https:\/\/euapp01.newsmemory.com\/lamarseillaise\/news\/wp-json\/wp\/v2\/tags?post=35389"},{"taxonomy":"news-destination","embeddable":true,"href":"https:\/\/euapp01.newsmemory.com\/lamarseillaise\/news\/wp-json\/wp\/v2\/news-destination?post=35389"},{"taxonomy":"news-source","embeddable":true,"href":"https:\/\/euapp01.newsmemory.com\/lamarseillaise\/news\/wp-json\/wp\/v2\/news-source?post=35389"},{"taxonomy":"is_homepage","embeddable":true,"href":"https:\/\/euapp01.newsmemory.com\/lamarseillaise\/news\/wp-json\/wp\/v2\/is_homepage?post=35389"},{"taxonomy":"ta_other","embeddable":true,"href":"https:\/\/euapp01.newsmemory.com\/lamarseillaise\/news\/wp-json\/wp\/v2\/ta_other?post=35389"}],"curies":[{"name":"wp","href":"https:\/\/api.w.org\/{rel}","templated":true}]}}