{"id":35386,"date":"2026-07-06T07:49:00","date_gmt":"2026-07-06T05:49:00","guid":{"rendered":"https:\/\/euapp01.newsmemory.com\/lamarseillaise\/news\/?p=35386"},"modified":"2026-07-10T09:42:21","modified_gmt":"2026-07-10T07:42:21","slug":"a-aubagne-un-second-souffle-pour-le-contrat-de-ville","status":"publish","type":"post","link":"https:\/\/euapp01.newsmemory.com\/lamarseillaise\/news\/2026\/07\/06\/a-aubagne-un-second-souffle-pour-le-contrat-de-ville\/","title":{"rendered":"\u00c0 Aubagne, un second souffle pour le contrat de ville"},"content":{"rendered":"<div class=\"paragraph\">\n<p>Un nouveau contrat pour une nouvelle ville. Le maire d\u2019Aubagne r\u00e9cemment \u00e9lu, Jean-Pierre Squillari (DVG), s\u2019est f\u00e9licit\u00e9, ce mardi 30\u00a0juin, de la signature du nouveau Contrat de Ville. Il fait suite \u00e0 un appel \u00e0 projets pour 2027, o\u00f9 associations et habitants \u00e9taient invit\u00e9s \u00e0 proposer des actions concr\u00e8tes pour la ville.<\/p>\n<p>\u00c0 Aubagne, le quartier prioritaire de Charrel et ceux \u00ab\u00a0<i>poches de pr\u00e9carit\u00e9<\/i>\u00a0\u00bb, \u00e0 la Tourtelle et dans le centre-ville, sont plac\u00e9s au c\u0153ur des priorit\u00e9s de la mairie. Un tournant dans la politique de la ville, men\u00e9e durant deux mandats par l\u2019ancien maire LR, G\u00e9rard Gazay. \u00c0 travers ce nouveau Contrat de Ville, le conseil municipal entend r\u00e9orienter ses engagements et ses projets en faveur des habitants.<\/p>\n<p>Le Contrat de Ville est un dispositif de l\u2019\u00c9tat, pilot\u00e9 par la pr\u00e9f\u00e8te d\u00e9l\u00e9gu\u00e9e \u00e0 l\u2019\u00e9galit\u00e9 des chances, Isabelle \u00c9paillard, la M\u00e9tropole Aix-Marseille-Provence, le D\u00e9partement et la Ville d\u2019Aubagne.<\/p>\n<\/p><\/div>\n<div class=\"intext\"> Les besoins des habitants au c\u0153ur du dispositif\n              <\/div>\n<div class=\"paragraph\">\n<p>Dans le programme du contrat, certaines subventions ont \u00e9t\u00e9 r\u00e9examin\u00e9es. Ainsi, 8\u00a0000\u00a0euros suppl\u00e9mentaires ont \u00e9t\u00e9 inject\u00e9s pour les s\u00e9jours de vacances propos\u00e9s par la Ville, dans le cadre du projet \u00ab\u00a0Quartiers d\u2019\u00e9t\u00e9\u00a0\u00bb. \u00ab<i>\u00a0<\/i><i>Davantage de jeunes pourront ainsi partir \u00e0 Saint-Vincent-les-Forts (Alpes-de-Haute-Provence). C\u2019est une action tr\u00e8s attendue par les jeunes aubagnais pour pouvoir sortir de la ville pendant l\u2019\u00e9t\u00e9<\/i><i>\u00a0<\/i>\u00bb, explique la mairie.<\/p>\n<p>Le contrat vise \u00e9galement \u00e0<i> <\/i>\u00ab<i>\u00a0<\/i><i>r\u00e9\u00e9valuer les finances pour renforcer les actions de certaines associations, notamment Contact Club<\/i><i>\u00a0<\/i>\u00bb. Des structures qui \u0153uvrent notamment pour l\u2019acc\u00e8s au droit des habitants.<\/p>\n<p>La Ville d\u2019Aubagne souhaite enfin multiplier les animations de proximit\u00e9 gr\u00e2ce aux f\u00eates de quartier\u00a0: \u00ab<i>\u00a0<\/i><i>Tous les mois, un quartier est mis \u00e0 l\u2019honneur lors d\u2019un moment festif, avec un repas partag\u00e9.<\/i><i>\u00a0<\/i>\u00bb Ces \u00e9v\u00e9nements sont principalement organis\u00e9s par les maisons de quartier. La prochaine f\u00eate se tiendra le 11\u00a0juillet dans le quartier de Charrel.<\/p>\n<\/p><\/div>\n","protected":false},"excerpt":{"rendered":"Un nouveau contrat pour une nouvelle ville. Le maire d&rsquo;Aubagne r&eacute;cemment &eacute;lu, Jean-Pierre Squillari (DVG), s&rsquo;est f&eacute;licit&eacute;, ce mardi 30&nbsp;juin, de la signature du nouveau Contrat de Ville. Il fait suite &#8230;","protected":false},"author":1,"featured_media":35387,"comment_status":"open","ping_status":"open","sticky":false,"template":"","format":"standard","meta":{"footnotes":""},"categories":[3926,3925,330,20],"tags":[1277,493,10,1370,3202,1900,466,1817,3499,671,668,720],"news-destination":[3944],"news-source":[475],"is_homepage":[],"ta_other":[],"class_list":["post-35386","post","type-post","status-publish","format-standard","has-post-thumbnail","hentry","category-accueil-merge","category-accueil-third","category-politique","category-societe","tag-animations","tag-aubagne","tag-bouches-du-rhone","tag-contrat","tag-egalite-des-chances","tag-etat","tag-fete","tag-isabelle-epaillard","tag-jean-pierre-squillari","tag-metropole-aix-marseille","tag-quartiers","tag-ville","news-destination-homepage","news-source-website"],"_links":{"self":[{"href":"https:\/\/euapp01.newsmemory.com\/lamarseillaise\/news\/wp-json\/wp\/v2\/posts\/35386","targetHints":{"allow":["GET"]}}],"collection":[{"href":"https:\/\/euapp01.newsmemory.com\/lamarseillaise\/news\/wp-json\/wp\/v2\/posts"}],"about":[{"href":"https:\/\/euapp01.newsmemory.com\/lamarseillaise\/news\/wp-json\/wp\/v2\/types\/post"}],"author":[{"embeddable":true,"href":"https:\/\/euapp01.newsmemory.com\/lamarseillaise\/news\/wp-json\/wp\/v2\/users\/1"}],"replies":[{"embeddable":true,"href":"https:\/\/euapp01.newsmemory.com\/lamarseillaise\/news\/wp-json\/wp\/v2\/comments?post=35386"}],"version-history":[{"count":1,"href":"https:\/\/euapp01.newsmemory.com\/lamarseillaise\/news\/wp-json\/wp\/v2\/posts\/35386\/revisions"}],"predecessor-version":[{"id":35388,"href":"https:\/\/euapp01.newsmemory.com\/lamarseillaise\/news\/wp-json\/wp\/v2\/posts\/35386\/revisions\/35388"}],"wp:featuredmedia":[{"embeddable":true,"href":"https:\/\/euapp01.newsmemory.com\/lamarseillaise\/news\/wp-json\/wp\/v2\/media\/35387"}],"wp:attachment":[{"href":"https:\/\/euapp01.newsmemory.com\/lamarseillaise\/news\/wp-json\/wp\/v2\/media?parent=35386"}],"wp:term":[{"taxonomy":"category","embeddable":true,"href":"https:\/\/euapp01.newsmemory.com\/lamarseillaise\/news\/wp-json\/wp\/v2\/categories?post=35386"},{"taxonomy":"post_tag","embeddable":true,"href":"https:\/\/euapp01.newsmemory.com\/lamarseillaise\/news\/wp-json\/wp\/v2\/tags?post=35386"},{"taxonomy":"news-destination","embeddable":true,"href":"https:\/\/euapp01.newsmemory.com\/lamarseillaise\/news\/wp-json\/wp\/v2\/news-destination?post=35386"},{"taxonomy":"news-source","embeddable":true,"href":"https:\/\/euapp01.newsmemory.com\/lamarseillaise\/news\/wp-json\/wp\/v2\/news-source?post=35386"},{"taxonomy":"is_homepage","embeddable":true,"href":"https:\/\/euapp01.newsmemory.com\/lamarseillaise\/news\/wp-json\/wp\/v2\/is_homepage?post=35386"},{"taxonomy":"ta_other","embeddable":true,"href":"https:\/\/euapp01.newsmemory.com\/lamarseillaise\/news\/wp-json\/wp\/v2\/ta_other?post=35386"}],"curies":[{"name":"wp","href":"https:\/\/api.w.org\/{rel}","templated":true}]}}