{"id":35383,"date":"2026-07-06T07:19:00","date_gmt":"2026-07-06T05:19:00","guid":{"rendered":"https:\/\/euapp01.newsmemory.com\/lamarseillaise\/news\/?p=35383"},"modified":"2026-07-06T10:08:57","modified_gmt":"2026-07-06T08:08:57","slug":"une-cagnotte-pour-des-etudiants-palestiniens-en-medecine","status":"publish","type":"post","link":"https:\/\/euapp01.newsmemory.com\/lamarseillaise\/news\/2026\/07\/06\/une-cagnotte-pour-des-etudiants-palestiniens-en-medecine\/","title":{"rendered":"Une cagnotte pour des \u00e9tudiants palestiniens en m\u00e9decine"},"content":{"rendered":"<div class=\"paragraph\">\n<p>Depuis 2019, le collectif \u0153uvre pour la sant\u00e9 globale, aussi bien physique que mentale et sociale, principalement en Palestine. Les fonds r\u00e9colt\u00e9s serviront \u00e0 financer les frais d\u2019inscription de quinze \u00e9tudiants en m\u00e9decine palestiniens inscrits dans le nord de l\u2019\u00c9gypte.<\/p>\n<p>Ce nouvel appel aux dons fait suite \u00e0 un premier lanc\u00e9 en novembre dernier qui, gr\u00e2ce \u00e0 un \u00e9lan de g\u00e9n\u00e9rosit\u00e9 exceptionnel, a permis de r\u00e9colter 55\u00a0000\u00a0euros. Cette ann\u00e9e, \u00ab\u00a0<i>l\u2019objectif est le m\u00eame pour couvrir l\u2019enti\u00e8ret\u00e9 des 15<\/i><i>\u00a0<\/i><i>ann\u00e9es universitaires<\/i>\u00a0\u00bb, d\u00e9taille Baptiste Andr\u00e9, hospitalier \u00e0 la Timone et membre de l\u2019association Rizoma.<\/p>\n<p>Une cagnotte plus que n\u00e9cessaire pour ces \u00e9tudiants originaires de Gaza, \u00e0 l\u2019heure o\u00f9 leur situation se d\u00e9t\u00e9riore et les frais de scolarit\u00e9 grimpent toujours plus. \u00ab\u00a0<i>Il leur est demand\u00e9 3<\/i><i>\u00a0<\/i><i>000<\/i><i>\u00a0<\/i><i>dollars par an, contre 50<\/i><i>\u00a0<\/i><i>dollars pour les \u00e9tudiants \u00e9gyptiens<\/i>, pr\u00e9cise Baptiste Andr\u00e9. <i>Il y a une vraie discrimination \u00e0 leur \u00e9gard.<\/i>\u00a0\u00bb<\/p>\n<\/p><\/div>\n<div class=\"intext\"> Endett\u00e9s sur plusieurs ann\u00e9es\n              <\/div>\n<div class=\"paragraph\">\n<p>\u00c0 ces difficult\u00e9s financi\u00e8res s\u2019ajoutent de lourdes s\u00e9quelles psychologiques, cons\u00e9quences des ann\u00e9es de guerre \u00e0 Gaza. \u00ab\u00a0<i>Ceux que j\u2019ai rencontr\u00e9s sont tous en proie \u00e0 un syndrome post-traumatique<\/i>, pointe le m\u00e9decin, \u00e9galement pr\u00e9sent l\u2019ann\u00e9e derni\u00e8re sur la flottille \u00e0 bord du \u00ab\u00a0Madleen\u00a0\u00bb. <i>Pour une dizaine d\u2019entre eux, leurs familles vivent encore sous les tentes, \u00e0 Gaza, et \u00e0 ce syndrome s\u2019ajoute \u00e0 un sentiment de culpabilit\u00e9 de devoir d\u00e9pendre de leur famille<\/i>.\u00a0\u00bb<\/p>\n<p>Pour autant, ces \u00e9preuves n\u2019entament pas leur d\u00e9termination. \u00ab\u00a0<i>Ils n\u2019ont qu\u2019un seul but<\/i><i>\u00a0<\/i><i>: retourner dans 5 ou 10<\/i><i>\u00a0<\/i><i>ans exercer la m\u00e9decine \u00e0 Gaza<\/i>\u00a0\u00bb, souligne Baptiste Andr\u00e9. Cette ann\u00e9e, l\u2019enjeu est d\u2019autant plus important que \u00ab\u00a0<i>ces \u00e9tudiants ont des arri\u00e9r\u00e9s et ont contract\u00e9 des dettes envers leurs universit\u00e9s<\/i>\u00a0\u00bb, poursuit-il.<\/p>\n<p>Avant de conclure\u00a0: \u00ab\u00a0<i>On esp\u00e8re faire aussi bien, cette ann\u00e9e, avec la cagnotte, car il faudra plusieurs ann\u00e9es pour \u00e9ponger ces dettes.<\/i>\u00a0\u00bb<\/p>\n<\/p><\/div>\n","protected":false},"excerpt":{"rendered":"Depuis 2019, le collectif &oelig;uvre pour la sant&eacute; globale, aussi bien physique que mentale et sociale, principalement en Palestine. Les fonds r&eacute;colt&eacute;s serviront &agrave; financer les frais d&rsquo;inscription de quinze &#8230;","protected":false},"author":1,"featured_media":35384,"comment_status":"open","ping_status":"open","sticky":false,"template":"","format":"standard","meta":{"footnotes":""},"categories":[20],"tags":[168,10,375,1518,16,258,76],"news-destination":[],"news-source":[475],"is_homepage":[],"ta_other":[],"class_list":["post-35383","post","type-post","status-publish","format-standard","has-post-thumbnail","hentry","category-societe","tag-association","tag-bouches-du-rhone","tag-dons","tag-etudiants","tag-marseille","tag-medecine","tag-palestiniens","news-source-website"],"_links":{"self":[{"href":"https:\/\/euapp01.newsmemory.com\/lamarseillaise\/news\/wp-json\/wp\/v2\/posts\/35383","targetHints":{"allow":["GET"]}}],"collection":[{"href":"https:\/\/euapp01.newsmemory.com\/lamarseillaise\/news\/wp-json\/wp\/v2\/posts"}],"about":[{"href":"https:\/\/euapp01.newsmemory.com\/lamarseillaise\/news\/wp-json\/wp\/v2\/types\/post"}],"author":[{"embeddable":true,"href":"https:\/\/euapp01.newsmemory.com\/lamarseillaise\/news\/wp-json\/wp\/v2\/users\/1"}],"replies":[{"embeddable":true,"href":"https:\/\/euapp01.newsmemory.com\/lamarseillaise\/news\/wp-json\/wp\/v2\/comments?post=35383"}],"version-history":[{"count":1,"href":"https:\/\/euapp01.newsmemory.com\/lamarseillaise\/news\/wp-json\/wp\/v2\/posts\/35383\/revisions"}],"predecessor-version":[{"id":35385,"href":"https:\/\/euapp01.newsmemory.com\/lamarseillaise\/news\/wp-json\/wp\/v2\/posts\/35383\/revisions\/35385"}],"wp:featuredmedia":[{"embeddable":true,"href":"https:\/\/euapp01.newsmemory.com\/lamarseillaise\/news\/wp-json\/wp\/v2\/media\/35384"}],"wp:attachment":[{"href":"https:\/\/euapp01.newsmemory.com\/lamarseillaise\/news\/wp-json\/wp\/v2\/media?parent=35383"}],"wp:term":[{"taxonomy":"category","embeddable":true,"href":"https:\/\/euapp01.newsmemory.com\/lamarseillaise\/news\/wp-json\/wp\/v2\/categories?post=35383"},{"taxonomy":"post_tag","embeddable":true,"href":"https:\/\/euapp01.newsmemory.com\/lamarseillaise\/news\/wp-json\/wp\/v2\/tags?post=35383"},{"taxonomy":"news-destination","embeddable":true,"href":"https:\/\/euapp01.newsmemory.com\/lamarseillaise\/news\/wp-json\/wp\/v2\/news-destination?post=35383"},{"taxonomy":"news-source","embeddable":true,"href":"https:\/\/euapp01.newsmemory.com\/lamarseillaise\/news\/wp-json\/wp\/v2\/news-source?post=35383"},{"taxonomy":"is_homepage","embeddable":true,"href":"https:\/\/euapp01.newsmemory.com\/lamarseillaise\/news\/wp-json\/wp\/v2\/is_homepage?post=35383"},{"taxonomy":"ta_other","embeddable":true,"href":"https:\/\/euapp01.newsmemory.com\/lamarseillaise\/news\/wp-json\/wp\/v2\/ta_other?post=35383"}],"curies":[{"name":"wp","href":"https:\/\/api.w.org\/{rel}","templated":true}]}}