{"id":35380,"date":"2026-07-06T07:41:00","date_gmt":"2026-07-06T05:41:00","guid":{"rendered":"https:\/\/euapp01.newsmemory.com\/lamarseillaise\/news\/?p=35380"},"modified":"2026-07-10T09:42:21","modified_gmt":"2026-07-10T07:42:21","slug":"entretien-julie-bonato-dallet-le-feminisme-cest-la-remise-en-cause-dun-systeme-de-dominations","status":"publish","type":"post","link":"https:\/\/euapp01.newsmemory.com\/lamarseillaise\/news\/2026\/07\/06\/entretien-julie-bonato-dallet-le-feminisme-cest-la-remise-en-cause-dun-systeme-de-dominations\/","title":{"rendered":"[Entretien] Julie Bonato Dallet : \u00ab&nbsp;Le f\u00e9minisme, c\u2019est la remise en cause d\u2019un syst\u00e8me de dominations&nbsp;\u00bb"},"content":{"rendered":"<div class=\"paragraph\">\n<p>La Marseillaise\u00a0: <b>\u00c0 peine \u00e9lue pr\u00e9sidente, l\u2019actualit\u00e9 est marqu\u00e9e par des violences faites aux femmes et aux enfants. Comment l\u2019affrontez-vous<\/b><b>\u00a0<\/b><b>?<\/b><\/p>\n<p>Julie Bonato Dallet\u00a0: Ces violences trahissent un syst\u00e8me de domination. Le patriarcat, qui en d\u00e9coule, cr\u00e9e ces violences dont nous parlons un peu plus depuis #MeToo. Il faut aussi noter que le syst\u00e8me juridique n\u2019aide pas les enfants et les m\u00e8res protectrices. Il y a de quoi \u00eatre en col\u00e8re quand Emmanuel Macron parlait de grande cause nationale et qu\u2019en r\u00e9alit\u00e9 la parole est toujours \u00e9cras\u00e9e. J\u2019esp\u00e8re que nous sommes \u00e0 un point d\u2019\u00e9tape de la mobilisation. Avec notre coalition locale, compos\u00e9e d\u2019Osez le f\u00e9minisme\u00a0! et de Femmes souveraines, nous allons passer l\u2019\u00e9t\u00e9 avant de reprendre de plus belle \u00e0 la rentr\u00e9e, avec l\u2019appel \u00e0 la gr\u00e8ve du 7\u00a0septembre, dans la lign\u00e9e des manifestations du lundi au tribunal de Tarascon, et pour pr\u00e9parer l\u2019examen de la loi globale promise par la pr\u00e9sidente de l\u2019Assembl\u00e9e nationale.<\/p>\n<p><b>Quel est le r\u00f4le de Femmes solidaires dans ce combat<\/b><b>\u00a0<\/b><b>?<\/b><\/p>\n<p>J.B.D.\u00a0: Nous sommes une association populaire qui inclut la lutte des classes dans sa lutte contre les dominations. L\u2019un ne va pas sans l\u2019autre car, en leur absence, nous resterions dans un syst\u00e8me de domination. Je me retrouve dans cette association justement pour ce message politique assez fort. Femmes solidaires est n\u00e9e de l\u2019Union des femmes fran\u00e7aises (UFF), cr\u00e9\u00e9e dans l\u2019apr\u00e8s-guerre par des femmes r\u00e9sistantes, dont certaines \u00e9taient communistes. Leur leitmotiv \u00e9tait\u00a0: plus jamais la guerre, plus jamais le fascisme. Nous avons d\u2019ailleurs f\u00eat\u00e9 les 80 ans de l\u2019association l\u2019ann\u00e9e derni\u00e8re. Cela me touche d\u2019\u00eatre dans la lign\u00e9e de leurs grands combats.<\/p>\n<p><b>Il y a pourtant des femmes d\u2019extr\u00eame droite qui se revendiquent f\u00e9ministes. Est-ce un combat commun<\/b><b>\u00a0<\/b><b>?<\/b><\/p>\n<p>J.B.D.\u00a0: Ce sont des impostures\u00a0! Ces m\u00eames femmes d\u2019extr\u00eame droite, dont celles de la mouvance tradwife [mouvement pr\u00f4nant le retour d\u2019un r\u00f4le de la femme au foyer, Ndlr.], partagent des messages d\u2019enfermement en mettant de c\u00f4t\u00e9 tous les autres combats. Ce sont souvent des petites bourgeoises d\u2019un bon niveau social, blanches&#8230; La femme de Charlie Kirk en est un exemple, \u00e0 travers ses discours pr\u00f4nant le fait de s\u2019occuper de son mari et de ses enfants. C\u2019est \u00e0 contre-courant de nos combats. Il y a une bataille culturelle avec les f\u00e9monationalistes. Une maman m\u2019a r\u00e9cemment dit qu\u2019elle s\u2019identifiait \u00e0 N\u00e9m\u00e9sis [collectif d\u2019extr\u00eame droite qui se revendique f\u00e9ministe, Ndlr.]. Ces mouvements arrivent \u00e0 faire croire que leur courant de pens\u00e9e va dans le sens de nos batailles en mettant syst\u00e9matiquement en avant la nationalit\u00e9 d\u2019un violeur, quand il est racis\u00e9, au lieu de d\u00e9noncer le patriarcat comme syst\u00e8me de domination.<\/p>\n<p><b>Comment combattre ces id\u00e9es<\/b><b>\u00a0<\/b><b>?<\/b><\/p>\n<p>J.B.-D.\u00a0: La loi int\u00e9grale que nous voulons comporte ce versant de pr\u00e9vention scolaire. En tant qu\u2019association, nous pouvons sensibiliser les jeunes \u00e0 la vie affective, au consentement, aux dangers du masculinisme. Expliquer aussi que le masculin ne l\u2019a pas toujours emport\u00e9 en fran\u00e7ais. \u00c7a ne semble pas \u00e9vident, mais c\u2019est aussi une violence sexiste. Ma fille de 10\u00a0ans \u00e9tait scandalis\u00e9e quand on lui a appris\u00a0: \u00ab\u00a0Et pourquoi, en fait\u00a0?\u00a0\u00bb La f\u00e9minisation des noms de rues et des m\u00e9tiers permet aussi aux jeunes filles de s\u2019identifier, d\u2019avoir plus d\u2019ambition, de pouvoir se projeter&#8230; Lors d\u2019une conf\u00e9rence, une neurophysicienne nous a expliqu\u00e9 qu\u2019\u00e0 partir d\u2019\u00e9tudes sur la perception des couleurs, on d\u00e9termine que la perception que l\u2019on a du monde influe sur notre capacit\u00e9 \u00e0 nous projeter. On peut en d\u00e9duire que la perception d\u2019un m\u00e9tier comme masculin influe sur la l\u00e9gitimit\u00e9 des filles \u00e0 le faire. Cela fait partie de nos combats.<\/p>\n<p><b>Les r\u00e9actions des hommes sont tr\u00e8s diverses face \u00e0 votre lutte. Quel est votre message \u00e0 leur \u00e9gard<\/b><b>\u00a0<\/b><b>?<\/b><\/p>\n<p>J.B.D.\u00a0: Le f\u00e9minisme n\u2019exclut pas les hommes, ils peuvent nous soutenir. La soci\u00e9t\u00e9 patriarcale impacte les femmes, les hommes, et ils sont aussi parfois victimes de cette soci\u00e9t\u00e9 quelque part. Au contraire, on d\u00e9plore qu\u2019il n\u2019y ait pas plus d\u2019hommes dans nos mobilisations, surtout quand cela concerne aussi les enfants. La d\u00e9construction du patriarcat se fera sur des g\u00e9n\u00e9rations, par l\u2019\u00e9ducation, la discussion, la sensibilisation. Le combat contre les st\u00e9r\u00e9otypes de genre, qui sont des constructions sociales, est commun.<\/p>\n<\/p><\/div>\n","protected":false},"excerpt":{"rendered":"La Marseillaise&nbsp;: &Agrave; peine &eacute;lue pr&eacute;sidente, l&rsquo;actualit&eacute; est marqu&eacute;e par des violences faites aux femmes et aux enfants. Comment l&rsquo;affrontez-vous&nbsp;?","protected":false},"author":1,"featured_media":35381,"comment_status":"open","ping_status":"open","sticky":false,"template":"","format":"standard","meta":{"footnotes":""},"categories":[3926,3925,330,20],"tags":[1234,168,10,465,57,343,1929,1646,3812,3815,3830,5815,561,3857,431,51,2787],"news-destination":[3944],"news-source":[475],"is_homepage":[],"ta_other":[],"class_list":["post-35380","post","type-post","status-publish","format-standard","has-post-thumbnail","hentry","category-accueil-merge","category-accueil-third","category-politique","category-societe","tag-arles","tag-association","tag-bouches-du-rhone","tag-communistes","tag-enfants","tag-entretien","tag-fascisme","tag-feministes","tag-femmes-solidaires","tag-genre","tag-lutte-des-classes","tag-lyhanna","tag-mobilisations","tag-patriarcat","tag-prevention","tag-societe","tag-violences-faites-aux-femmes","news-destination-homepage","news-source-website"],"_links":{"self":[{"href":"https:\/\/euapp01.newsmemory.com\/lamarseillaise\/news\/wp-json\/wp\/v2\/posts\/35380","targetHints":{"allow":["GET"]}}],"collection":[{"href":"https:\/\/euapp01.newsmemory.com\/lamarseillaise\/news\/wp-json\/wp\/v2\/posts"}],"about":[{"href":"https:\/\/euapp01.newsmemory.com\/lamarseillaise\/news\/wp-json\/wp\/v2\/types\/post"}],"author":[{"embeddable":true,"href":"https:\/\/euapp01.newsmemory.com\/lamarseillaise\/news\/wp-json\/wp\/v2\/users\/1"}],"replies":[{"embeddable":true,"href":"https:\/\/euapp01.newsmemory.com\/lamarseillaise\/news\/wp-json\/wp\/v2\/comments?post=35380"}],"version-history":[{"count":1,"href":"https:\/\/euapp01.newsmemory.com\/lamarseillaise\/news\/wp-json\/wp\/v2\/posts\/35380\/revisions"}],"predecessor-version":[{"id":35382,"href":"https:\/\/euapp01.newsmemory.com\/lamarseillaise\/news\/wp-json\/wp\/v2\/posts\/35380\/revisions\/35382"}],"wp:featuredmedia":[{"embeddable":true,"href":"https:\/\/euapp01.newsmemory.com\/lamarseillaise\/news\/wp-json\/wp\/v2\/media\/35381"}],"wp:attachment":[{"href":"https:\/\/euapp01.newsmemory.com\/lamarseillaise\/news\/wp-json\/wp\/v2\/media?parent=35380"}],"wp:term":[{"taxonomy":"category","embeddable":true,"href":"https:\/\/euapp01.newsmemory.com\/lamarseillaise\/news\/wp-json\/wp\/v2\/categories?post=35380"},{"taxonomy":"post_tag","embeddable":true,"href":"https:\/\/euapp01.newsmemory.com\/lamarseillaise\/news\/wp-json\/wp\/v2\/tags?post=35380"},{"taxonomy":"news-destination","embeddable":true,"href":"https:\/\/euapp01.newsmemory.com\/lamarseillaise\/news\/wp-json\/wp\/v2\/news-destination?post=35380"},{"taxonomy":"news-source","embeddable":true,"href":"https:\/\/euapp01.newsmemory.com\/lamarseillaise\/news\/wp-json\/wp\/v2\/news-source?post=35380"},{"taxonomy":"is_homepage","embeddable":true,"href":"https:\/\/euapp01.newsmemory.com\/lamarseillaise\/news\/wp-json\/wp\/v2\/is_homepage?post=35380"},{"taxonomy":"ta_other","embeddable":true,"href":"https:\/\/euapp01.newsmemory.com\/lamarseillaise\/news\/wp-json\/wp\/v2\/ta_other?post=35380"}],"curies":[{"name":"wp","href":"https:\/\/api.w.org\/{rel}","templated":true}]}}