{"id":35377,"date":"2026-07-06T07:33:00","date_gmt":"2026-07-06T05:33:00","guid":{"rendered":"https:\/\/euapp01.newsmemory.com\/lamarseillaise\/news\/?p=35377"},"modified":"2026-07-10T09:02:47","modified_gmt":"2026-07-10T07:02:47","slug":"les-hopitaux-davignon-et-dapt-en-vague-de-modernisations","status":"publish","type":"post","link":"https:\/\/euapp01.newsmemory.com\/lamarseillaise\/news\/2026\/07\/06\/les-hopitaux-davignon-et-dapt-en-vague-de-modernisations\/","title":{"rendered":"Les h\u00f4pitaux d\u2019Avignon et d\u2019Apt en vague de modernisations"},"content":{"rendered":"<div class=\"paragraph\">\n<p>Mercredi dernier, deux \u00e9v\u00e9nements importants concernant les h\u00f4pitaux publics du Vaucluse ont anim\u00e9 l\u2019apr\u00e8s-midi\u00a0: un point d\u2019\u00e9tape sur le projet de modernisation de l\u2019h\u00f4pital d\u2019Avignon, marqu\u00e9 par l\u2019inauguration du service de r\u00e9animation, puis la signature d\u2019une convention pour l\u2019\u00e9tablissement d\u2019Apt, labellis\u00e9 h\u00f4pital de proximit\u00e9.<\/p>\n<p>\u00c0 Avignon, rappelons que le centre hospitalier a engag\u00e9, il y a trois ans, un vaste plan de r\u00e9habilitation de 155\u00a0millions d\u2019euros, \u00ab<i>\u00a0<\/i><i>parmi les plus importants programmes de modernisation hospitali\u00e8re actuellement engag\u00e9s en France<\/i>\u00a0\u00bb, souligne le centre hospitalier Henri-Duffaut. Baptis\u00e9 Terrah 2030, pour Territoire d\u2019Avignon\u00a0&#8211; H\u00f4pital 2030, le projet vient de livrer un <a rel=\"noopener noreferrer\" href=\"https:\/\/www.lamarseillaise.fr\/societe\/avignon-une-nouvelle-unite-de-reanimation-ultra-moderne-a-l-hopital-henri-duffaut-BH20279855\" target=\"_blank\">nouveau service de r\u00e9animation (notre \u00e9dition du 1<sup>er<\/sup>\u00a0juin), qui a gagn\u00e9 10\u00a0lits de plus (de 20 \u00e0 30). <\/a>Une premi\u00e8re phase inaugur\u00e9e donc ce mercredi, devant quelque 100\u00a0personnes parmi lesquelles le directeur de l\u2019Agence r\u00e9gionale de sant\u00e9 Yann Bubien, le pr\u00e9fet Thierry Suquet, le pr\u00e9sident de la R\u00e9gion Sud Renaud Muselier (Ren.) <a rel=\"noopener noreferrer\" href=\"https:\/\/www.lamarseillaise.fr\/societe\/olivier-galzi-entend-operer-au-devenir-de-l-hopital-AH20416314\" target=\"_blank\">ou le maire d\u2019Avignon, Olivier Galzi (DVD), r\u00e9cemment \u00e9lu pr\u00e9sident du conseil de surveillance<\/a> de l\u2019h\u00f4pital.<\/p>\n<p>Apr\u00e8s la r\u00e9animation, le projet Terrah pr\u00e9voit, d\u2019ici \u00e0 2028, la construction d\u2019un b\u00e2timent neuf d\u2019hospitalisation permettant l\u2019extension du centre de dialyse, un service n\u00e9phrologie et un service infectiologie. Puis, en 2030, la r\u00e9habilitation de la tour de chirurgie, en 2032, l\u2019agrandissement des urgences adultes [75\u00a0000\u00a0passages par an] et, enfin, en 2033, la r\u00e9habilitation des tours de m\u00e9decine, qui abritent un peu plus de 400\u00a0lits de m\u00e9decine et chirurgie de l\u2019adulte.<\/p>\n<\/p><\/div>\n<div class=\"intext\"> \u00c0 Apt, \u00e0 bloc derri\u00e8re l\u2019h\u00f4pital\n              <\/div>\n<div class=\"paragraph\">\n<p>Dans la foul\u00e9e de cette inauguration, le pr\u00e9fet et le directeur de l\u2019ARS ont pris la direction d\u2019Apt pour y retrouver notamment le maire (DVD), Jean Aillaud, et la pr\u00e9sidente (LR) du D\u00e9partement, Dominique Santoni.<\/p>\n<p>\u00ab\u00a0<i>Le centre hospitalier du Pays d\u2019Apt a \u00e9t\u00e9 r\u00e9cemment labellis\u00e9 &#8220;h\u00f4pital de proximit\u00e9&#8221;, en reconnaissance de son r\u00f4le essentiel dans l\u2019acc\u00e8s aux soins, la coordination des parcours et la r\u00e9ponse aux besoins de sant\u00e9 de la population de son secteur<\/i><i>\u00a0<\/i>\u00bb, peut-on lire dans la convention sign\u00e9e par l\u2019ARS, le D\u00e9partement, la R\u00e9gion, la communaut\u00e9 de communes et la Ville d\u2019Apt. <a rel=\"noopener noreferrer\" href=\"https:\/\/www.lamarseillaise.fr\/societe\/a-l-hopital-d-apt-amere-fin-d-annee-pour-le-bloc-operatoire-FD19385231\" target=\"_blank\">Assez savoureux quand on se souvient que l\u2019ARS a valid\u00e9 la fermeture du bloc op\u00e9ratoire et son transfert,<\/a> en d\u00e9but d\u2019ann\u00e9e, \u00e0 Cavaillon, malgr\u00e9 une immense mobilisation contre ce d\u00e9mant\u00e8lement.<\/p>\n<p>La convention, sign\u00e9e mercredi, \u00e9tait justement une sorte de contrepartie \u00e0 la fermeture du bloc. La modernisation de l\u2019h\u00f4pital pr\u00e9voit la r\u00e9habilitation compl\u00e8te des unit\u00e9s de soins de longue dur\u00e9e, et de soins m\u00e9dicaux et de r\u00e9adaptation. Le projet comprend \u00e9galement le triplement des lits de soins palliatifs, ainsi que la modernisation et l\u2019extension de l\u2019Ehpad La Madeleine, int\u00e9gr\u00e9 \u00e0 l\u2019h\u00f4pital. Il sera dot\u00e9 de 14\u00a0places suppl\u00e9mentaires, pour une capacit\u00e9 totale de 80\u00a0places.<\/p>\n<p>Il y a un peu plus d\u2019une semaine, en s\u00e9ance pl\u00e9ni\u00e8re, le conseil d\u00e9partemental de Vaucluse a vot\u00e9 une aide de 3\u00a0millions d\u2019euros\u00a0&#8211; sur les 6,2\u00a0millions du projet\u00a0&#8211; pour l\u2019extension de l\u2019Ehpad et la r\u00e9novation de 27 places existantes. De son c\u00f4t\u00e9, la R\u00e9gion Sud a mobilis\u00e9 250\u00a0000\u00a0euros pour permettre l\u2019installation d\u2019un IRM et l\u2019acquisition d\u2019un mammographe \u00ab<i>\u00a0<\/i><i>de derni\u00e8re g\u00e9n\u00e9ration pour am\u00e9liorer l\u2019acc\u00e8s au diagnostic au plus pr\u00e8s des habitants<\/i><i>\u00a0<\/i>\u00bb.<\/p>\n<\/p><\/div>\n","protected":false},"excerpt":{"rendered":"Mercredi dernier, deux &eacute;v&eacute;nements importants concernant les h&ocirc;pitaux publics du Vaucluse ont anim&eacute; l&rsquo;apr&egrave;s-midi&nbsp;: un point d&rsquo;&eacute;tape sur le projet de modernisation de l&rsquo;h&ocirc;pital &#8230;","protected":false},"author":1,"featured_media":35378,"comment_status":"open","ping_status":"open","sticky":false,"template":"","format":"standard","meta":{"footnotes":""},"categories":[3926,3925,20],"tags":[495,174,1886,361,3063,256,171],"news-destination":[3944],"news-source":[475],"is_homepage":[],"ta_other":[],"class_list":["post-35377","post","type-post","status-publish","format-standard","has-post-thumbnail","hentry","category-accueil-merge","category-accueil-third","category-societe","tag-495","tag-avignon","tag-ehpad","tag-hopital-public","tag-reanimation","tag-sante","tag-vaucluse","news-destination-homepage","news-source-website"],"_links":{"self":[{"href":"https:\/\/euapp01.newsmemory.com\/lamarseillaise\/news\/wp-json\/wp\/v2\/posts\/35377","targetHints":{"allow":["GET"]}}],"collection":[{"href":"https:\/\/euapp01.newsmemory.com\/lamarseillaise\/news\/wp-json\/wp\/v2\/posts"}],"about":[{"href":"https:\/\/euapp01.newsmemory.com\/lamarseillaise\/news\/wp-json\/wp\/v2\/types\/post"}],"author":[{"embeddable":true,"href":"https:\/\/euapp01.newsmemory.com\/lamarseillaise\/news\/wp-json\/wp\/v2\/users\/1"}],"replies":[{"embeddable":true,"href":"https:\/\/euapp01.newsmemory.com\/lamarseillaise\/news\/wp-json\/wp\/v2\/comments?post=35377"}],"version-history":[{"count":1,"href":"https:\/\/euapp01.newsmemory.com\/lamarseillaise\/news\/wp-json\/wp\/v2\/posts\/35377\/revisions"}],"predecessor-version":[{"id":35379,"href":"https:\/\/euapp01.newsmemory.com\/lamarseillaise\/news\/wp-json\/wp\/v2\/posts\/35377\/revisions\/35379"}],"wp:featuredmedia":[{"embeddable":true,"href":"https:\/\/euapp01.newsmemory.com\/lamarseillaise\/news\/wp-json\/wp\/v2\/media\/35378"}],"wp:attachment":[{"href":"https:\/\/euapp01.newsmemory.com\/lamarseillaise\/news\/wp-json\/wp\/v2\/media?parent=35377"}],"wp:term":[{"taxonomy":"category","embeddable":true,"href":"https:\/\/euapp01.newsmemory.com\/lamarseillaise\/news\/wp-json\/wp\/v2\/categories?post=35377"},{"taxonomy":"post_tag","embeddable":true,"href":"https:\/\/euapp01.newsmemory.com\/lamarseillaise\/news\/wp-json\/wp\/v2\/tags?post=35377"},{"taxonomy":"news-destination","embeddable":true,"href":"https:\/\/euapp01.newsmemory.com\/lamarseillaise\/news\/wp-json\/wp\/v2\/news-destination?post=35377"},{"taxonomy":"news-source","embeddable":true,"href":"https:\/\/euapp01.newsmemory.com\/lamarseillaise\/news\/wp-json\/wp\/v2\/news-source?post=35377"},{"taxonomy":"is_homepage","embeddable":true,"href":"https:\/\/euapp01.newsmemory.com\/lamarseillaise\/news\/wp-json\/wp\/v2\/is_homepage?post=35377"},{"taxonomy":"ta_other","embeddable":true,"href":"https:\/\/euapp01.newsmemory.com\/lamarseillaise\/news\/wp-json\/wp\/v2\/ta_other?post=35377"}],"curies":[{"name":"wp","href":"https:\/\/api.w.org\/{rel}","templated":true}]}}