{"id":35374,"date":"2026-07-06T07:32:00","date_gmt":"2026-07-06T05:32:00","guid":{"rendered":"https:\/\/euapp01.newsmemory.com\/lamarseillaise\/news\/?p=35374"},"modified":"2026-07-10T09:02:47","modified_gmt":"2026-07-10T07:02:47","slug":"apres-le-congres-de-lille-les-communistes-avancent-vers-2027","status":"publish","type":"post","link":"https:\/\/euapp01.newsmemory.com\/lamarseillaise\/news\/2026\/07\/06\/apres-le-congres-de-lille-les-communistes-avancent-vers-2027\/","title":{"rendered":"Apr\u00e8s le congr\u00e8s de Lille, les communistes avancent vers 2027"},"content":{"rendered":"<div class=\"paragraph\">\n<p>\u00c0 travers les gradins du Grand Palais de Lille ce dimanche matin, les applaudissements des pr\u00e8s de 700\u00a0congressistes viennent saluer les r\u00e9sultats des derniers votes. Avec 70,1% des voix, les d\u00e9l\u00e9gu\u00e9s des f\u00e9d\u00e9rations du Parti communiste fran\u00e7ais ont d\u00e9sign\u00e9, au terme de leur 40<sup>e<\/sup>\u00a0congr\u00e8s, une nouvelle direction plus resserr\u00e9e, renouvel\u00e9e pour un tiers, sans qu\u2019aucune autre liste concurrente n\u2019ait \u00e9t\u00e9 d\u00e9pos\u00e9e. Avec ce vote, le secr\u00e9taire national du PCF, Fabien Roussel, a ainsi \u00e9t\u00e9 renouvel\u00e9 dans ses fonctions, huit ans apr\u00e8s le congr\u00e8s d\u2019Ivry-sur-Seine qui l\u2019avait propuls\u00e9 \u00e0 sa t\u00eate.<\/p>\n<p>La veille, au terme de deux jours du d\u00e9bat et quelque 5\u00a0834\u00a0amendements d\u00e9pos\u00e9s et d\u00e9battus depuis les congr\u00e8s de sections jusqu\u2019au congr\u00e8s national \u00e0 Lille, les orientations futures des communistes avaient \u00e9t\u00e9 approuv\u00e9es avec 73,7% des voix des congressistes. Parmi celles-ci, le principe d\u2019un processus de transition socialiste vers le communisme, qui avait \u00e9t\u00e9 abandonn\u00e9 lors du 29<sup>e<\/sup>\u00a0congr\u00e8s en 1996, d\u00e9battu lors de la premi\u00e8re journ\u00e9e vendredi soir, ou encore les campagnes futures \u00e0 mener, sur la d\u00e9fense de l\u2019industrie et des services publics, sur la solidarit\u00e9 internationale marqu\u00e9e par le d\u00e9placement de 27\u00a0d\u00e9l\u00e9gations de partis socialistes ou communistes de tous les continents \u00e0 l\u2019occasion de ce congr\u00e8s, ou encore sur la d\u00e9fense du plan climat pr\u00e9sent\u00e9 par le parti.<\/p>\n<p>Surtout, les d\u00e9bats, samedi apr\u00e8s-midi, ont \u00e9t\u00e9 l\u2019occasion d\u2019\u00e9changer sur la l\u00e9gitimit\u00e9 d\u2019une candidature communiste pour la pr\u00e9sidentielle et sur la pr\u00e9paration des l\u00e9gislatives, rejetant le principe d\u2019une clause de revoyure au d\u00e9but de l\u2019ann\u00e9e 2027, \u00ab\u00a0<i>une \u00e9p\u00e9e de Damocl\u00e8s et deux boulets accroch\u00e9s \u00e0 mes pieds<\/i><i>\u00a0<\/i>\u00bb, d\u00e9plorait Fabien Roussel. Apr\u00e8s la pr\u00e9sentation du bilan financier et l\u2019\u00e9lection de la nouvelle direction dimanche matin, ce d\u00e9bat s\u2019est concr\u00e9tis\u00e9 par la r\u00e9union d\u2019une conf\u00e9rence nationale\u00a0: \u00e0 65,5%, et sous les applaudissements des participants, le principe d\u2019une candidature communiste emmen\u00e9e par Fabien Roussel a \u00e9t\u00e9 approuv\u00e9. Elle doit d\u00e9sormais \u00eatre approuv\u00e9e par les militants, lors d\u2019un vote de tous les adh\u00e9rents, le 6\u00a0septembre prochain.<\/p>\n<\/p><\/div>\n<div class=\"intext\"> \u00ab\u00a0Le parti d\u2019une vie meilleure\u00a0\u00bb\n              <\/div>\n<div class=\"paragraph\">\n<p>Alors, arborant le maillot \u00e0 pois rouges, apr\u00e8s le lancement du Tour de France, Fabien Roussel souriait largement au moment de cl\u00f4turer ces trois jours de congr\u00e8s. \u00ab\u00a0<i>Il y a des cols \u00e0 monter et tout ce que je nous souhaite, c\u2019est de le porter ce maillot dans les mois qui viennent<\/i><i>\u00a0<\/i><i>! Et parce que le cyclisme est un sport d\u2019\u00e9quipe, nous allons les monter ensemble ces cols<\/i><i>\u00a0<\/i>\u00bb, promettait-il. Esp\u00e9rant contribuer \u00e0 une victoire de la gauche, en s\u2019adressant en premier lieu aux abstentionnistes.<\/p>\n<p>Pour cela, il tire \u00e0 boulets rouges sur la droite lest\u00e9e d\u2019un bilan de dix ans de macronisme, sur les \u00ab\u00a0<i>oligarques corrompus<\/i>\u00a0\u00bb \u00e0 la t\u00eate de l\u2019\u00e9conomie. \u00ab\u00a0<i>Une poign\u00e9e de milliardaires \u00e0 la t\u00eate d\u2019empires exploitent autant les hommes que les moyens de l\u2019<\/i><i><span class=\"mln_uppercase_mln\">\u00e9<\/span><\/i><i>tat qu\u2019ils d\u00e9tournent, avec la servilit\u00e9 des gouvernements successifs qui se sont transform\u00e9s en conseil d\u2019administration de leurs propres int\u00e9r\u00eats<\/i><i>\u00a0<\/i>\u00bb, chargeait-il. Alors lui veut \u00ab\u00a0<i>prendre le parti de rendre la vie meilleure<\/i><i>\u00a0<\/i>\u00bb, en insistant sur les projets de r\u00e9industrialisation \u00e9cologique du pays, en menant la bataille pour l\u2019augmentation des salaires, en d\u00e9fendant l\u2019\u00e9galit\u00e9 des droits. Face aux vocif\u00e9rations de Donald Trump contre la menace communiste, il sourit\u00a0: \u00ab\u00a0<i>Mon cher Donald, les communistes sont l\u00e0 et candidats \u00e0 l\u2019\u00e9lection pr\u00e9sidentielle avec le socialisme au programme<\/i><i>\u00a0<\/i><i>!<\/i>\u00a0\u00bb <i><\/i><\/p>\n<p>Apr\u00e8s les \u00e9changes avec les d\u00e9l\u00e9gations internationales tout au long du congr\u00e8s, dans la ligne des engagements contre l\u2019apartheid en Afrique du Sud dans les ann\u00e9es 1990, il veut faire un sermen\u00a0: \u00ab\u00a0<i>De gagner le combat contre le r\u00e9gime d\u2019apartheid impos\u00e9 par l\u2019extr\u00eame droite isra\u00e9lienne, r\u00e9cup\u00e9rer toutes les terres accapar\u00e9es par la colonisation, lib\u00e9rer Marwan Barghouti et lib\u00e9rer la Palestine<\/i><i>\u00a0<\/i><i>!<\/i><i>\u00a0<\/i>\u00bb<\/p>\n<p>Mais pour mener ces batailles, il appelle \u00e0 renforcer les rangs du PCF, dont l\u2019\u00e9rosion militante a \u00e9t\u00e9 ralentie gr\u00e2ce \u00e0 7\u00a0800\u00a0nouvelles adh\u00e9sions. En fixant comme objectif de ne perdre aucun nouvel adh\u00e9rent les trois prochaines ann\u00e9es.<\/p>\n<\/p><\/div>\n","protected":false},"excerpt":{"rendered":"&Agrave; travers les gradins du Grand Palais de Lille ce dimanche matin, les applaudissements des pr&egrave;s de 700&nbsp;congressistes viennent saluer les r&eacute;sultats des derniers votes. Avec 70,1% des voix, les d&eacute;l&eacute;gu&eacute;s &#8230;","protected":false},"author":1,"featured_media":35375,"comment_status":"open","ping_status":"open","sticky":false,"template":"","format":"standard","meta":{"footnotes":""},"categories":[3926,3925,330],"tags":[942,441,606,572,75,250,677],"news-destination":[3944],"news-source":[475],"is_homepage":[],"ta_other":[],"class_list":["post-35374","post","type-post","status-publish","format-standard","has-post-thumbnail","hentry","category-accueil-merge","category-accueil-third","category-politique","tag-congres","tag-extreme-droite","tag-fabien-roussel","tag-france","tag-palestine","tag-pcf","tag-presidentielle","news-destination-homepage","news-source-website"],"_links":{"self":[{"href":"https:\/\/euapp01.newsmemory.com\/lamarseillaise\/news\/wp-json\/wp\/v2\/posts\/35374","targetHints":{"allow":["GET"]}}],"collection":[{"href":"https:\/\/euapp01.newsmemory.com\/lamarseillaise\/news\/wp-json\/wp\/v2\/posts"}],"about":[{"href":"https:\/\/euapp01.newsmemory.com\/lamarseillaise\/news\/wp-json\/wp\/v2\/types\/post"}],"author":[{"embeddable":true,"href":"https:\/\/euapp01.newsmemory.com\/lamarseillaise\/news\/wp-json\/wp\/v2\/users\/1"}],"replies":[{"embeddable":true,"href":"https:\/\/euapp01.newsmemory.com\/lamarseillaise\/news\/wp-json\/wp\/v2\/comments?post=35374"}],"version-history":[{"count":1,"href":"https:\/\/euapp01.newsmemory.com\/lamarseillaise\/news\/wp-json\/wp\/v2\/posts\/35374\/revisions"}],"predecessor-version":[{"id":35376,"href":"https:\/\/euapp01.newsmemory.com\/lamarseillaise\/news\/wp-json\/wp\/v2\/posts\/35374\/revisions\/35376"}],"wp:featuredmedia":[{"embeddable":true,"href":"https:\/\/euapp01.newsmemory.com\/lamarseillaise\/news\/wp-json\/wp\/v2\/media\/35375"}],"wp:attachment":[{"href":"https:\/\/euapp01.newsmemory.com\/lamarseillaise\/news\/wp-json\/wp\/v2\/media?parent=35374"}],"wp:term":[{"taxonomy":"category","embeddable":true,"href":"https:\/\/euapp01.newsmemory.com\/lamarseillaise\/news\/wp-json\/wp\/v2\/categories?post=35374"},{"taxonomy":"post_tag","embeddable":true,"href":"https:\/\/euapp01.newsmemory.com\/lamarseillaise\/news\/wp-json\/wp\/v2\/tags?post=35374"},{"taxonomy":"news-destination","embeddable":true,"href":"https:\/\/euapp01.newsmemory.com\/lamarseillaise\/news\/wp-json\/wp\/v2\/news-destination?post=35374"},{"taxonomy":"news-source","embeddable":true,"href":"https:\/\/euapp01.newsmemory.com\/lamarseillaise\/news\/wp-json\/wp\/v2\/news-source?post=35374"},{"taxonomy":"is_homepage","embeddable":true,"href":"https:\/\/euapp01.newsmemory.com\/lamarseillaise\/news\/wp-json\/wp\/v2\/is_homepage?post=35374"},{"taxonomy":"ta_other","embeddable":true,"href":"https:\/\/euapp01.newsmemory.com\/lamarseillaise\/news\/wp-json\/wp\/v2\/ta_other?post=35374"}],"curies":[{"name":"wp","href":"https:\/\/api.w.org\/{rel}","templated":true}]}}