{"id":35371,"date":"2026-07-06T07:16:00","date_gmt":"2026-07-06T05:16:00","guid":{"rendered":"https:\/\/euapp01.newsmemory.com\/lamarseillaise\/news\/?p=35371"},"modified":"2026-07-10T09:02:47","modified_gmt":"2026-07-10T07:02:47","slug":"des-bateaux-en-feu-sur-le-vieux-port-le-pire-evite","status":"publish","type":"post","link":"https:\/\/euapp01.newsmemory.com\/lamarseillaise\/news\/2026\/07\/06\/des-bateaux-en-feu-sur-le-vieux-port-le-pire-evite\/","title":{"rendered":"Des bateaux en feu sur le Vieux-Port, le pire \u00e9vit\u00e9"},"content":{"rendered":"<div class=\"paragraph\">\n<p>Une catastrophe majeure a \u00e9t\u00e9 \u00e9vit\u00e9e gr\u00e2ce au professionnalisme du bataillon des marins-pompiers (BMPM). Ce dimanche 5\u00a0juillet vers 10h30, sur le Vieux-Port, une vedette d\u2019une dizaine de m\u00e8tres, amarr\u00e9e en parall\u00e8le de la sc\u00e8ne de l\u2019\u00c9t\u00e9 marseillais, a pris feu, propageant l\u2019incendie au navire voisin, de 20\u00a0m de long. Malgr\u00e9 l\u2019intervention rapide des marins-pompiers, des panaches de fum\u00e9e noir\u00e2tre et malodorante se sont \u00e9lev\u00e9s dans le ciel, entra\u00eenant l\u2019\u00e9vacuation de plusieurs terrasses de caf\u00e9s et de restaurants.<\/p>\n<p>Le p\u00e9rim\u00e8tre a \u00e9t\u00e9 boucl\u00e9 par la police municipale et nationale. Apr\u00e8s plus d\u2019une heure et demie d\u2019intervention, mobilisant 150\u00a0hommes et 37\u00a0engins dont 6\u00a0moyens en mer, avec un gros bateau-pompe, le bataillon est venu \u00e0 bout du sinistre. Les deux bateaux ont coul\u00e9. Une quinzaine de bless\u00e9s l\u00e9gers \u00e9taient \u00e0 d\u00e9plorer, la plupart pour inhalation des fum\u00e9es.<\/p>\n<p>\u00ab\u00a0<i>On a \u00e9vit\u00e9 le pire gr\u00e2ce \u00e0 l\u2019h\u00e9ro\u00efsme et au courage du bataillon, de nos policiers municipaux<\/i><i>\u00a0<\/i>\u00bb, a comment\u00e9 dans la foul\u00e9e le maire de Marseille, Beno\u00eet Payan (DVG). L\u2019\u00e9lu souligne le savoir-faire du BMPM, qui a engag\u00e9 sans attendre les op\u00e9rations pour pr\u00e9venir des risques de pollution.<\/p>\n<\/p><\/div>\n<div class=\"intext\"> La sc\u00e8ne expertis\u00e9e\n              <\/div>\n<div class=\"paragraph\">\n<p>La pollution peut \u00eatre de trois types, nous pr\u00e9cise le vice-amiral Lionel Mathieu, commandant du BMPM, li\u00e9e \u00ab\u00a0<i>au mat\u00e9riau qui br\u00fble avec de gros morceaux de plastique, au combustible qui s\u2019\u00e9chappe du bateau et \u00e9galement notre produit pour \u00e9teindre le feu, dont la pollution est plus visuelle<\/i><i>\u00a0<\/i>\u00bb.<\/p>\n<p>L\u2019intervention a \u00e9t\u00e9 technique, obligeant le BMPM \u00e0 intervenir sur deux fronts, maritime et terrestre, poursuit le vice-amiral\u00a0: \u00ab\u00a0<i>Nous avions trois objectifs<\/i><i>\u00a0<\/i><i>: d\u2019abord la sauvegarde de la vie humaine. Deuxi\u00e8mement, \u00e9viter la propagation aux autres bateaux<\/i><i>. Et en troisi\u00e8me lieu, prot\u00e9ger la sc\u00e8ne sur l\u2019eau<\/i>.\u00a0\u00bb Interrog\u00e9 justement sur la poursuite des festivit\u00e9s, Beno\u00eet Payan s\u2019est dit dans l\u2019incapacit\u00e9 de r\u00e9pondre \u00e0 la question. \u00ab\u00a0<i>On a des ing\u00e9nieurs, des architectes qui sont sur la sc\u00e8ne sur l\u2019eau en train de regarder la structure<\/i>\u00a0\u00bb, assure-t-il, mais \u00ab\u00a0<i>il est tr\u00e8s t\u00f4t pour dire ce qu\u2019il en est, m\u00eame si, et je parle au conditionnel, il semblerait que nous ayons r\u00e9ussi \u00e0 la sauver<\/i>\u00a0\u00bb.<\/p>\n<\/p><\/div>\n","protected":false},"excerpt":{"rendered":"Une catastrophe majeure a &eacute;t&eacute; &eacute;vit&eacute;e gr&acirc;ce au professionnalisme du bataillon des marins-pompiers (BMPM). Ce dimanche 5&nbsp;juillet vers 10h30, sur le Vieux-Port, une vedette d&rsquo;une dizaine de m&egrave;tres, &#8230;","protected":false},"author":1,"featured_media":35372,"comment_status":"open","ping_status":"open","sticky":false,"template":"","format":"standard","meta":{"footnotes":""},"categories":[3926,3925,20],"tags":[659,774,10,1138,4013,2851,2799,1856,16,1188,1460,734,1699,116,320,1670,1911,935],"news-destination":[3944],"news-source":[475],"is_homepage":[],"ta_other":[],"class_list":["post-35371","post","type-post","status-publish","format-standard","has-post-thumbnail","hentry","category-accueil-merge","category-accueil-third","category-societe","tag-bateaux","tag-benoit-payan","tag-bouches-du-rhone","tag-festivites","tag-lionel-mathieu","tag-marins","tag-marins-pompiers","tag-maritime","tag-marseille","tag-moyens","tag-navires","tag-police-municipale","tag-policiers","tag-pollution","tag-pompiers","tag-restaurants","tag-risques","tag-vieux-port","news-destination-homepage","news-source-website"],"_links":{"self":[{"href":"https:\/\/euapp01.newsmemory.com\/lamarseillaise\/news\/wp-json\/wp\/v2\/posts\/35371","targetHints":{"allow":["GET"]}}],"collection":[{"href":"https:\/\/euapp01.newsmemory.com\/lamarseillaise\/news\/wp-json\/wp\/v2\/posts"}],"about":[{"href":"https:\/\/euapp01.newsmemory.com\/lamarseillaise\/news\/wp-json\/wp\/v2\/types\/post"}],"author":[{"embeddable":true,"href":"https:\/\/euapp01.newsmemory.com\/lamarseillaise\/news\/wp-json\/wp\/v2\/users\/1"}],"replies":[{"embeddable":true,"href":"https:\/\/euapp01.newsmemory.com\/lamarseillaise\/news\/wp-json\/wp\/v2\/comments?post=35371"}],"version-history":[{"count":1,"href":"https:\/\/euapp01.newsmemory.com\/lamarseillaise\/news\/wp-json\/wp\/v2\/posts\/35371\/revisions"}],"predecessor-version":[{"id":35373,"href":"https:\/\/euapp01.newsmemory.com\/lamarseillaise\/news\/wp-json\/wp\/v2\/posts\/35371\/revisions\/35373"}],"wp:featuredmedia":[{"embeddable":true,"href":"https:\/\/euapp01.newsmemory.com\/lamarseillaise\/news\/wp-json\/wp\/v2\/media\/35372"}],"wp:attachment":[{"href":"https:\/\/euapp01.newsmemory.com\/lamarseillaise\/news\/wp-json\/wp\/v2\/media?parent=35371"}],"wp:term":[{"taxonomy":"category","embeddable":true,"href":"https:\/\/euapp01.newsmemory.com\/lamarseillaise\/news\/wp-json\/wp\/v2\/categories?post=35371"},{"taxonomy":"post_tag","embeddable":true,"href":"https:\/\/euapp01.newsmemory.com\/lamarseillaise\/news\/wp-json\/wp\/v2\/tags?post=35371"},{"taxonomy":"news-destination","embeddable":true,"href":"https:\/\/euapp01.newsmemory.com\/lamarseillaise\/news\/wp-json\/wp\/v2\/news-destination?post=35371"},{"taxonomy":"news-source","embeddable":true,"href":"https:\/\/euapp01.newsmemory.com\/lamarseillaise\/news\/wp-json\/wp\/v2\/news-source?post=35371"},{"taxonomy":"is_homepage","embeddable":true,"href":"https:\/\/euapp01.newsmemory.com\/lamarseillaise\/news\/wp-json\/wp\/v2\/is_homepage?post=35371"},{"taxonomy":"ta_other","embeddable":true,"href":"https:\/\/euapp01.newsmemory.com\/lamarseillaise\/news\/wp-json\/wp\/v2\/ta_other?post=35371"}],"curies":[{"name":"wp","href":"https:\/\/api.w.org\/{rel}","templated":true}]}}