{"id":35368,"date":"2026-07-06T10:54:00","date_gmt":"2026-07-06T08:54:00","guid":{"rendered":"https:\/\/euapp01.newsmemory.com\/lamarseillaise\/news\/?p=35368"},"modified":"2026-07-11T07:28:12","modified_gmt":"2026-07-11T05:28:12","slug":"entretien-gaelle-salado-faire-de-chaque-membre-du-secours-populaire-un-relais-de-solidarite-actif","status":"publish","type":"post","link":"https:\/\/euapp01.newsmemory.com\/lamarseillaise\/news\/2026\/07\/06\/entretien-gaelle-salado-faire-de-chaque-membre-du-secours-populaire-un-relais-de-solidarite-actif\/","title":{"rendered":"[Entretien] Ga\u00eblle Salado : \u00ab&nbsp;Faire de chaque membre du Secours populaire un relais de solidarit\u00e9 actif&nbsp;\u00bb"},"content":{"rendered":"<div class=\"paragraph\">\n<p>La F\u00e9d\u00e9ration du Secours populaire des Bouches-du-Rh\u00f4ne organise, ce lundi 6\u00a0juillet de 9h30 \u00e0 12h30, sa onzi\u00e8me universit\u00e9 d\u2019\u00e9t\u00e9 sur le th\u00e8me \u00ab\u00a0Ecol\u2019lectif\u00a0&#8211; Pour que la solidarit\u00e9 devienne une valeur indestructible de l\u2019\u00eatre\u00a0\u00bb. La matin\u00e9e s\u2019articulera autour d\u2019un d\u00e9bat sur l\u2019\u00e9cole, le collectif et la solidarit\u00e9 comme point d\u2019appui pour la jeunesse, avec la participation des Copains du Monde, mouvement qui accompagne et r\u00e9unis enfants et adolescents de diff\u00e9rents pays. L\u2019\u00e9v\u00e9nement, gratuit, se tient au 169 Chemin de Gibbes, \u00e0 Marseille (14<sup>e<\/sup>).<\/p>\n<p><b>La Marseillaise<\/b><b>\u00a0<\/b><b>:<\/b><b> Avant d\u2019aborder cette 11<\/b><b><sup>e<\/sup><\/b><b>\u00a0<\/b><b>\u00e9dition, pouvez-vous nous en dire plus sur les universit\u00e9s d\u2019\u00e9t\u00e9 et leur objectif<\/b><b>\u00a0<\/b><b>?<\/b><\/p>\n<p>Ga\u00eblle Salado\u00a0: L\u2019universit\u00e9 d\u2019\u00e9t\u00e9, c\u2019est un travail qui a \u00e9t\u00e9 lanc\u00e9 il y a une dizaine d\u2019ann\u00e9es avec le sociologue Jacques Broda et qui permet de faire le lien entre le travail de terrain du Secours populaire et des concepts philosophiques, sociologiques et psychanalytiques. \u00c7a permet de conceptualiser ce que l\u2019on vit et la soci\u00e9t\u00e9 dans laquelle on \u00e9volue. Les universit\u00e9s d\u2019\u00e9t\u00e9 sont anim\u00e9es par le d\u00e9sir de vouloir donner plus de puissance \u00e0 notre action en la reliant avec des concepts plus th\u00e9oriques et de montrer la place centrale qu\u2019occupe la solidarit\u00e9. On a amen\u00e9 une dimension internationale, ces derni\u00e8res ann\u00e9es, en impliquant nos partenaires \u00e9trangers au travers des villages Copains du Monde, avec les enfants des pays partenaires. Ce sont les enfants Copains du Monde, avec qui on travaille toute l\u2019ann\u00e9e sur diff\u00e9rents concepts, qui choisissent le th\u00e8me de l\u2019universit\u00e9 d\u2019\u00e9t\u00e9. Le but est de se poser les m\u00eames questions, tout en sachant que l\u2019on n\u2019a pas grandi dans les m\u00eames endroits, que l\u2019on n\u2019a pas forc\u00e9ment la m\u00eame culture.<\/p>\n<p><b>Cette ann\u00e9e, le th\u00e8me de l\u2019universit\u00e9 d\u2019\u00e9t\u00e9 est \u00ab<\/b><b>\u00a0<\/b><b>Ecol\u2019lectif<\/b><b>\u00a0<\/b><b>&#8211; Pour que la solidarit\u00e9 devienne une valeur indestructible de l\u2019\u00eatre<\/b><b>\u00a0<\/b><b>\u00bb. Pourquoi ce th\u00e8me<\/b><b>\u00a0<\/b><b>? Pourquoi avoir choisi de mettre l\u2019\u00e9cole au centre<\/b><b>\u00a0<\/b><b>?<\/b><b><\/b><\/p>\n<p>G.S.\u00a0: C\u2019\u00e9tait une demande des jeunes, car c\u2019est un espace o\u00f9 ils passent \u00e9norm\u00e9ment de temps et dans lequel ils ne sont parfois pas bien. C\u2019est l\u2019un des premiers espaces de socialisation pour les plus jeunes, un lieu o\u00f9 l\u2019on \u00e9prouve le collectif avec des contraintes. Le collectif, c\u2019est important, par rapport \u00e0 tout ce qu\u2019il se passe aujourd\u2019hui dans le monde\u00a0: les violences, le harc\u00e8lement&#8230; Le collectif, c\u2019est quelque chose qui reste et qui existe. Les Copains du Monde sont un moyen de prot\u00e9ger les enfants et les adolescents, en leur donnant des outils.<\/p>\n<p><b>Le sujet porte sur les jeunes. Sont-ils les seuls \u00e0 qui s\u2019adresse l\u2019\u00e9v\u00e9nement<\/b><b>\u00a0<\/b><b>? <\/b><\/p>\n<p>G.S.\u00a0: Non, l\u2019universit\u00e9 d\u2019\u00e9t\u00e9 ne s\u2019adresse pas qu\u2019aux jeunes. Elle est ouverte \u00e0 toutes les personnes qui s\u2019int\u00e9ressent \u00e0 ce sujet\u00a0: les parents, les professeurs, les familles qu\u2019on accompagne toute l\u2019ann\u00e9e ou encore les personnes ext\u00e9rieures au Secours populaire qui pourraient \u00eatre curieuses.<\/p>\n<p><b>La matin\u00e9e du 6<\/b><b>\u00a0<\/b><b>juillet s\u2019articulera autour d\u2019un d\u00e9bat. Comment l\u2019avez-vous con\u00e7u et organis\u00e9<\/b><b>\u00a0<\/b><b>? Qui seront les intervenants<\/b><b>\u00a0<\/b><b>?<\/b><\/p>\n<p>G.S.\u00a0: Cette ann\u00e9e, on accueille l\u2019\u00eele de La R\u00e9union, le Maroc, le Liban et les \u00c9tats-Unis. On travaille avec des associations partenaires locales\u00a0: un orphelinat au Liban, une association qui travaille pour l\u2019acc\u00e8s \u00e0 l\u2019\u00e9ducation des enfants en situation d\u2019exclusion aux \u00c9tats-Unis&#8230; Et on va discuter de projets communs. Les jeunes des Copains du Monde ont pr\u00e9par\u00e9 l\u2019introduction depuis le mois de janvier. Dans des ateliers d\u2019\u00e9criture, ils ont r\u00e9dig\u00e9 des textes qui ont \u00e9t\u00e9 mis en sc\u00e8ne par un b\u00e9n\u00e9vole qui fait du th\u00e9\u00e2tre. Apr\u00e8s cela, on lancera le d\u00e9bat sur l\u2019\u00e9cole id\u00e9ale. On d\u00e9roulera jusqu\u2019\u00e0 la question de l\u2019adolescence, de comment on peut accompagner les adolescents pour qu\u2019ils maintiennent leur engagement autour de la solidarit\u00e9. On veut offrir l\u2019association \u00e0 la jeunesse, questionner la place qu\u2019on lui donne au sein du Secours populaire.<\/p>\n<p><b>Pouvez-vous revenir sur le village Copains du Monde et d\u00e9tailler son programme<\/b><b>\u00a0<\/b><b>?<\/b><\/p>\n<p>G.S.\u00a0: Le village Copains du Monde se d\u00e9roulera du 10 au 16\u00a0juillet. C\u2019est un projet qu\u2019on met en place aussi depuis 10 ans, au Secours populaire des Bouches-du-Rh\u00f4ne, qui nous permet d\u2019accueillir des enfants et adolescents des pays partenaires. \u00c7a permet aux jeunes de se m\u00e9langer avec d\u2019autres cultures, langues et codes, de d\u00e9passer ces diff\u00e9rences et de pouvoir se dire qu\u2019ensemble, on est capables de cr\u00e9er quelque chose de diff\u00e9rent.<\/p>\n<p><b>Une collecte financi\u00e8re est \u00e9galement pr\u00e9vue<\/b><b>\u00a0<\/b><b>?<\/b><\/p>\n<p>G.S.\u00a0: Oui, les jeunes participent aussi \u00e0 une collecte financi\u00e8re. Le jour du march\u00e9 du Prado, on aura un stand du Secours populaire avec nos objets promotionnels et de l\u2019artisanat des pays pour financer les actions. Cette collecte fait partie de leur formation en tant que b\u00e9n\u00e9voles, qui sont tr\u00e8s importants pour nous et sont appel\u00e9s \u00ab\u00a0animateurs, collecteurs, b\u00e9n\u00e9voles\u00a0\u00bb. Et tout au long de la semaine, les jeunes d\u00e9couvriront des activit\u00e9s et des jeux propos\u00e9s par les autres pays. L\u2019id\u00e9e principale est vraiment le partage. Les enfants sont contents, les retours sont g\u00e9n\u00e9ralement\u00a0: \u00ab\u00a0On a l\u2019impression d\u2019\u00eatre en famille m\u00eame si on ne se connaissait pas au d\u00e9part.\u00a0\u00bb Quand ils ressortent de l\u00e0, ils sont d\u2019autant plus engag\u00e9s. Ce qui est fondamental car le but est aussi de faire de chaque membre du Secours populaire un relais de solidarit\u00e9 actif.<\/p>\n<\/p><\/div>\n","protected":false},"excerpt":{"rendered":"La F&eacute;d&eacute;ration du Secours populaire des Bouches-du-Rh&ocirc;ne organise, ce lundi 6&nbsp;juillet de 9h30 &agrave; 12h30, sa onzi&egrave;me universit&eacute; d&rsquo;&eacute;t&eacute; sur le th&egrave;me &#8230;","protected":false},"author":1,"featured_media":35369,"comment_status":"open","ping_status":"open","sticky":false,"template":"","format":"standard","meta":{"footnotes":""},"categories":[3926,3925,20],"tags":[10,102,343,16,912,260],"news-destination":[3944],"news-source":[475],"is_homepage":[],"ta_other":[],"class_list":["post-35368","post","type-post","status-publish","format-standard","has-post-thumbnail","hentry","category-accueil-merge","category-accueil-third","category-societe","tag-bouches-du-rhone","tag-collectif","tag-entretien","tag-marseille","tag-secours-populaire","tag-solidarite","news-destination-homepage","news-source-website"],"_links":{"self":[{"href":"https:\/\/euapp01.newsmemory.com\/lamarseillaise\/news\/wp-json\/wp\/v2\/posts\/35368","targetHints":{"allow":["GET"]}}],"collection":[{"href":"https:\/\/euapp01.newsmemory.com\/lamarseillaise\/news\/wp-json\/wp\/v2\/posts"}],"about":[{"href":"https:\/\/euapp01.newsmemory.com\/lamarseillaise\/news\/wp-json\/wp\/v2\/types\/post"}],"author":[{"embeddable":true,"href":"https:\/\/euapp01.newsmemory.com\/lamarseillaise\/news\/wp-json\/wp\/v2\/users\/1"}],"replies":[{"embeddable":true,"href":"https:\/\/euapp01.newsmemory.com\/lamarseillaise\/news\/wp-json\/wp\/v2\/comments?post=35368"}],"version-history":[{"count":2,"href":"https:\/\/euapp01.newsmemory.com\/lamarseillaise\/news\/wp-json\/wp\/v2\/posts\/35368\/revisions"}],"predecessor-version":[{"id":35466,"href":"https:\/\/euapp01.newsmemory.com\/lamarseillaise\/news\/wp-json\/wp\/v2\/posts\/35368\/revisions\/35466"}],"wp:featuredmedia":[{"embeddable":true,"href":"https:\/\/euapp01.newsmemory.com\/lamarseillaise\/news\/wp-json\/wp\/v2\/media\/35369"}],"wp:attachment":[{"href":"https:\/\/euapp01.newsmemory.com\/lamarseillaise\/news\/wp-json\/wp\/v2\/media?parent=35368"}],"wp:term":[{"taxonomy":"category","embeddable":true,"href":"https:\/\/euapp01.newsmemory.com\/lamarseillaise\/news\/wp-json\/wp\/v2\/categories?post=35368"},{"taxonomy":"post_tag","embeddable":true,"href":"https:\/\/euapp01.newsmemory.com\/lamarseillaise\/news\/wp-json\/wp\/v2\/tags?post=35368"},{"taxonomy":"news-destination","embeddable":true,"href":"https:\/\/euapp01.newsmemory.com\/lamarseillaise\/news\/wp-json\/wp\/v2\/news-destination?post=35368"},{"taxonomy":"news-source","embeddable":true,"href":"https:\/\/euapp01.newsmemory.com\/lamarseillaise\/news\/wp-json\/wp\/v2\/news-source?post=35368"},{"taxonomy":"is_homepage","embeddable":true,"href":"https:\/\/euapp01.newsmemory.com\/lamarseillaise\/news\/wp-json\/wp\/v2\/is_homepage?post=35368"},{"taxonomy":"ta_other","embeddable":true,"href":"https:\/\/euapp01.newsmemory.com\/lamarseillaise\/news\/wp-json\/wp\/v2\/ta_other?post=35368"}],"curies":[{"name":"wp","href":"https:\/\/api.w.org\/{rel}","templated":true}]}}