{"id":35362,"date":"2026-07-06T07:07:00","date_gmt":"2026-07-06T05:07:00","guid":{"rendered":"https:\/\/euapp01.newsmemory.com\/lamarseillaise\/news\/?p=35362"},"modified":"2026-07-06T10:21:54","modified_gmt":"2026-07-06T08:21:54","slug":"deux-jours-de-competitions-exceptionnelles-a-aix-en-provence","status":"publish","type":"post","link":"https:\/\/euapp01.newsmemory.com\/lamarseillaise\/news\/2026\/07\/06\/deux-jours-de-competitions-exceptionnelles-a-aix-en-provence\/","title":{"rendered":"Deux jours de comp\u00e9titions exceptionnelles \u00e0 Aix-en-Provence"},"content":{"rendered":"<div class=\"paragraph\">\n<p>Yannick Kerloch est un pr\u00e9sident satisfait d\u2019un week-end bien rempli.<\/p>\n<p>Le club dont il est le pr\u00e9sident organisait les championnats de France d\u2019\u00e9preuves combin\u00e9es. Cinq cat\u00e9gories en d\u00e9cathlon, autant en hepathlon, qui ont b\u00e9n\u00e9fici\u00e9 des installations enti\u00e8rement remises \u00e0 neuf du stade Georges-Carcassonne.<\/p>\n<p>\u00ab\u00a0<i>C\u2019est devenu une tr\u00e8s belle vitrine pour le club qui, de plus, a pu montrer sa capacit\u00e9 d\u2019organisation aid\u00e9e d\u2019un outil exceptionnel.<\/i><i>\u00a0<\/i>\u00bb<\/p>\n<p>Heptathlon et d\u00e9cathlon sont deux disciplines importantes au sein d\u2019Aix Athl\u00e9 Provence. Et Julien Foubert, qui \u00e9tait engag\u00e9 sur les deux jours, a su mettre en avant le maillot sang et or, m\u00eame s\u2019il ne termine pas sur le podium.<\/p>\n<\/p><\/div>\n<div class=\"intext\"> Question de dosage\n              <\/div>\n<div class=\"paragraph\">\n<p>Parmi les observateurs, St\u00e9phane Diagana a appr\u00e9ci\u00e9 les prestations auxquelles il a assist\u00e9. \u00ab\u00a0<i>D\u00e9cathlon et heptathlon sont des \u00e9preuves \u00e0 part enti\u00e8re, dans lesquelles il faut savoir tout bien faire. Tout est question de gestion et de strat\u00e9gie<\/i><i>\u00a0<\/i>\u00bb, confie l\u2019ancien champion du Monde du 400\u00a0m\u00e8tres haies.<\/p>\n<p>Il est clair que ceux qui se lancent dans les combin\u00e9es doivent \u00eatre bons sauteurs, bons lanceurs et ma\u00eetriser les courses. \u00ab\u00a0<i>C\u2019est un peu comme pour r\u00e9ussir au golf, tout est question de dosage<\/i><i>\u00a0<\/i>\u00bb, pr\u00e9cise St\u00e9phane Diagana.<\/p>\n<p>Du c\u00f4t\u00e9 du club aixois, on se porte d\u00e9j\u00e0 candidat pour accueillir d\u2019autres comp\u00e9titions. Les \u00e9preuves combin\u00e9es constituent l\u2019une des sp\u00e9cialit\u00e9s locales, avec des entra\u00eeneurs d\u00e9di\u00e9s, qui travaillent en symbiose avec leurs coll\u00e8gues de discipline, mais aussi d\u2019autres rendez-vous.<\/p>\n<p>La restauration du stade a permis de relancer le meeting d\u2019Aix-en-Provence. La pr\u00e9sence d\u2019un second stade, en pleine nature, a permis la tenue en simultan\u00e9e des championnats de France de d\u00e9cathlon et d\u2019heptathlon. Aix Athl\u00e9 Provence et ses 1\u00a0800\u00a0licenci\u00e9s sont en tout cas pr\u00eats pour relever de nouveaux d\u00e9fis. Les retours positifs des participants \u00e0 ces deux journ\u00e9es de comp\u00e9tition constituent un encouragement suppl\u00e9mentaire pour les b\u00e9n\u00e9voles qui se sont fortement mobilis\u00e9s pour la r\u00e9ussite de l\u2019\u00e9v\u00e9nement.<\/p>\n<\/p><\/div>\n<div class=\"paragraph\">\n<p><i>R\u00e9sultats et palmar\u00e8s complets sur le site <a rel=\"nofollow noopener noreferrer\" href=\"https:\/\/www.athle.fr\/\" target=\"_blank\">www.athle.fr<\/a><\/i><\/p>\n<\/p><\/div>\n","protected":false},"excerpt":{"rendered":"Yannick Kerloch est un pr&eacute;sident satisfait d&rsquo;un week-end bien rempli.","protected":false},"author":1,"featured_media":35363,"comment_status":"open","ping_status":"open","sticky":false,"template":"","format":"standard","meta":{"footnotes":""},"categories":[7],"tags":[556,1987,183,10,1162,2434,2582,5061,180,164,988],"news-destination":[],"news-source":[475],"is_homepage":[],"ta_other":[],"class_list":["post-35362","post","type-post","status-publish","format-standard","has-post-thumbnail","hentry","category-sports","tag-aix-en-provence","tag-athletisme","tag-benevoles","tag-bouches-du-rhone","tag-championnats","tag-installations","tag-medailles","tag-palmares","tag-restauration","tag-resultats","tag-week-end","news-source-website"],"_links":{"self":[{"href":"https:\/\/euapp01.newsmemory.com\/lamarseillaise\/news\/wp-json\/wp\/v2\/posts\/35362","targetHints":{"allow":["GET"]}}],"collection":[{"href":"https:\/\/euapp01.newsmemory.com\/lamarseillaise\/news\/wp-json\/wp\/v2\/posts"}],"about":[{"href":"https:\/\/euapp01.newsmemory.com\/lamarseillaise\/news\/wp-json\/wp\/v2\/types\/post"}],"author":[{"embeddable":true,"href":"https:\/\/euapp01.newsmemory.com\/lamarseillaise\/news\/wp-json\/wp\/v2\/users\/1"}],"replies":[{"embeddable":true,"href":"https:\/\/euapp01.newsmemory.com\/lamarseillaise\/news\/wp-json\/wp\/v2\/comments?post=35362"}],"version-history":[{"count":1,"href":"https:\/\/euapp01.newsmemory.com\/lamarseillaise\/news\/wp-json\/wp\/v2\/posts\/35362\/revisions"}],"predecessor-version":[{"id":35364,"href":"https:\/\/euapp01.newsmemory.com\/lamarseillaise\/news\/wp-json\/wp\/v2\/posts\/35362\/revisions\/35364"}],"wp:featuredmedia":[{"embeddable":true,"href":"https:\/\/euapp01.newsmemory.com\/lamarseillaise\/news\/wp-json\/wp\/v2\/media\/35363"}],"wp:attachment":[{"href":"https:\/\/euapp01.newsmemory.com\/lamarseillaise\/news\/wp-json\/wp\/v2\/media?parent=35362"}],"wp:term":[{"taxonomy":"category","embeddable":true,"href":"https:\/\/euapp01.newsmemory.com\/lamarseillaise\/news\/wp-json\/wp\/v2\/categories?post=35362"},{"taxonomy":"post_tag","embeddable":true,"href":"https:\/\/euapp01.newsmemory.com\/lamarseillaise\/news\/wp-json\/wp\/v2\/tags?post=35362"},{"taxonomy":"news-destination","embeddable":true,"href":"https:\/\/euapp01.newsmemory.com\/lamarseillaise\/news\/wp-json\/wp\/v2\/news-destination?post=35362"},{"taxonomy":"news-source","embeddable":true,"href":"https:\/\/euapp01.newsmemory.com\/lamarseillaise\/news\/wp-json\/wp\/v2\/news-source?post=35362"},{"taxonomy":"is_homepage","embeddable":true,"href":"https:\/\/euapp01.newsmemory.com\/lamarseillaise\/news\/wp-json\/wp\/v2\/is_homepage?post=35362"},{"taxonomy":"ta_other","embeddable":true,"href":"https:\/\/euapp01.newsmemory.com\/lamarseillaise\/news\/wp-json\/wp\/v2\/ta_other?post=35362"}],"curies":[{"name":"wp","href":"https:\/\/api.w.org\/{rel}","templated":true}]}}