{"id":35359,"date":"2026-07-06T07:05:00","date_gmt":"2026-07-06T05:05:00","guid":{"rendered":"https:\/\/euapp01.newsmemory.com\/lamarseillaise\/news\/?p=35359"},"modified":"2026-07-10T07:57:49","modified_gmt":"2026-07-10T05:57:49","slug":"tour-de-france-tadej-pogacar-joue-au-pere-noel-sur-la-montjuich","status":"publish","type":"post","link":"https:\/\/euapp01.newsmemory.com\/lamarseillaise\/news\/2026\/07\/06\/tour-de-france-tadej-pogacar-joue-au-pere-noel-sur-la-montjuich\/","title":{"rendered":"[Tour de France] Tadej Pogacar joue au P\u00e8re No\u00ebl sur la Montj\u00fcich"},"content":{"rendered":"<div class=\"paragraph\">\n<p>Le bonheur, c\u2019est simple comme une victoire d\u2019\u00e9tape dans le Tour.<\/p>\n<p>Mais dimanche, au sommet de la colline de Montj\u00fcich, le plus heureux des deux hommes qui ont franchi la ligne d\u2019arriv\u00e9e presque main dans la main, c\u2019\u00e9tait Tadej Pogacar. Le Slov\u00e8ne, candidat \u00e0 un cinqui\u00e8me sacre, s\u2019est effac\u00e9 pour offrir \u00e0 son porteur d\u2019eau Isaac del Toro un succ\u00e8s pour sa premi\u00e8re participation \u00e0 la Grande Boucle.<\/p>\n<p>Tadej Pogacar, qui est rest\u00e9 sage dans le final, alors qu\u2019on attendait une attaque de sa part lors des trois tours de circuit dans Barcelone, a explos\u00e9 de joie au moment de passer l\u2019arriv\u00e9e pour taper sur les \u00e9paules de son jeune disciple, alors que Isaac del Toro pointait ses doigts vers son leader pour le remercier.<\/p>\n<p>Le Mexicain s\u2019est ensuite \u00e9croul\u00e9 au sol de fatigue, avant que les deux hommes ne c\u00e9l\u00e8brent bruyamment leur \u0153uvre collective, amorc\u00e9e \u00e0 l\u2019entr\u00e9e du circuit par leur co\u00e9quipier Brandon McNulty qui a consid\u00e9rablement r\u00e9duit le peloton.<\/p>\n<p>C\u2019est la premi\u00e8re victoire dans le Tour pour Isaac del Toro. R\u00e9cent vainqueur du Tour Auvergne-Rh\u00f4ne-Alpes, deuxi\u00e8me du Giro en 2025, il pourrait pr\u00e9tendre \u00e0 un r\u00f4le de leader dans n\u2019importe quelle \u00e9quipe et constitue un plan B solide dans ce Tour si jamais il arrive un probl\u00e8me \u00e0 Tadej Pogacar.<\/p>\n<p>Tout s\u2019est jou\u00e9 dans la toute derni\u00e8re rampe de 800 m\u00e8tres \u00e0 7% menant \u00e0 l\u2019arriv\u00e9e devant le stade olympique, o\u00f9 les principaux leaders se sont expliqu\u00e9s dans un vacarme \u00e9tourdissant, alors que des puncheurs comme Mathieu van der Poel avaient d\u00e9j\u00e0 \u00e9t\u00e9 \u00e9limin\u00e9s.<\/p>\n<p>\u00ab\u00a0<i>Ce n\u2019\u00e9tait pas le plan. Tadej ne veut pas me mettre de pression, il m\u2019a dit de profiter sur ce Tour et de performer \u00e0 mon niveau&#8230; Cette victoire va me rester en m\u00e9moire pour le reste de ma vie<\/i><i>\u00a0<\/i>\u00bb a confi\u00e9, sur la ligne d\u2019arriv\u00e9e, le Mexicain au journal <i>l\u2019\u00c9quipe<\/i>.<\/p>\n<\/p><\/div>\n<div class=\"intext\"> Vingegaard en jaune\n              <\/div>\n<div class=\"paragraph\">\n<p>Remco Evenepoel, troisi\u00e8me, et Jonas Vingegaard, porteur du maillot jaune apr\u00e8s la victoire de son \u00e9quipe, la veille, sur le contre-la-montre par \u00e9quipe, quatri\u00e8me, ont termin\u00e9 dans le m\u00eame temps, trois secondes devant le Danois Mattias Skjelmose. Le Fran\u00e7ais Paul Seixas a termin\u00e9 neuvi\u00e8me, \u00e0 trois secondes \u00e9galement.<\/p>\n<p>Deux autres Fran\u00e7ais ont fini dans le Top 10 de l\u2019\u00e9tape, Romain Gr\u00e9goire (7<sup>e<\/sup>) et Lenny Martinez (8<sup>e<\/sup>), mais K\u00e9vin Vauquelin a lui \u00e9t\u00e9 distanc\u00e9 rapidement.<\/p>\n<p>Au classement g\u00e9n\u00e9ral, Jonas Vingegaard conserve six secondes d\u2019avance sur Tadej Pogacar et quinze sur Remco Evenepoel.<\/p>\n<p>Isaac del Toro est quatri\u00e8me, \u00e0 seize secondes, alors que Paul Seixas, qui a d\u00fb g\u00e9rer une crevaison et un changement de v\u00e9lo dans les quarante derniers kilom\u00e8tres, est sixi\u00e8me \u00e0 42 secondes du maillot jaune.<\/p>\n<p>Le perdant du jour est Mathieu van der Poel. Le N\u00e9erlandais n\u2019a pas pu suivre le rythme dans la derni\u00e8re mont\u00e9e et compte d\u00e9j\u00e0 pr\u00e8s d\u2019une minute trente de retard.<\/p>\n<\/p><\/div>\n<div class=\"paragraph\">\n<p><b>Les incendies perturbent le retour en France ce lundi<\/b><\/p>\n<p>Apr\u00e8s deux \u00e9tapes 100% espagnoles, la Grande Boucle va enfin entrer en France.<\/p>\n<p>Les coureurs prendront le d\u00e9part de Granollers, dans la banlieue de Barcelone, pour prendre la direction des Pyr\u00e9n\u00e9es-Orientales, pour une premi\u00e8re approche avec la montagne.<\/p>\n<p>Cette \u00e9tape, dont l\u2019arriv\u00e9e est pr\u00e9vue vers 17 heures aux Angles, est boulevers\u00e9e par les incendies qui ravagent le d\u00e9partement des Pyr\u00e9n\u00e9es-Orientales (lire en page 17). La pr\u00e9fecture, qui a un temps envisager l\u2019annulation, interdit finalement la pr\u00e9sence du public sur les 44 derniers kilom\u00e8tres, les plus expos\u00e9s aux flammes. Une mesure comprise par les organisateurs du Tour.<\/p>\n<\/p><\/div>\n","protected":false},"excerpt":{"rendered":"Le bonheur, c&rsquo;est simple comme une victoire d&rsquo;&eacute;tape dans le Tour.","protected":false},"author":1,"featured_media":35360,"comment_status":"open","ping_status":"open","sticky":false,"template":"","format":"standard","meta":{"footnotes":""},"categories":[3926,3925,7],"tags":[1144,1220,572,319,3253],"news-destination":[3944],"news-source":[475],"is_homepage":[],"ta_other":[],"class_list":["post-35359","post","type-post","status-publish","format-standard","has-post-thumbnail","hentry","category-accueil-merge","category-accueil-third","category-sports","tag-cyclisme","tag-espagne","tag-france","tag-incendie","tag-tour-de-france","news-destination-homepage","news-source-website"],"_links":{"self":[{"href":"https:\/\/euapp01.newsmemory.com\/lamarseillaise\/news\/wp-json\/wp\/v2\/posts\/35359","targetHints":{"allow":["GET"]}}],"collection":[{"href":"https:\/\/euapp01.newsmemory.com\/lamarseillaise\/news\/wp-json\/wp\/v2\/posts"}],"about":[{"href":"https:\/\/euapp01.newsmemory.com\/lamarseillaise\/news\/wp-json\/wp\/v2\/types\/post"}],"author":[{"embeddable":true,"href":"https:\/\/euapp01.newsmemory.com\/lamarseillaise\/news\/wp-json\/wp\/v2\/users\/1"}],"replies":[{"embeddable":true,"href":"https:\/\/euapp01.newsmemory.com\/lamarseillaise\/news\/wp-json\/wp\/v2\/comments?post=35359"}],"version-history":[{"count":1,"href":"https:\/\/euapp01.newsmemory.com\/lamarseillaise\/news\/wp-json\/wp\/v2\/posts\/35359\/revisions"}],"predecessor-version":[{"id":35361,"href":"https:\/\/euapp01.newsmemory.com\/lamarseillaise\/news\/wp-json\/wp\/v2\/posts\/35359\/revisions\/35361"}],"wp:featuredmedia":[{"embeddable":true,"href":"https:\/\/euapp01.newsmemory.com\/lamarseillaise\/news\/wp-json\/wp\/v2\/media\/35360"}],"wp:attachment":[{"href":"https:\/\/euapp01.newsmemory.com\/lamarseillaise\/news\/wp-json\/wp\/v2\/media?parent=35359"}],"wp:term":[{"taxonomy":"category","embeddable":true,"href":"https:\/\/euapp01.newsmemory.com\/lamarseillaise\/news\/wp-json\/wp\/v2\/categories?post=35359"},{"taxonomy":"post_tag","embeddable":true,"href":"https:\/\/euapp01.newsmemory.com\/lamarseillaise\/news\/wp-json\/wp\/v2\/tags?post=35359"},{"taxonomy":"news-destination","embeddable":true,"href":"https:\/\/euapp01.newsmemory.com\/lamarseillaise\/news\/wp-json\/wp\/v2\/news-destination?post=35359"},{"taxonomy":"news-source","embeddable":true,"href":"https:\/\/euapp01.newsmemory.com\/lamarseillaise\/news\/wp-json\/wp\/v2\/news-source?post=35359"},{"taxonomy":"is_homepage","embeddable":true,"href":"https:\/\/euapp01.newsmemory.com\/lamarseillaise\/news\/wp-json\/wp\/v2\/is_homepage?post=35359"},{"taxonomy":"ta_other","embeddable":true,"href":"https:\/\/euapp01.newsmemory.com\/lamarseillaise\/news\/wp-json\/wp\/v2\/ta_other?post=35359"}],"curies":[{"name":"wp","href":"https:\/\/api.w.org\/{rel}","templated":true}]}}