{"id":35356,"date":"2026-07-06T07:14:00","date_gmt":"2026-07-06T05:14:00","guid":{"rendered":"https:\/\/euapp01.newsmemory.com\/lamarseillaise\/news\/?p=35356"},"modified":"2026-07-10T08:36:50","modified_gmt":"2026-07-10T06:36:50","slug":"entretien-sophie-binet-la-capitalisation-cest-la-triple-peine","status":"publish","type":"post","link":"https:\/\/euapp01.newsmemory.com\/lamarseillaise\/news\/2026\/07\/06\/entretien-sophie-binet-la-capitalisation-cest-la-triple-peine\/","title":{"rendered":"[Entretien] Sophie Binet : \u00ab&nbsp;La capitalisation, c\u2019est la triple peine&nbsp;\u00bb"},"content":{"rendered":"<div class=\"paragraph\">\n<p><b>La Marseillaise<\/b><b>\u00a0<\/b><b>:<\/b> <b>L\u2019offre de reprise pour Fibre Excellence port\u00e9e par Matthieu Pigasse et les salari\u00e9s est examin\u00e9e, ce lundi, au tribunal de commerce. Quel est votre \u00e9tat d\u2019esprit<\/b><b>\u00a0<\/b><b>?<\/b><\/p>\n<p>Sophie Binet\u00a0: On a r\u00e9ussi \u00e0 trouver un investisseur gr\u00e2ce aux salari\u00e9s, \u00e0 la CGT et aux \u00e9lus locaux, mais pour l\u2019instant l\u2019\u00c9tat n\u2019est pas au rendez-vous. Il fait 2 milliards d\u2019euros de ch\u00e8que pour STMicroelectronics qui licencie, mais rien pour Fibre Excellence, alors que leurs difficult\u00e9s sont li\u00e9es \u00e0 une d\u00e9sorganisation du march\u00e9 du bois. Le chauffage \u00e0 la biomasse s\u2019amplifie, la demande explose, faisant augmenter le prix du bois de 50%. La France devrait mettre en place une directive europ\u00e9enne pour prioriser les usages industriels, chose qu\u2019elle ne fait pas. Le pr\u00e9judice est \u00e9valu\u00e9 par un expert ind\u00e9pendant \u00e0 28 millions d\u2019euros par an pour fibre excellence. La r\u00e9\u00e9valuation \u00e0 minima du prix de revente de l\u2019\u00e9lectricit\u00e9 fait seulement rentrer 8 millions d\u2019euros. Le compte n\u2019y est donc pas du tout, il faut que l\u2019Etat trouve 20 millions suppl\u00e9mentaires pour r\u00e9\u00e9quilibrer l\u2019\u00e9quation! Sur ce point ce n\u2019est pas Fibre Excellence qui peut r\u00e9pondre, c\u2019est l\u2019\u00c9tat. On a fait une s\u00e9rie de propositions techniques au gouvernement, qui fait la sourde oreille et l\u2019autruche. S\u2019il ne r\u00e9pond pas il sera seul responsable de la liquidation et ce serait une honte ! Il faut qu\u2019il se r\u00e9veille et qu\u2019il r\u00e9ponde \u00e0 ces exigences.<\/p>\n<p>Fibre Excellence c\u2019est Saint-Gaudens, Tarascon et Chapelle Darblay. Il faut que le projet de reprise s\u00e9curise ces trois sites. On est inquiets pour Tarason, parce qu\u2019on sait que certains au gouvernement, ou ailleurs, parient soit sur la liquidation, soit sur la reprise de seulement Saint-Gaudens. Il n\u2019est pas question de s\u00e9parer Saint-Gaudens de Tarascon. L\u2019\u00e9quilibre \u00e9conomique d\u00e9pend de la compl\u00e9mentarit\u00e9 des deux sites. Pouvoir relancer la papeterie de Chapelle Darblay donne toute la coh\u00e9rence au projet. Aujourd\u2019hui un quart de nos papiers usagers partent \u00e0 l\u2019\u00e9tranger, certains en Allemagne d\u2019autres jusqu\u2019en Asie, pour \u00eatre recycl\u00e9s. C\u2019est un non sens environnemental. Avec Chapelle Darblay, on recyclerait le papier jet\u00e9 en France en France et on s\u00e9curiserait une part de march\u00e9 pour Saint-Gaudens et Tarascon, puisqu\u2019il y a besoin d\u2019une part de papier neuf. On d\u00e9velopperait l\u2019\u00e9conomie circulaire, des circuits courts.<\/p>\n<p><b>L\u2019optimisme que suscitait au d\u00e9part le mouvement de d\u00e9carbonation dans l\u2019ouest des Bouches-du-Rh\u00f4ne laisse place \u00e0 l\u2019inqui\u00e9tude<\/b><b>\u00a0<\/b><b>: certains projets, comme Carbon, ne verront finalement pas le jour. L\u2019avenir d\u2019industries historiques, comme Arcelor, semble incertain. Comment sauvegarder les emplois existants<\/b><b>\u00a0<\/b><b>?<\/b><\/p>\n<p>S.B.\u00a0: Il faut investir dans les usines existantes. J\u2019ai \u00e9chang\u00e9 avec les camarades d\u2019Arcelor \u00e0 Fos, qui m\u2019ont dit qu\u2019il y a eu un nouvel accident alors qu\u2019ils relan\u00e7aient le four dans la nuit de vendredi \u00e0 samedi. La derni\u00e8re fois que je les avais vus, au printemps, il y venait juste d\u2019y avoir un accident. \u00c0 cause de Mittal, qui n\u2019investit plus depuis 20 ans, l\u2019outil industriel est v\u00e9tuste. C\u2019est dangereux pour les ouvriers et les ouvri\u00e8res, qui n\u2019arrivent m\u00eame pas \u00e0 le relancer. Il y a besoin qu\u2019il y ait des investissements. Ce que pr\u00e9pare Mittal, c\u2019est le d\u00e9part de la France. Il faut que l\u2019\u00c9tat nationalise Arcelor pour prot\u00e9ger notre sid\u00e9rurgie. Sinon, \u00e0 l\u2019image de ce qui se passe \u00e0 Fos, on va sur la fin des hauts-fourneaux en France.<\/p>\n<p><b>La ligne tr\u00e8s haute tension entre Jonqui\u00e8res-Saint-Vincent et Fos-sur-Mer cristallise les oppositions. Comment concilier avenir industriel et \u00e9cologie<\/b><b>\u00a0<\/b><b>?<\/b><\/p>\n<p>S.B.\u00a0: Il faut mettre sur la table les probl\u00e8mes concrets et regarder les solutions pour y r\u00e9pondre. On a besoin de cette ligne haute tension pour pouvoir \u00e9lectrifier notre industrie. Apr\u00e8s, il ne faut pas la faire au m\u00e9pris de l\u2019environnement et donc il faut adapter le cahier des charges. Le probl\u00e8me, aujourd\u2019hui, c\u2019est que l\u2019objectif est de la faire au moindre co\u00fbt et donc au m\u00e9pris des contraintes environnementales, qui ne peuvent pas \u00eatre une variable d\u2019ajustement.<\/p>\n<p><b>La Coop\u00e9rative de presse et de messagerie m\u00e9diterran\u00e9enne (CPMM) revendique l\u2019obtention d\u2019aides \u00e0 la distribution de la presse. Pensez-vous que les pouvoirs publics doivent s\u2019int\u00e9resser \u00e0 cette question<\/b><b>\u00a0<\/b><b>?<\/b><\/p>\n<p>S.B.\u00a0: Oui, c\u2019est un enjeu d\u00e9mocratique. S\u2019il n\u2019y a pas de syst\u00e8me \u00e9quitable de distribution de la presse, ce sont les milliardaires qui vont distribuer leurs propre presse et la presse des travailleurs et travailleuses, comme La Marseillaise, ne sera plus distribu\u00e9e. Je suis tr\u00e8s fi\u00e8re que la CGT ait \u00e9t\u00e9 au rendez-vous et ait r\u00e9ussi \u00e0 cr\u00e9er CPMM pour garder un syst\u00e8me mutualis\u00e9 et solidaire de distribution. On a fait la m\u00eame chose dans la r\u00e9gion du Rh\u00f4ne. Mais malgr\u00e9 les montagnes qu\u2019ont d\u00e9plac\u00e9es les camarades, on voit bien que le syst\u00e8me n\u2019est pas financ\u00e9, donc il faut construire un nouveau mod\u00e8le. On a fait des propositions tr\u00e8s concr\u00e8tes, notamment faciliter la diversification pour que en m\u00eame temps qu\u2019on distribue la presse, qu\u2019on puisse distribuer des m\u00e9dicaments par exemple. Il faut que le gouvernement r\u00e9ponde l\u00e0-dessus.<\/p>\n<p><b>Vous avez d\u00e9battu avec Patrick Martin, patron du Medef, lors des Rencontres \u00e9conomiques d\u2019Aix. Qu\u2019en est-il ressorti<\/b><b>\u00a0<\/b><b>?<\/b><\/p>\n<p>S.B.\u00a0: J\u2019ai d\u00e9battu avec Patrick Martin, le patron du Medef, autour du th\u00e8me de l\u2019industrie. Sa premi\u00e8re proposition a \u00e9t\u00e9 de d\u00e9velopper la capitalisation et l\u2019\u00e9pargne retraite, de r\u00e9cup\u00e9rer nos retraites par r\u00e9partition pour les financiariser. Ils osent expliquer que la difficult\u00e9 de l\u2019industrie en France, c\u2019est qu\u2019elle n\u2019est pas assez financ\u00e9e. On sait que c\u2019est un \u00e9norme mensonge, qu\u2019il n\u2019y a jamais eu autant d\u2019\u00e9pargne qu\u2019aujourd\u2019hui en France. La question c\u2019est comment utiliser l\u2019\u00e9pargne actuelle, notamment celle des milliardaires. L\u2019assurance vie repr\u00e9sente des milliards d\u2019euros qui ne sont pas investis dans l\u2019\u00e9conomie r\u00e9elle. On pourrait commencer par mobiliser ces fonds. La capitalisation, c\u2019est la triple peine pour les travailleurs et les travailleuses : \u00e7a co\u00fbte plus cher que la r\u00e9partition, c\u2019est nous qui payons ; on n\u2019a aucune assurance de r\u00e9cup\u00e9rer notre retraite au bout ; et ces fonds financiarisent nos entreprises et d\u00e9gradent nos conditions de travail. Ambroise Croizat, premier et dernier ministre du Travail ouvrier, avait l\u2019habitude de dire : \u00ab Rien n\u2019est jamais acquis, parlez de conqui \u00bb Le patronat n\u2019a jamais support\u00e9 la cr\u00e9ation de la s\u00e9curit\u00e9 sociale. L\u00e0, il y a une offensive en r\u00e8gle contre notre syst\u00e8me par r\u00e9partition organis\u00e9e par le patronat et l\u2019extr\u00eame droite. Leur point commun et la bataille id\u00e9ologique centrale c\u2019est d\u2019un c\u00f4t\u00e9 la solidarit\u00e9, qui est notre choix, et de l\u2019autre le chacun pour soi. Sur la question de la d\u00e9fense de notre syst\u00e8me social, il y a besoin que tous les syndicats soient unis. La capitalisation, c\u2019est le loup qui rentre dans la bergerie. Chaque ann\u00e9e 250 milliards d\u2019euros de la s\u00e9curit\u00e9 sociale \u00e9chappent \u00e0 la finance et financent nos retraites et notre sant\u00e9. C\u2019est ce que le capital ne supporte pas. Le d\u00e9veloppement de la retraite par capitalisation ferait un seul gagnant : la finance, les assureurs et les banquiers.<\/p>\n<\/p><\/div>\n","protected":false},"excerpt":{"rendered":"La Marseillaise&nbsp;: L&rsquo;offre de reprise pour Fibre Excellence port&eacute;e par Matthieu Pigasse et les salari&eacute;s est examin&eacute;e, ce lundi, au tribunal de commerce. Quel est votre &eacute;tat d&rsquo;esprit&nbsp;?","protected":false},"author":1,"featured_media":35357,"comment_status":"open","ping_status":"open","sticky":false,"template":"","format":"standard","meta":{"footnotes":""},"categories":[3926,3925,331],"tags":[2205,4151,10,113,195,2572,485,1434,486,343,4279,624,488,16,843,6025,2867,841,1186,2200,877,3385,1557,364,244],"news-destination":[3944],"news-source":[475],"is_homepage":[],"ta_other":[],"class_list":["post-35356","post","type-post","status-publish","format-standard","has-post-thumbnail","hentry","category-accueil-merge","category-accueil-third","category-social","tag-ambroise-croizat","tag-arcelor","tag-bouches-du-rhone","tag-cgt","tag-conditions-de-travail","tag-cpmm","tag-decarbonation","tag-ecologie","tag-entreprises","tag-entretien","tag-fibre-excellence","tag-industrie","tag-industriels","tag-marseille","tag-medef","tag-mondial-des-cse","tag-papier","tag-patronat","tag-presse","tag-retraite","tag-securite-sociale","tag-siderurgie","tag-sophie-binet","tag-syndicats","tag-tribunal-de-commerce","news-destination-homepage","news-source-website"],"_links":{"self":[{"href":"https:\/\/euapp01.newsmemory.com\/lamarseillaise\/news\/wp-json\/wp\/v2\/posts\/35356","targetHints":{"allow":["GET"]}}],"collection":[{"href":"https:\/\/euapp01.newsmemory.com\/lamarseillaise\/news\/wp-json\/wp\/v2\/posts"}],"about":[{"href":"https:\/\/euapp01.newsmemory.com\/lamarseillaise\/news\/wp-json\/wp\/v2\/types\/post"}],"author":[{"embeddable":true,"href":"https:\/\/euapp01.newsmemory.com\/lamarseillaise\/news\/wp-json\/wp\/v2\/users\/1"}],"replies":[{"embeddable":true,"href":"https:\/\/euapp01.newsmemory.com\/lamarseillaise\/news\/wp-json\/wp\/v2\/comments?post=35356"}],"version-history":[{"count":1,"href":"https:\/\/euapp01.newsmemory.com\/lamarseillaise\/news\/wp-json\/wp\/v2\/posts\/35356\/revisions"}],"predecessor-version":[{"id":35358,"href":"https:\/\/euapp01.newsmemory.com\/lamarseillaise\/news\/wp-json\/wp\/v2\/posts\/35356\/revisions\/35358"}],"wp:featuredmedia":[{"embeddable":true,"href":"https:\/\/euapp01.newsmemory.com\/lamarseillaise\/news\/wp-json\/wp\/v2\/media\/35357"}],"wp:attachment":[{"href":"https:\/\/euapp01.newsmemory.com\/lamarseillaise\/news\/wp-json\/wp\/v2\/media?parent=35356"}],"wp:term":[{"taxonomy":"category","embeddable":true,"href":"https:\/\/euapp01.newsmemory.com\/lamarseillaise\/news\/wp-json\/wp\/v2\/categories?post=35356"},{"taxonomy":"post_tag","embeddable":true,"href":"https:\/\/euapp01.newsmemory.com\/lamarseillaise\/news\/wp-json\/wp\/v2\/tags?post=35356"},{"taxonomy":"news-destination","embeddable":true,"href":"https:\/\/euapp01.newsmemory.com\/lamarseillaise\/news\/wp-json\/wp\/v2\/news-destination?post=35356"},{"taxonomy":"news-source","embeddable":true,"href":"https:\/\/euapp01.newsmemory.com\/lamarseillaise\/news\/wp-json\/wp\/v2\/news-source?post=35356"},{"taxonomy":"is_homepage","embeddable":true,"href":"https:\/\/euapp01.newsmemory.com\/lamarseillaise\/news\/wp-json\/wp\/v2\/is_homepage?post=35356"},{"taxonomy":"ta_other","embeddable":true,"href":"https:\/\/euapp01.newsmemory.com\/lamarseillaise\/news\/wp-json\/wp\/v2\/ta_other?post=35356"}],"curies":[{"name":"wp","href":"https:\/\/api.w.org\/{rel}","templated":true}]}}