{"id":35350,"date":"2026-07-06T06:50:00","date_gmt":"2026-07-06T04:50:00","guid":{"rendered":"https:\/\/euapp01.newsmemory.com\/lamarseillaise\/news\/?p=35350"},"modified":"2026-07-10T07:44:36","modified_gmt":"2026-07-10T05:44:36","slug":"entretien-fabien-roussel-nous-sommes-prets-a-aller-a-la-presidentielle","status":"publish","type":"post","link":"https:\/\/euapp01.newsmemory.com\/lamarseillaise\/news\/2026\/07\/06\/entretien-fabien-roussel-nous-sommes-prets-a-aller-a-la-presidentielle\/","title":{"rendered":"[Entretien] Fabien Roussel : \u00ab&nbsp;Nous sommes pr\u00eats \u00e0 aller \u00e0 la pr\u00e9sidentielle&nbsp;\u00bb"},"content":{"rendered":"<div class=\"paragraph\">\n<p><b>La Marseillaise<\/b><b>\u00a0<\/b><b>:<\/b> <b>Avec ce congr\u00e8s, le PCF s\u2019engage vers une candidature \u00e0 la pr\u00e9sidentielle de 2027. <\/b><b><span class=\"mln_uppercase_mln\">\u00ea<\/span><\/b><b>tes-vous pr\u00eats \u00e0 vous lancer dans cette campagne<\/b><b>\u00a0<\/b><b>? <\/b><\/p>\n<p>Fabien Roussel\u00a0: Nous sommes tous tr\u00e8s motiv\u00e9s \u00e0 participer \u00e0 ce grand d\u00e9bat, \u00e0 r\u00e9pondre aux urgences sociales, la pr\u00e9carit\u00e9, la vie ch\u00e8re, mais aussi \u00e0 d\u00e9fendre la paix et nos libert\u00e9s face \u00e0 l\u2019offensive de l\u2019extr\u00eame droite. Nous avons beaucoup parl\u00e9 des propositions pour la France, mais aussi du chemin pour le mettre en \u0153uvre. Nous finissons ce congr\u00e8s en \u00e9tant tr\u00e8s rassembl\u00e9s, avec des choix approuv\u00e9s \u00e0 pr\u00e8s de 75%. C\u2019est important d\u2019avoir une force politique unie et rassembl\u00e9e pour mener ces d\u00e9bats.<\/p>\n<p><b>C\u2019\u00e9tait l\u2019une de vos inqui\u00e9tudes avant le congr\u00e8s<\/b><b>\u00a0<\/b><b>: le PCF sort-il rassembl\u00e9 de ces d\u00e9bats<\/b><b>\u00a0<\/b><b>? <\/b><\/p>\n<p>F.R.\u00a0: Aujourd\u2019hui, oui\u00a0! Apr\u00e8s trois jours de d\u00e9bats, plus de 100\u00a0votes, 5\u00a0000\u00a0amendements, nous avons vraiment pouss\u00e9 le d\u00e9bat \u00e0 fond, en s\u2019\u00e9coutant tous, en acceptant de changer de point de vue, en essayant de trouver les choix qui nous rassemblent le plus. C\u2019est tr\u00e8s important, aujourd\u2019hui, d\u2019avoir une force de gauche qui assume pleinement ses choix et qui est pr\u00eat \u00e0 aller \u00e0 la rencontre des Fran\u00e7ais. Comme on le dit, chez nous, c\u2019est carr\u00e9, et c\u2019est d\u00e9mocratique en plus\u00a0! Pour affronter cette \u00e9lection pr\u00e9sidentielle, ces \u00e9lections l\u00e9gislatives, ce ne sont pas des choix simples \u00e0 faire, mais nous avons pris notre d\u00e9cision et nous sommes pr\u00eats \u00e0 aller \u00e0 ces \u00e9ch\u00e9ances.<\/p>\n<p><b>Il a beaucoup \u00e9t\u00e9 question de la menace de l\u2019extr\u00eame droite dans les d\u00e9bats de ce congr\u00e8s. Comment faire face \u00e0 cette menace<\/b><b>\u00a0<\/b><b>? <\/b><\/p>\n<p>F.R.\u00a0: Participer \u00e0 cette \u00e9ch\u00e9ance, c\u2019est montrer qu\u2019il y a des propositions, des moyens de sortir de la pauvret\u00e9, des bas salaires, des retraites de mis\u00e8re. Nous allons les porter, c\u2019est pour nous le meilleur moyen de faire reculer l\u2019extr\u00eame droite. Le RN a toujours \u00e9t\u00e9 du c\u00f4t\u00e9 du capital, des grandes fortunes. Jordan Bardella et Marine Le Pen le montrent r\u00e9guli\u00e8rement. Notre pr\u00e9sence dans cette campagne, pour porter la voix du monde du travail, des salari\u00e9s, est importante pour faire reculer l\u2019extr\u00eame droite.<\/p>\n<p><b>Le contexte est tr\u00e8s diff\u00e9rent de 2022. La bollorisation des m\u00e9dias risque de peser sur la campagne&#8230; Comment faire entendre cette voix<\/b><b>\u00a0<\/b><b>? <\/b><\/p>\n<p>F.R.\u00a0: Nous allons nous d\u00e9ployer dans toute la France, nous sommes la force politique qui a le plus d\u2019adh\u00e9rents, implant\u00e9e sur tout le territoire, autant dans les grandes villes que dans les villages, la deuxi\u00e8me force \u00e0 gauche en nombre d\u2019\u00e9lus. Nous avons la capacit\u00e9 de nous d\u00e9ployer dans tout le pays pour nous donner la possibilit\u00e9 de faire le meilleur r\u00e9sultat. Le premier parti de France, aujourd\u2019hui, c\u2019est le parti des abstentionnistes. C\u2019est \u00e0 eux que nous voulons nous adresser pour faire reculer l\u2019abstention, mais aussi regagner les voix qui manquent \u00e0 la gauche, pour qu\u2019elle soit plus forte et puisse l\u2019emporter.<\/p>\n<p><b>\u00c0 gauche, il y a une pression tr\u00e8s forte en faveur du vote utile. Risque-t-elle de d\u00e9terminer l\u2019\u00e9lection<\/b><b>\u00a0<\/b><b>? <\/b><\/p>\n<p>F.R.\u00a0: Je rejette autant le vote utile que le vote barrage au second tour. Il y en a marre de ne pas pouvoir voter pour ses id\u00e9es\u00a0! Nous devons \u00eatre en capacit\u00e9, au premier comme au second tour, de voter pour nos id\u00e9es. Au moins pour le premier tour, votons pour le candidat dont on se sent le plus proche\u00a0! J\u2019invite les Fran\u00e7ais \u00e0 d\u00e9couvrir notre programme et \u00e0 voter pour la candidature que je vais porter.<\/p>\n<p><b>Parmi ces id\u00e9es, le socialisme fait son retour dans les orientations du PCF pour la premi\u00e8re fois depuis 1996. Pourquoi<\/b><b>\u00a0<\/b><b>? <\/b><\/p>\n<p>F.R.\u00a0: Nous vivons aujourd\u2019hui dans un monde capitaliste qui est port\u00e9 \u00e0 outrance par de grandes fortunes, des oligarques, qui se sont accapar\u00e9 des grandes entreprises, nos moyens de production et donc des richesses. Ils nous imposent des bas salaires. Ils captent l\u2019essentiel des aides publiques et ne les redistribuent pas. Il y a besoin de se r\u00e9approprier nos moyens de production, de d\u00e9cider comment nous voulons produire, ce que nous voulons produire. Sur la distribution de ces richesses, c\u2019est un aspect important de ce socialisme que nous d\u00e9fendons pour le XXI<sup>e<\/sup>\u00a0si\u00e8cle. Et l\u2019autre aspect, c\u2019est la paix, parce que le capitalisme, c\u2019est aussi celui qui est repr\u00e9sent\u00e9 par Donald Trump, celui qui m\u00e8ne des guerres pour s\u2019approprier notamment les ressources p\u00e9troli\u00e8res. Cet imp\u00e9rialisme, nous le combattons.<\/p>\n<p><b>Sur l\u2019international justement, certains ont reproch\u00e9 au PCF de ne pas \u00eatre assez audible sur la d\u00e9fense de la Palestine&#8230; <\/b><\/p>\n<p>F.R.\u00a0: Tout ce que nous avons dit lors de notre congr\u00e8s tord le cou \u00e0 ceux qui peuvent penser \u00e7a\u00a0! Nous luttons au c\u00f4t\u00e9 du peuple palestinien\u00a0: soixante\u00a0ans de combat sans jamais d\u00e9vier d\u2019une ligne que nous avons toujours d\u00e9fendue, la paix, l\u2019ind\u00e9pendance pour le peuple de Palestine et la cr\u00e9ation de deux <span class=\"mln_uppercase_mln\">\u00e9<\/span>tats vivant c\u00f4te \u00e0 c\u00f4te. Il n\u2019y a aucune autre force politique \u00e0 gauche qui a ni cette ant\u00e9riorit\u00e9, ni cette ligne politique qui n\u2019a jamais d\u00e9vi\u00e9. Et pendant cette campagne, j\u2019entends \u00eatre le candidat qui portera cette voix-l\u00e0, qui est diff\u00e9rente d\u2019autres voix \u00e0 gauche.<\/p>\n<p><b>Ces diff\u00e9rentes voix \u00e0 gauche, avec toutes leurs nuances, comment les rassembler pour les l\u00e9gislatives<\/b><b>\u00a0<\/b><b>? <\/b><\/p>\n<p>F.R.\u00a0: Par la discussion et le dialogue\u00a0! J\u2019appelle \u00e0 ce que nous poursuivions les \u00e9changes que nous avons entre nous pour que nous ne menions pas une campagne pr\u00e9sidentielle o\u00f9 on se tape dessus et qu\u2019au contraire, on r\u00e9serve nos coups et nos arguments contre la droite. Passons au contraire notre temps \u00e0 discuter pour pr\u00e9parer les \u00e9lections l\u00e9gislatives, qui seront des \u00e9lections majeures, et que l\u2019on se fixe comme objectif que la gauche l\u2019emporte.<\/p>\n<p><b>Il y a quelques ann\u00e9es, vous disiez<\/b><b>\u00a0<\/b><b>: \u00ab<\/b><b>\u00a0<\/b><b>PCF is back<\/b><b>\u00a0<\/b><b>\u00bb. Quel bilan en tirez-vous<\/b><b>\u00a0<\/b><b>? <\/b><\/p>\n<p>F.R.\u00a0: La mission est remplie\u00a0! Maintenant, le Parti communiste fran\u00e7ais, ce n\u2019est pas seulement qu\u2019il est revenu\u00a0: c\u2019est l\u2019avenir\u00a0! C\u2019est l\u2019avenir pour que la gauche soit forte, pour que la gauche retrouve une colonne vert\u00e9brale et pour que les id\u00e9es que nous portons s\u2019imposent dans le paysage politique et deviennent incontournables.<\/p>\n<\/p><\/div>\n","protected":false},"excerpt":{"rendered":"La Marseillaise&nbsp;: Avec ce congr&egrave;s, le PCF s&rsquo;engage vers une candidature &agrave; la pr&eacute;sidentielle de 2027. &ecirc;tes-vous pr&ecirc;ts &agrave; vous lancer dans cette campagne&nbsp;?","protected":false},"author":1,"featured_media":35351,"comment_status":"open","ping_status":"open","sticky":false,"template":"","format":"standard","meta":{"footnotes":""},"categories":[3926,3925,330],"tags":[942,343,441,606,572,250,677],"news-destination":[3944],"news-source":[475],"is_homepage":[],"ta_other":[],"class_list":["post-35350","post","type-post","status-publish","format-standard","has-post-thumbnail","hentry","category-accueil-merge","category-accueil-third","category-politique","tag-congres","tag-entretien","tag-extreme-droite","tag-fabien-roussel","tag-france","tag-pcf","tag-presidentielle","news-destination-homepage","news-source-website"],"_links":{"self":[{"href":"https:\/\/euapp01.newsmemory.com\/lamarseillaise\/news\/wp-json\/wp\/v2\/posts\/35350","targetHints":{"allow":["GET"]}}],"collection":[{"href":"https:\/\/euapp01.newsmemory.com\/lamarseillaise\/news\/wp-json\/wp\/v2\/posts"}],"about":[{"href":"https:\/\/euapp01.newsmemory.com\/lamarseillaise\/news\/wp-json\/wp\/v2\/types\/post"}],"author":[{"embeddable":true,"href":"https:\/\/euapp01.newsmemory.com\/lamarseillaise\/news\/wp-json\/wp\/v2\/users\/1"}],"replies":[{"embeddable":true,"href":"https:\/\/euapp01.newsmemory.com\/lamarseillaise\/news\/wp-json\/wp\/v2\/comments?post=35350"}],"version-history":[{"count":1,"href":"https:\/\/euapp01.newsmemory.com\/lamarseillaise\/news\/wp-json\/wp\/v2\/posts\/35350\/revisions"}],"predecessor-version":[{"id":35352,"href":"https:\/\/euapp01.newsmemory.com\/lamarseillaise\/news\/wp-json\/wp\/v2\/posts\/35350\/revisions\/35352"}],"wp:featuredmedia":[{"embeddable":true,"href":"https:\/\/euapp01.newsmemory.com\/lamarseillaise\/news\/wp-json\/wp\/v2\/media\/35351"}],"wp:attachment":[{"href":"https:\/\/euapp01.newsmemory.com\/lamarseillaise\/news\/wp-json\/wp\/v2\/media?parent=35350"}],"wp:term":[{"taxonomy":"category","embeddable":true,"href":"https:\/\/euapp01.newsmemory.com\/lamarseillaise\/news\/wp-json\/wp\/v2\/categories?post=35350"},{"taxonomy":"post_tag","embeddable":true,"href":"https:\/\/euapp01.newsmemory.com\/lamarseillaise\/news\/wp-json\/wp\/v2\/tags?post=35350"},{"taxonomy":"news-destination","embeddable":true,"href":"https:\/\/euapp01.newsmemory.com\/lamarseillaise\/news\/wp-json\/wp\/v2\/news-destination?post=35350"},{"taxonomy":"news-source","embeddable":true,"href":"https:\/\/euapp01.newsmemory.com\/lamarseillaise\/news\/wp-json\/wp\/v2\/news-source?post=35350"},{"taxonomy":"is_homepage","embeddable":true,"href":"https:\/\/euapp01.newsmemory.com\/lamarseillaise\/news\/wp-json\/wp\/v2\/is_homepage?post=35350"},{"taxonomy":"ta_other","embeddable":true,"href":"https:\/\/euapp01.newsmemory.com\/lamarseillaise\/news\/wp-json\/wp\/v2\/ta_other?post=35350"}],"curies":[{"name":"wp","href":"https:\/\/api.w.org\/{rel}","templated":true}]}}