{"id":35347,"date":"2026-07-06T07:03:00","date_gmt":"2026-07-06T05:03:00","guid":{"rendered":"https:\/\/euapp01.newsmemory.com\/lamarseillaise\/news\/?p=35347"},"modified":"2026-07-10T07:57:49","modified_gmt":"2026-07-10T05:57:49","slug":"plus-de-10-000-evacues-dans-les-pyrenees-orientales-face-a-lavancee-de-lincendie","status":"publish","type":"post","link":"https:\/\/euapp01.newsmemory.com\/lamarseillaise\/news\/2026\/07\/06\/plus-de-10-000-evacues-dans-les-pyrenees-orientales-face-a-lavancee-de-lincendie\/","title":{"rendered":"Plus de 10 000 \u00e9vacu\u00e9s dans les Pyr\u00e9n\u00e9es-Orientales face \u00e0 l\u2019avanc\u00e9e de l\u2019incendie"},"content":{"rendered":"<div class=\"paragraph\">\n<p>Les r\u00e9sidents du massif des Aspres, tr\u00e8s difficile d\u2019acc\u00e8s et auquel le brasier s\u2019est d\u00e9sormais \u00e9tendu, et ceux de la ville voisine d\u2019Ille-sur-T\u00eat, sur laquelle s\u2019\u00e9l\u00e8vent des panaches de fum\u00e9e et que survolent avions et h\u00e9licopt\u00e8res bombardiers d\u2019eau, devaient \u00e9vacuer, soit un total d\u2019environ 10\u00a0500\u00a0personnes.<\/p>\n<p>Ce \u00ab\u00a0<i>feu gigantesque<\/i>\u00a0\u00bb, attis\u00e9 par le vent, les fortes chaleurs, mais surtout une s\u00e9cheresse de l\u2019air \u00ab\u00a0exceptionnellement \u00e9lev\u00e9e\u00a0\u00bb, a \u00e9galement s\u00e9rieusement bless\u00e9 un habitant et un sapeur-pompier, a indiqu\u00e9 le pr\u00e9fet, Pierre Regnault de la Mothe.<\/p>\n<p>Le camion d\u2019un \u00e9quipage venu en renfort depuis Couiza, dans le d\u00e9partement voisin de l\u2019Aude, s\u2019est trouv\u00e9 \u00ab\u00a0pris par les flammes\u00a0\u00bb, a indiqu\u00e9 le Sdis\u00a011, les pompiers du d\u00e9partement. Ils ont pu quitter le v\u00e9hicule, mais l\u2019un d\u2019eux a \u00e9t\u00e9 \u00ab\u00a0<i>l\u00e9g\u00e8rement bless\u00e9 aux membres sup\u00e9rieurs<\/i>\u00a0\u00bb. Un autre soldat du feu a \u00e9t\u00e9 touch\u00e9 dans le Gard, a annonc\u00e9 dimanche soir le ministre de l\u2019Int\u00e9rieur, Laurent Nu\u00f1ez.<\/p>\n<p>\u00ab\u00a0<i>Nous avions fix\u00e9 un objectif, que le feu ne devait pas franchir au sud la route d\u00e9partementale<\/i><i>\u00a0<\/i><i>66, nous voulions \u00e9viter qu\u2019il se propage dans le massif des Aspres, et ce que nous redoutions a fini par se produire<\/i>\u00a0\u00bb, a d\u00e9plor\u00e9 le pr\u00e9fet lors d\u2019une conf\u00e9rence de presse, en fin de journ\u00e9e. Ce massif de moyenne montagne, \u00e0 l\u2019ouest de Perpignan, est \u00ab\u00a0<i>tr\u00e8s aride et tr\u00e8s difficile d\u2019acc\u00e8s pour les moyens terrestres des sapeurs-pompiers<\/i>\u00a0\u00bb, a-t-il ajout\u00e9.<\/p>\n<\/p><\/div>\n<div class=\"intext\"> \u00ab\u00a0Lutte acharn\u00e9e\u00a0\u00bb\n              <\/div>\n<div class=\"paragraph\">\n<p>H\u00e9licopt\u00e8res, avions dash et canadairs se succ\u00e8dent au-dessus des flammes qui d\u00e9vorent la v\u00e9g\u00e9tation entre Tr\u00e9villach et Ille-sur-T\u00eat, \u00e0 quelque 35\u00a0km \u00e0 l\u2019ouest de Perpignan. Quelque 700\u00a0sapeurs-pompiers, appuy\u00e9s par 200\u00a0v\u00e9hicules et neuf moyens a\u00e9riens, \u00ab\u00a0<i>m\u00e8nent une lutte acharn\u00e9e<\/i>\u00a0\u00bb contre ce feu qui s\u2019est d\u00e9clar\u00e9 samedi soir sur la commune de Tr\u00e9villach, a soulign\u00e9 le pr\u00e9fet. Il a appel\u00e9 les entreprises ayant des sapeurs-pompiers volontaires parmi leurs salari\u00e9s \u00e0 \u00ab\u00a0<i>faire le n\u00e9cessaire<\/i>\u00a0\u00bb pour leur permettre de se lib\u00e9rer et venir aider. Pierre Regnault de la Mothe a compar\u00e9 ce feu \u00e0 celui de 1976, ann\u00e9e d\u2019une grande canicule, qui avait ravag\u00e9 quelque 7\u00a0000\u00a0hectares.<\/p>\n<p>Face \u00e0 cette \u00ab\u00a0<i>situation tr\u00e8s difficile<\/i>\u00a0\u00bb, il a annonc\u00e9 que la troisi\u00e8me \u00e9tape du Tour de France, reliant Granollers en Espagne aux Angles dans les Pyr\u00e9n\u00e9es-Orientales, aura bien lieu lundi, mais devra se d\u00e9rouler \u00ab\u00a0<i>sans public<\/i>\u00a0\u00bb dans sa partie fran\u00e7aise, notamment \u00e0 l\u2019arriv\u00e9e, en raison de la mobilisation des secours.<\/p>\n<p>Sur place, les habitants \u00e9vacu\u00e9s sont sous le choc. \u00c0 l\u2019Ille-sur-T\u00eat, ils ont \u00e9t\u00e9 invit\u00e9s \u00e0 se rendre dans une salle municipale, d\u2019o\u00f9 ils seront \u00e9vacu\u00e9s vers un gymnase de la commune de Perpignan. \u00ab\u00a0<i>Le feu est pass\u00e9 \u00e0 300<\/i><i>\u00a0<\/i><i>m des maisons. On a \u00e9t\u00e9 surpris par la vitesse de propagation, c\u2019\u00e9tait impressionnant, limite la panique<\/i>\u00a0\u00bb, confie Patrice, 53\u00a0ans, habitant de Tr\u00e9villach qui n\u2019a pas souhait\u00e9 donner son patronyme.<\/p>\n<p>Ce brusque d\u00e9part de feu est intervenu alors que le d\u00e9partement, comme 15 autres dans l\u2019Hexagone, sera lundi en vigilance orange canicule avec des temp\u00e9ratures qui pourraient monter \u00e0 certains endroits jusqu\u2019\u00e0 40\u00b0C et ce, quelques jours apr\u00e8s un premier \u00e9pisode caniculaire historique.<\/p>\n<p>Ailleurs en France, les pompiers luttent depuis la mi-journ\u00e9e de dimanche, dans le Gard, contre un feu de for\u00eat qui s\u2019est d\u00e9clench\u00e9 pr\u00e8s d\u2019un circuit de karting \u00e0 L\u00e9denon. L\u2019incendie a d\u00e9j\u00e0 parcouru 540\u00a0hectares et l\u2019autoroute A9 a \u00e9t\u00e9 coup\u00e9e dans les deux sens dans les directions de Lyon et de Barcelone.<\/p>\n<\/p><\/div>\n","protected":false},"excerpt":{"rendered":"Les r&eacute;sidents du massif des Aspres, tr&egrave;s difficile d&rsquo;acc&egrave;s et auquel le brasier s&rsquo;est d&eacute;sormais &eacute;tendu, et ceux de la ville voisine d&rsquo;Ille-sur-T&ecirc;t, sur laquelle s&rsquo;&eacute;l&egrave;vent &#8230;","protected":false},"author":1,"featured_media":35348,"comment_status":"open","ping_status":"open","sticky":false,"template":"","format":"standard","meta":{"footnotes":""},"categories":[3926,3925,333,1854,20],"tags":[372,319,3086,419,1397],"news-destination":[3944],"news-source":[475],"is_homepage":[],"ta_other":[],"class_list":["post-35347","post","type-post","status-publish","format-standard","has-post-thumbnail","hentry","category-accueil-merge","category-accueil-third","category-environnement","category-france","category-societe","tag-canicule","tag-incendie","tag-pyrenees-orientales","tag-rechauffement-climatique","tag-secheresse","news-destination-homepage","news-source-website"],"_links":{"self":[{"href":"https:\/\/euapp01.newsmemory.com\/lamarseillaise\/news\/wp-json\/wp\/v2\/posts\/35347","targetHints":{"allow":["GET"]}}],"collection":[{"href":"https:\/\/euapp01.newsmemory.com\/lamarseillaise\/news\/wp-json\/wp\/v2\/posts"}],"about":[{"href":"https:\/\/euapp01.newsmemory.com\/lamarseillaise\/news\/wp-json\/wp\/v2\/types\/post"}],"author":[{"embeddable":true,"href":"https:\/\/euapp01.newsmemory.com\/lamarseillaise\/news\/wp-json\/wp\/v2\/users\/1"}],"replies":[{"embeddable":true,"href":"https:\/\/euapp01.newsmemory.com\/lamarseillaise\/news\/wp-json\/wp\/v2\/comments?post=35347"}],"version-history":[{"count":1,"href":"https:\/\/euapp01.newsmemory.com\/lamarseillaise\/news\/wp-json\/wp\/v2\/posts\/35347\/revisions"}],"predecessor-version":[{"id":35349,"href":"https:\/\/euapp01.newsmemory.com\/lamarseillaise\/news\/wp-json\/wp\/v2\/posts\/35347\/revisions\/35349"}],"wp:featuredmedia":[{"embeddable":true,"href":"https:\/\/euapp01.newsmemory.com\/lamarseillaise\/news\/wp-json\/wp\/v2\/media\/35348"}],"wp:attachment":[{"href":"https:\/\/euapp01.newsmemory.com\/lamarseillaise\/news\/wp-json\/wp\/v2\/media?parent=35347"}],"wp:term":[{"taxonomy":"category","embeddable":true,"href":"https:\/\/euapp01.newsmemory.com\/lamarseillaise\/news\/wp-json\/wp\/v2\/categories?post=35347"},{"taxonomy":"post_tag","embeddable":true,"href":"https:\/\/euapp01.newsmemory.com\/lamarseillaise\/news\/wp-json\/wp\/v2\/tags?post=35347"},{"taxonomy":"news-destination","embeddable":true,"href":"https:\/\/euapp01.newsmemory.com\/lamarseillaise\/news\/wp-json\/wp\/v2\/news-destination?post=35347"},{"taxonomy":"news-source","embeddable":true,"href":"https:\/\/euapp01.newsmemory.com\/lamarseillaise\/news\/wp-json\/wp\/v2\/news-source?post=35347"},{"taxonomy":"is_homepage","embeddable":true,"href":"https:\/\/euapp01.newsmemory.com\/lamarseillaise\/news\/wp-json\/wp\/v2\/is_homepage?post=35347"},{"taxonomy":"ta_other","embeddable":true,"href":"https:\/\/euapp01.newsmemory.com\/lamarseillaise\/news\/wp-json\/wp\/v2\/ta_other?post=35347"}],"curies":[{"name":"wp","href":"https:\/\/api.w.org\/{rel}","templated":true}]}}