{"id":35344,"date":"2026-07-06T06:55:00","date_gmt":"2026-07-06T04:55:00","guid":{"rendered":"https:\/\/euapp01.newsmemory.com\/lamarseillaise\/news\/?p=35344"},"modified":"2026-07-10T07:44:36","modified_gmt":"2026-07-10T05:44:36","slug":"brebis-et-benevoles-marseillais-font-renaitre-la-transhumance","status":"publish","type":"post","link":"https:\/\/euapp01.newsmemory.com\/lamarseillaise\/news\/2026\/07\/06\/brebis-et-benevoles-marseillais-font-renaitre-la-transhumance\/","title":{"rendered":"Brebis et b\u00e9n\u00e9voles marseillais font rena\u00eetre la transhumance"},"content":{"rendered":"<div class=\"paragraph\">\n<p>\u00ab <i>O<\/i><i>n voulait viser grand dans le cadre de l\u2019ann\u00e9e internationale du pastoralisme<\/i><i>\u00a0<\/i>\u00bb\u00a0: Ma\u00eft\u00e9 Kaczmarek fait partie de la dizaine de membres de l\u2019association des Moutons marseillais, qui ont d\u00e9cid\u00e9 de partir avec les brebis pour une transhumance de 36\u00a0jours, de Marseille \u00e0 M\u00e9olans-Revel. \u00ab\u00a0<i>L\u2019id\u00e9e est de cr\u00e9er du lien avec le territoire et ses habitants. C\u2019est un troupeau urbain qui fait de l\u2019\u00e9cop\u00e2turage \u00e0 Marseille, ce sont des brebis tr\u00e8s proches de l\u2019homme, c\u2019est un super troupeau pour la m\u00e9diation<\/i><i>\u00a0<\/i>\u00bb, explique-t-elle. Cela a \u00e9t\u00e9 prouv\u00e9 \u00e0 Meyreuil, o\u00f9 de petits \u00e9coliers ont attendu l\u2019arriv\u00e9e du troupeau pendant deux heures et ont \u00e9t\u00e9 enchant\u00e9s de pouvoir caresser les brebis. \u00ab\u00a0<i>On invite les gens \u00e0 participer, on accueille de nouvelles personnes en cours de route<\/i><i>\u00a0<\/i>\u00bb, d\u00e9taille la salari\u00e9e de l\u2019association.<\/p>\n<p>Le nombre de personnes touch\u00e9es sur leur parcours est d\u00e9j\u00e0 estim\u00e9 \u00e0 800. \u00ab\u00a0<i>Cela permet de cr\u00e9er du lien et de ramener de la vie. Les premiers jours, des personnes de quatre communes voisines se sont retrouv\u00e9es \u00e0 bloquer les routes pour nous laisser passer<\/i><i>\u00a0<\/i>\u00bb, racontent les b\u00e9n\u00e9voles, qui constatent un v\u00e9ritable \u00e9lan de solidarit\u00e9 et de g\u00e9n\u00e9rosit\u00e9 sur leur route. \u00ab\u00a0<i>Les habitants nous accueillent \u00e0 bras ouverts, nous ram\u00e8nent de l\u2019eau, de la nourriture, l\u2019ap\u00e9ro&#8230; C\u2019est salvateur dans un contexte politique o\u00f9 on essaye de diviser les gens.<\/i><i>\u00a0<\/i>\u00bb<\/p>\n<p>Les b\u00e9n\u00e9voles et salari\u00e9s de l\u2019association esp\u00e8rent ainsi promouvoir le pastoralisme et la transhumance, inscrite au patrimoine culturel de l\u2019Unesco. \u00ab\u00a0<i>Ce sont des traditions anciennes ancr\u00e9es dans le territoire et la r\u00e9gion<\/i><i>\u00a0<\/i>\u00bb, avance Ma\u00eft\u00e9. \u00ab\u00a0<i>Les brebis sont heureuses de partir le matin, il faut les canaliser tellement elles se r\u00e9galent. Elles ont plein de choses vari\u00e9es \u00e0 manger<\/i><i>\u00a0<\/i>\u00bb, se r\u00e9jouissent les b\u00e9n\u00e9voles.<\/p>\n<p>Les participants \u00e0 cette transhumance ont quitt\u00e9 Marseille le 8\u00a0juin pour parcourir 300\u00a0km \u00e0 travers les Alpes du Sud. Ils empruntent l\u2019historique route des transhumances, La Routo. \u00ab\u00a0<i>On se l\u00e8ve tous les matins vers 4<\/i><i>\u00a0<\/i><i>heures, mais plus il fait chaud, plus on avance l\u2019heure de d\u00e9part<\/i>, pr\u00e9cise Ma\u00eft\u00e9. <i>Pour sortir de Marseille, il a fallu ruser pour \u00e9viter les routes dangereuses.<\/i><i>\u00a0<\/i>\u00bb Sur leur route, ils dorment chez des mara\u00eechers \u00ab\u00a0<i>pour soutenir l\u2019agriculture locale<\/i><i>\u00a0<\/i>\u00bb, ou encore en plein air, comme sur le massif de l\u2019Etoile. Ils dorment toujours autour des brebis pour veiller sur elles. \u00ab\u00a0<i>L\u00e0 o\u00f9 on sait que le loup peut venir, on forme un cercle autour d\u2019elles avec nos tentes<\/i><i>\u00a0<\/i>\u00bb, explique Ma\u00eft\u00e9.<\/p>\n<p>\u00ab\u00a0<i>On est le seul petit troupeau urbain en France \u00e0 parcourir un si long parcours. Les transhumances se font de plus en plus rares. Certains nous disent qu\u2019ils n\u2019avaient plus vu passer de troupeau depuis 40<\/i><i>\u00a0<\/i><i>ans<\/i><i>\u00a0<\/i><i>!<\/i><i>\u00a0<\/i>\u00bb, lance la salari\u00e9e de l\u2019association.<\/p>\n<\/p><\/div>\n<div class=\"intext\"> \u00ab\u00a0Les temps sont durs<br \/>\n               <br \/>pour les associations\u00a0\u00bb\n              <\/div>\n<div class=\"paragraph\">\n<p>\u00ab\u00a0<i>On esp\u00e9rait des subventions de la R\u00e9gion, de la M\u00e9tropole et du D\u00e9partement, mais c\u2019est mal parti. Les temps sont durs pour les associations et les subventions<\/i>, regrette-t-elle. <i>Les choses se calent au fur et \u00e0 mesure du fait du d\u00e9faut de financement. Il faudrait que l\u2019on soit plus nombreux pour faire plus de haltes p\u00e9dagogiques et se relayer.<\/i><i>\u00a0<\/i>\u00bb Les voyageurs cherchent encore \u00e0 remplir leur cagnotte participative, \u00ab\u00a0<i>lanc\u00e9e du fait de l\u2019absence de financement<\/i><i>\u00a0<\/i>\u00bb, et une voiture automatique pour transporter leur mat\u00e9riel.<\/p>\n<p><span class=\"mln_uppercase_mln\">\u00e0<\/span> Marseille, le \u00ab\u00a0<i>m\u00e9tier<\/i><i>\u00a0<\/i>\u00bb de ces brebis est d\u2019entretenir les espaces verts d\u2019Ehpad, d\u2019\u00e9coles ou encore d\u2019entreprises. \u00ab\u00a0<i>Ce sont des d\u00e9broussailleurs vivants qui prot\u00e8gent la biodiversit\u00e9 et nourrissent le sol<\/i><i>\u00a0<\/i>\u00bb, expliquent les membres de l\u2019association. Jeudi, les propri\u00e9taires des chambres d\u2019h\u00f4tes de Valensole \u00e9taient d\u2019ailleurs enchant\u00e9s de les accueillir, alors qu\u2019ils cherchaient justement des brebis pour d\u00e9broussailler leur terrain.<\/p>\n<\/p><\/div>\n<div class=\"paragraph\">\n<p><i>Cagnotte : <a rel=\"nofollow noopener noreferrer\" href=\"https:\/\/www.helloasso.com\/associations\/les-moutons-marseillais\" target=\"_blank\">helloasso.com\/associations\/les-moutons-marseillais<\/a><\/i><\/p>\n<\/p><\/div>\n","protected":false},"excerpt":{"rendered":"&laquo; On voulait viser grand dans le cadre de l&rsquo;ann&eacute;e internationale du pastoralisme&nbsp;&raquo;&nbsp;: Ma&iuml;t&eacute; Kaczmarek fait partie de la dizaine de membres de l&rsquo;association des Moutons marseillais, qui ont &#8230;","protected":false},"author":1,"featured_media":35345,"comment_status":"open","ping_status":"open","sticky":false,"template":"","format":"standard","meta":{"footnotes":""},"categories":[3926,3925,333,20],"tags":[447,4768,4467,6026,4251,1393,51,4420],"news-destination":[3944],"news-source":[475],"is_homepage":[],"ta_other":[],"class_list":["post-35344","post","type-post","status-publish","format-standard","has-post-thumbnail","hentry","category-accueil-merge","category-accueil-third","category-environnement","category-societe","tag-agriculture","tag-alpes","tag-alpes-de-haute-provence","tag-bergers","tag-brebis","tag-randonnee","tag-societe","tag-transhumance","news-destination-homepage","news-source-website"],"_links":{"self":[{"href":"https:\/\/euapp01.newsmemory.com\/lamarseillaise\/news\/wp-json\/wp\/v2\/posts\/35344","targetHints":{"allow":["GET"]}}],"collection":[{"href":"https:\/\/euapp01.newsmemory.com\/lamarseillaise\/news\/wp-json\/wp\/v2\/posts"}],"about":[{"href":"https:\/\/euapp01.newsmemory.com\/lamarseillaise\/news\/wp-json\/wp\/v2\/types\/post"}],"author":[{"embeddable":true,"href":"https:\/\/euapp01.newsmemory.com\/lamarseillaise\/news\/wp-json\/wp\/v2\/users\/1"}],"replies":[{"embeddable":true,"href":"https:\/\/euapp01.newsmemory.com\/lamarseillaise\/news\/wp-json\/wp\/v2\/comments?post=35344"}],"version-history":[{"count":1,"href":"https:\/\/euapp01.newsmemory.com\/lamarseillaise\/news\/wp-json\/wp\/v2\/posts\/35344\/revisions"}],"predecessor-version":[{"id":35346,"href":"https:\/\/euapp01.newsmemory.com\/lamarseillaise\/news\/wp-json\/wp\/v2\/posts\/35344\/revisions\/35346"}],"wp:featuredmedia":[{"embeddable":true,"href":"https:\/\/euapp01.newsmemory.com\/lamarseillaise\/news\/wp-json\/wp\/v2\/media\/35345"}],"wp:attachment":[{"href":"https:\/\/euapp01.newsmemory.com\/lamarseillaise\/news\/wp-json\/wp\/v2\/media?parent=35344"}],"wp:term":[{"taxonomy":"category","embeddable":true,"href":"https:\/\/euapp01.newsmemory.com\/lamarseillaise\/news\/wp-json\/wp\/v2\/categories?post=35344"},{"taxonomy":"post_tag","embeddable":true,"href":"https:\/\/euapp01.newsmemory.com\/lamarseillaise\/news\/wp-json\/wp\/v2\/tags?post=35344"},{"taxonomy":"news-destination","embeddable":true,"href":"https:\/\/euapp01.newsmemory.com\/lamarseillaise\/news\/wp-json\/wp\/v2\/news-destination?post=35344"},{"taxonomy":"news-source","embeddable":true,"href":"https:\/\/euapp01.newsmemory.com\/lamarseillaise\/news\/wp-json\/wp\/v2\/news-source?post=35344"},{"taxonomy":"is_homepage","embeddable":true,"href":"https:\/\/euapp01.newsmemory.com\/lamarseillaise\/news\/wp-json\/wp\/v2\/is_homepage?post=35344"},{"taxonomy":"ta_other","embeddable":true,"href":"https:\/\/euapp01.newsmemory.com\/lamarseillaise\/news\/wp-json\/wp\/v2\/ta_other?post=35344"}],"curies":[{"name":"wp","href":"https:\/\/api.w.org\/{rel}","templated":true}]}}