{"id":35341,"date":"2026-07-06T06:44:00","date_gmt":"2026-07-06T04:44:00","guid":{"rendered":"https:\/\/euapp01.newsmemory.com\/lamarseillaise\/news\/?p=35341"},"modified":"2026-07-10T07:44:36","modified_gmt":"2026-07-10T05:44:36","slug":"le-droit-aux-vacances-reste-a-conquerir","status":"publish","type":"post","link":"https:\/\/euapp01.newsmemory.com\/lamarseillaise\/news\/2026\/07\/06\/le-droit-aux-vacances-reste-a-conquerir\/","title":{"rendered":"Le droit aux vacances reste \u00e0 conqu\u00e9rir"},"content":{"rendered":"<div class=\"paragraph\">\n<p>C\u2019est un anniversaire qui rev\u00eat une importance particuli\u00e8re. Le Front populaire f\u00eate ses 90\u00a0ans, dans un contexte o\u00f9 les attaques contre les droits des travailleurs et des travailleuses se multiplient. Le 10\u00a0avril dernier, un projet de loi visant \u00e0 remettre en cause le caract\u00e8re ch\u00f4m\u00e9 du 1<sup>er<\/sup>\u00a0mai \u00e9tait discut\u00e9 \u00e0 l\u2019Assembl\u00e9e nationale. En juin, \u00c9ric Pauget, d\u00e9put\u00e9 LR des Alpes-Maritimes, d\u00e9posait une nouvelle version de sa proposition de loi, v\u00e9ritable \u00ab\u00a0<i>remise en cause de la 5<\/i><i><sup>e<\/sup><\/i><i> semaine de cong\u00e9s pay\u00e9s<\/i><i>\u00a0<\/i>\u00bb, souligne Virginie Akliouat, secr\u00e9taire d\u00e9partementale de la FSU\u00a013, venue participer au d\u00e9bat organis\u00e9 par <i>La<\/i><i>\u00a0<\/i><i>Marseillaise<\/i> en marge du Mondial des CSE Id\u00e9lia, sur le th\u00e8me \u00ab\u00a01936-2026\u00a0: des cong\u00e9s pay\u00e9s au droit aux vacances pour tous\u00a0\u00bb.<\/p>\n<p>Si 90\u00a0ans s\u00e9parent ces deux dates, certaines similitudes sont frappantes. \u00c0 commencer par \u00ab<i>\u00a0<\/i><i>le bruit des bottes qui monte<\/i><i>\u00a0<\/i>\u00bb, note la secr\u00e9taire g\u00e9n\u00e9rale de la CGT, Sophie Binet. \u00c0 l\u2019\u00e9poque, le fascisme s\u2019est empar\u00e9 de l\u2019Italie et de l\u2019Allemagne. En France, le Parti franciste, les Jeunesses patriotes, l\u2019Action fran\u00e7aise ou encore les Croix-de-Feu s\u00e9vissent d\u00e9j\u00e0.<\/p>\n<p>En 1934, le monde ouvrier se l\u00e8ve contre la menace. En 1936, la mobilisation aboutit \u00e0 la victoire du projet de soci\u00e9t\u00e9 port\u00e9 par le Front populaire. \u00ab\u00a0<i>\u00c7a a \u00e9t\u00e9 possible par l\u2019unit\u00e9 des travailleurs et des travailleuses,<\/i> d\u00e9veloppe Sophie Binet. <i>\u00c0 l\u2019\u00e9poque, la CGT se r\u00e9unifie. Il y a une d\u00e9marche unitaire des forces de gauche, politiques et syndicales, pour lutter contre l\u2019extr\u00eame droite. Le 2<\/i><i><sup>e<\/sup><\/i><i> ingr\u00e9dient, c\u2019est la mobilisation. Le seul vote des travailleurs et travailleuses et la seule victoire \u00e9lectorale du Front populaire n\u2019auraient pas suffi. De grandes gr\u00e8ves ont permis d\u2019aller beaucoup plus loin que ce qui avait \u00e9t\u00e9 \u00e9crit dans le programme.<\/i>\u00a0\u00bb<\/p>\n<p>Les cong\u00e9s pay\u00e9s font partie de ces conquis qui ne figuraient pas dans les revendications des salari\u00e9s, rappelle Anthony Juan, pr\u00e9sident de la CCAS (\u00e9nergie). \u00ab<i>\u00a0<\/i><i>\u00c0 l\u2019\u00e9poque, les milieux populaires n\u2019osaient m\u00eame pas toucher cette question du doigt. Ils consid\u00e9raient de fait que c\u2019\u00e9tait r\u00e9serv\u00e9 \u00e0 la bourgeoisie.<\/i>\u00a0\u00bb Non programm\u00e9e, la loi est tout de m\u00eame adopt\u00e9e \u00e0 la Chambre des d\u00e9put\u00e9s par 563\u00a0voix contre une le 11\u00a0juin 1936, puis promulgu\u00e9e neuf jours plus tard. \u00c0 ce moment-l\u00e0, \u00ab<i>\u00a0<\/i><i>l\u2019id\u00e9e para\u00eet r\u00e9volutionnaire, mais la France avait du retard, <\/i>pr\u00e9cise-t-il.<i> La derni\u00e8re loi qui avait \u00e9t\u00e9 vot\u00e9e \u00e0 ce sujet-l\u00e0 date de 1909 et concernait le dimanche ch\u00f4m\u00e9 non pay\u00e9 pour pouvoir aller \u00e0 l\u2019\u00e9glise.<\/i>\u00a0\u00bb<\/p>\n<\/p><\/div>\n<div class=\"intext\"> Des mesures d\u2019accompagnement\n              <\/div>\n<div class=\"paragraph\">\n<p>Pour Anthony Juan, si cette loi donne l\u2019acc\u00e8s au temps libre, \u00ab\u00a0<i>elle ne donne pas forc\u00e9ment l\u2019acc\u00e8s aux cong\u00e9s pay\u00e9s<\/i>\u00a0\u00bb. \u00ab\u00a0<i>Une loi sans mesure d\u2019accompagnement, \u00e7a ne suffit pas,<\/i> affirme-t-il. <i>\u00c0 l\u2019\u00e9poque, L\u00e9o Lagrange le prend en compte et c\u2019est \u00e0 ce moment-l\u00e0 qu\u2019on a le billet SNCF \u00e0 &#8211; 40% pour les salari\u00e9s, la cr\u00e9ation des auberges de jeunesse, le soutien aux associations d\u2019\u00e9ducation populaire&#8230; Je pense qu\u2019on est encore dans cet \u00e9tat de fait<\/i><i>\u00a0<\/i><i>: le droit au temps libre existe, le droit aux cong\u00e9s pay\u00e9s reste \u00e0 conqu\u00e9rir.<\/i>\u00a0\u00bb<\/p>\n<p>Aujourd\u2019hui, certains comit\u00e9s d\u2019entreprise garantissent l\u2019acc\u00e8s aux vacances pour les travailleurs, les travailleuses et leurs familles. Chez les cheminots, le CCGPF assure la gestion des activit\u00e9s sociales des actifs, mais aussi des retrait\u00e9s et de leurs ayants-droits. Son secr\u00e9taire adjoint, Arnaud Hennebert, explique\u00a0: \u00ab\u00a0<i>C\u2019est en 1986 qu\u2019on arrache au patronat les \u0153uvres sociales, qui deviennent des activit\u00e9s sociales, culturelles et sportives g\u00e9r\u00e9es par les \u00e9lus du personnel, avec du patrimoine mis \u00e0 disposition.<\/i><i>\u00a0<\/i>\u00bb Aujourd\u2019hui, le CCGPF \u00ab\u00a0<i>r\u00e9siste<\/i><i>\u00a0<\/i>\u00bb face aux remises en cause du patronat, bien qu\u2019\u00e9tant tr\u00e8s pl\u00e9biscit\u00e9. \u00ab\u00a0<i>Nous faisons partir 14<\/i><i>\u00a0<\/i><i>000<\/i><i>\u00a0<\/i><i>enfants dans des colos tous les ans, <\/i>se f\u00e9licite Arnaud Hennebert.<i> 55<\/i><i>\u00a0<\/i><i>000<\/i><i>\u00a0<\/i><i>cheminots et leur famille vont encore partir en vacances cet \u00e9t\u00e9 dans nos villages vacances, chez les partenaires du tourisme social.<\/i>\u00a0\u00bb<\/p>\n<p>Imestia fait partie de ces gestionnaires de centres de vacances qui ont une conception h\u00e9rit\u00e9e de 1936. Doric Curto, son directeur g\u00e9n\u00e9ral, d\u00e9finit le tourisme social comme \u00e9tant un \u00ab\u00a0<i>tourisme reli\u00e9 au territoire, \u00e0 toutes ces questions de l\u2019\u00e9conomie sociale, solidaire et \u00e9cologique<\/i>\u00a0\u00bb, qui d\u00e9fend \u00ab\u00a0<i>un droit aux vacances pour tous<\/i>\u00a0\u00bb. \u00ab<i>\u00a0<\/i><i>Un vrai choix est fait, celui de se dire que ces lieux doivent ressembler \u00e0 la soci\u00e9t\u00e9, et \u00e0 la soci\u00e9t\u00e9 qu\u2019on veut. <\/i>(&#8230;)<i> \u00c7a consiste aussi \u00e0 apporter des activit\u00e9s pour contenir la vague brune. On a un vrai r\u00f4le social pour permettre la d\u00e9mocratie et le vivre-ensemble aussi pendant les vacances.<\/i><i>\u00a0<\/i>\u00bb<\/p>\n<p>Encore faut-il que tous les citoyens puissent se le permettre. \u00ab\u00a0<i>Aujourd\u2019hui, 40% des Fran\u00e7ais ne partent pas en vacances<\/i>\u00a0\u00bb, pointe Sophie Binet. Virginie Akliouat ajoute\u00a0: \u00ab\u00a0<i>En tant que prof, il y a un enjeu tr\u00e8s fort \u00e0 ce que nos \u00e9l\u00e8ves puissent b\u00e9n\u00e9ficier des temps de repos pour partir. Pour les pr\u00e9caires qui ne peuvent pas b\u00e9n\u00e9ficier des comit\u00e9s d\u2019entreprise ou des structures de tourisme social, les associations d\u2019\u00e9ducation populaire et les centres sociaux jouent un r\u00f4le primordial. Aujourd\u2019hui, leurs budgets, qui sont li\u00e9s aux collectivit\u00e9s territoriales, fondent comme neige au soleil<\/i>. (&#8230;) <i>Il y a des droits \u00e0 d\u00e9fendre et \u00e0 continuer \u00e0 conqu\u00e9rir, mais il y a aussi un souci fondamental de justice sociale \u00e0 avoir, pour que ces droits puissent b\u00e9n\u00e9ficier \u00e0 l\u2019ensemble de la population<\/i>.\u00a0\u00bb<\/p>\n<p>C\u2019est ce droit \u00e0 l\u2019\u00e9mancipation que d\u00e9fend le monde ouvrier, en 1936 avec le Front populaire, au sortir de la Seconde Guerre mondiale avec le Conseil national de la r\u00e9sistance, et encore aujourd\u2019hui avec \u00ab\u00a0<i>la bataille des Comit\u00e9s sociaux et \u00e9conomiques<\/i><i>\u00a0<\/i>\u00bb qu\u2019appelle Sophie Binet. \u00ab\u00a0<i>La strat\u00e9gie du capital est de transformer les travailleurs en simples consommateurs. <\/i>(&#8230;)<i> Les vacances et les loisirs sont un secteur \u00e9conomique qui int\u00e9resse les loups, qui essayent de le financiariser. On a besoin d\u2019orienter l\u2019argent de nos CSE sur des choses qu\u2019on g\u00e8re et qui nous int\u00e9ressent, <\/i>(&#8230;) <i>c\u2019est-\u00e0-dire de l\u2019\u00e9conomie sociale et solidaire<\/i>.\u00a0\u00bb<\/p>\n<\/p><\/div>\n","protected":false},"excerpt":{"rendered":"C&rsquo;est un anniversaire qui rev&ecirc;t une importance particuli&egrave;re. Le Front populaire f&ecirc;te ses 90&nbsp;ans, dans un contexte o&ugrave; les attaques contre les droits des travailleurs et des travailleuses se multiplient. Le &#8230;","protected":false},"author":1,"featured_media":35342,"comment_status":"open","ping_status":"open","sticky":false,"template":"","format":"standard","meta":{"footnotes":""},"categories":[3926,3925,331,20],"tags":[4595,10,2609,1774,113,1580,1732,1929,3111,406,1099,1480,16,4453,2518,6025,841,1388,1557,347,910,1361,1559],"news-destination":[3944],"news-source":[475],"is_homepage":[],"ta_other":[],"class_list":["post-35341","post","type-post","status-publish","format-standard","has-post-thumbnail","hentry","category-accueil-merge","category-accueil-third","category-social","category-societe","tag-1er-mai","tag-bouches-du-rhone","tag-ccas","tag-centres-sociaux","tag-cgt","tag-cheminots","tag-conseil-national-de-la-resistance","tag-fascisme","tag-front-populaire","tag-fsu","tag-greves","tag-justice-sociale","tag-marseille","tag-monde-du-travail","tag-monde-ouvrier","tag-mondial-des-cse","tag-patronat","tag-sncf","tag-sophie-binet","tag-tourisme","tag-travailleurs","tag-vacances","tag-virginie-akliouat","news-destination-homepage","news-source-website"],"_links":{"self":[{"href":"https:\/\/euapp01.newsmemory.com\/lamarseillaise\/news\/wp-json\/wp\/v2\/posts\/35341","targetHints":{"allow":["GET"]}}],"collection":[{"href":"https:\/\/euapp01.newsmemory.com\/lamarseillaise\/news\/wp-json\/wp\/v2\/posts"}],"about":[{"href":"https:\/\/euapp01.newsmemory.com\/lamarseillaise\/news\/wp-json\/wp\/v2\/types\/post"}],"author":[{"embeddable":true,"href":"https:\/\/euapp01.newsmemory.com\/lamarseillaise\/news\/wp-json\/wp\/v2\/users\/1"}],"replies":[{"embeddable":true,"href":"https:\/\/euapp01.newsmemory.com\/lamarseillaise\/news\/wp-json\/wp\/v2\/comments?post=35341"}],"version-history":[{"count":1,"href":"https:\/\/euapp01.newsmemory.com\/lamarseillaise\/news\/wp-json\/wp\/v2\/posts\/35341\/revisions"}],"predecessor-version":[{"id":35343,"href":"https:\/\/euapp01.newsmemory.com\/lamarseillaise\/news\/wp-json\/wp\/v2\/posts\/35341\/revisions\/35343"}],"wp:featuredmedia":[{"embeddable":true,"href":"https:\/\/euapp01.newsmemory.com\/lamarseillaise\/news\/wp-json\/wp\/v2\/media\/35342"}],"wp:attachment":[{"href":"https:\/\/euapp01.newsmemory.com\/lamarseillaise\/news\/wp-json\/wp\/v2\/media?parent=35341"}],"wp:term":[{"taxonomy":"category","embeddable":true,"href":"https:\/\/euapp01.newsmemory.com\/lamarseillaise\/news\/wp-json\/wp\/v2\/categories?post=35341"},{"taxonomy":"post_tag","embeddable":true,"href":"https:\/\/euapp01.newsmemory.com\/lamarseillaise\/news\/wp-json\/wp\/v2\/tags?post=35341"},{"taxonomy":"news-destination","embeddable":true,"href":"https:\/\/euapp01.newsmemory.com\/lamarseillaise\/news\/wp-json\/wp\/v2\/news-destination?post=35341"},{"taxonomy":"news-source","embeddable":true,"href":"https:\/\/euapp01.newsmemory.com\/lamarseillaise\/news\/wp-json\/wp\/v2\/news-source?post=35341"},{"taxonomy":"is_homepage","embeddable":true,"href":"https:\/\/euapp01.newsmemory.com\/lamarseillaise\/news\/wp-json\/wp\/v2\/is_homepage?post=35341"},{"taxonomy":"ta_other","embeddable":true,"href":"https:\/\/euapp01.newsmemory.com\/lamarseillaise\/news\/wp-json\/wp\/v2\/ta_other?post=35341"}],"curies":[{"name":"wp","href":"https:\/\/api.w.org\/{rel}","templated":true}]}}