{"id":35338,"date":"2026-07-06T06:34:00","date_gmt":"2026-07-06T04:34:00","guid":{"rendered":"https:\/\/euapp01.newsmemory.com\/lamarseillaise\/news\/?p=35338"},"modified":"2026-07-06T10:21:54","modified_gmt":"2026-07-06T08:21:54","slug":"semanciper-ne-prend-pas-de-conges","status":"publish","type":"post","link":"https:\/\/euapp01.newsmemory.com\/lamarseillaise\/news\/2026\/07\/06\/semanciper-ne-prend-pas-de-conges\/","title":{"rendered":"S\u2019\u00e9manciper ne prend pas de cong\u00e9s"},"content":{"rendered":"<div class=\"paragraph\">\n<p>Il y a 90 ans, les cong\u00e9s pay\u00e9s ouvraient une br\u00e8che dans l\u2019ordre social \u00e9tabli. Pour la premi\u00e8re fois, le temps lib\u00e9r\u00e9 du travail n\u2019\u00e9tait plus un privil\u00e8ge, mais un droit. Derri\u00e8re les deux semaines accord\u00e9es en 1936, il y avait une id\u00e9e profond\u00e9ment politique\u00a0: permettre \u00e0 chacun de se reposer, de d\u00e9couvrir, d\u2019apprendre, de s\u2019\u00e9manciper.<\/p>\n<p>Aujourd\u2019hui, ce droit demeure fragile. Certes, les cong\u00e9s pay\u00e9s existent. Mais que vaut le droit au repos lorsque 40% des Fran\u00e7ais ne partent pas en vacances\u00a0? Que vaut-il lorsque l\u2019inflation, la pr\u00e9carit\u00e9 ou la disparition progressive des dispositifs de solidarit\u00e9 emp\u00eachent des millions de personnes de profiter r\u00e9ellement de leur temps libre\u00a0?<\/p>\n<p><b>D\u00e9fendre les conqu\u00eates<\/b><\/p>\n<p>L\u2019h\u00e9ritage du Front populaire ne se r\u00e9sume pas \u00e0 une photographie de familles sur le quai d\u2019une gare. Il vit encore dans les CSE, le tourisme social, les colonies de vacances, les centres de loisirs et l\u2019\u00e9ducation populaire. <span class=\"mln_uppercase_mln\">\u00e0<\/span> l\u2019image du travail r\u00e9alis\u00e9, encore aujourd\u2019hui, par le Secours populaire par exemple.<\/p>\n<p>Toutes ces structures prolongent une ambition simple, celle faire des vacances un droit effectif et non th\u00e9orique.<\/p>\n<p>\u00c0 l\u2019heure o\u00f9 certains conquis sociaux sont contest\u00e9s, la meilleure mani\u00e8re de c\u00e9l\u00e9brer 1936 n\u2019est pas la nostalgie. C\u2019est de poursuivre le combat pour l\u2019\u00e9galit\u00e9 d\u2019acc\u00e8s aux vacances, \u00e0 la culture et aux loisirs. Car une soci\u00e9t\u00e9 qui r\u00e9duit les citoyens \u00e0 de simples consommateurs renonce \u00e0 l\u2019\u00e9mancipation. Une d\u00e9mocratie qui r\u00e9serve l\u2019\u00e9vasion \u00e0 quelques-uns oublie sa promesse fondamentale\u00a0: permettre \u00e0 tous de vivre pleinement.<\/p>\n<\/p><\/div>\n","protected":false},"excerpt":{"rendered":"Il y a 90 ans, les cong&eacute;s pay&eacute;s ouvraient une br&egrave;che dans l&rsquo;ordre social &eacute;tabli. Pour la premi&egrave;re fois, le temps lib&eacute;r&eacute; du travail n&rsquo;&eacute;tait plus un privil&egrave;ge, mais un droit. &#8230;","protected":false},"author":1,"featured_media":35339,"comment_status":"open","ping_status":"open","sticky":false,"template":"","format":"standard","meta":{"footnotes":""},"categories":[332],"tags":[10,35,1372,3111,55,16,1361],"news-destination":[],"news-source":[475],"is_homepage":[],"ta_other":[],"class_list":["post-35338","post","type-post","status-publish","format-standard","has-post-thumbnail","hentry","category-edito","tag-bouches-du-rhone","tag-culture","tag-editoriaux","tag-front-populaire","tag-loisirs","tag-marseille","tag-vacances","news-source-website"],"_links":{"self":[{"href":"https:\/\/euapp01.newsmemory.com\/lamarseillaise\/news\/wp-json\/wp\/v2\/posts\/35338","targetHints":{"allow":["GET"]}}],"collection":[{"href":"https:\/\/euapp01.newsmemory.com\/lamarseillaise\/news\/wp-json\/wp\/v2\/posts"}],"about":[{"href":"https:\/\/euapp01.newsmemory.com\/lamarseillaise\/news\/wp-json\/wp\/v2\/types\/post"}],"author":[{"embeddable":true,"href":"https:\/\/euapp01.newsmemory.com\/lamarseillaise\/news\/wp-json\/wp\/v2\/users\/1"}],"replies":[{"embeddable":true,"href":"https:\/\/euapp01.newsmemory.com\/lamarseillaise\/news\/wp-json\/wp\/v2\/comments?post=35338"}],"version-history":[{"count":1,"href":"https:\/\/euapp01.newsmemory.com\/lamarseillaise\/news\/wp-json\/wp\/v2\/posts\/35338\/revisions"}],"predecessor-version":[{"id":35340,"href":"https:\/\/euapp01.newsmemory.com\/lamarseillaise\/news\/wp-json\/wp\/v2\/posts\/35338\/revisions\/35340"}],"wp:featuredmedia":[{"embeddable":true,"href":"https:\/\/euapp01.newsmemory.com\/lamarseillaise\/news\/wp-json\/wp\/v2\/media\/35339"}],"wp:attachment":[{"href":"https:\/\/euapp01.newsmemory.com\/lamarseillaise\/news\/wp-json\/wp\/v2\/media?parent=35338"}],"wp:term":[{"taxonomy":"category","embeddable":true,"href":"https:\/\/euapp01.newsmemory.com\/lamarseillaise\/news\/wp-json\/wp\/v2\/categories?post=35338"},{"taxonomy":"post_tag","embeddable":true,"href":"https:\/\/euapp01.newsmemory.com\/lamarseillaise\/news\/wp-json\/wp\/v2\/tags?post=35338"},{"taxonomy":"news-destination","embeddable":true,"href":"https:\/\/euapp01.newsmemory.com\/lamarseillaise\/news\/wp-json\/wp\/v2\/news-destination?post=35338"},{"taxonomy":"news-source","embeddable":true,"href":"https:\/\/euapp01.newsmemory.com\/lamarseillaise\/news\/wp-json\/wp\/v2\/news-source?post=35338"},{"taxonomy":"is_homepage","embeddable":true,"href":"https:\/\/euapp01.newsmemory.com\/lamarseillaise\/news\/wp-json\/wp\/v2\/is_homepage?post=35338"},{"taxonomy":"ta_other","embeddable":true,"href":"https:\/\/euapp01.newsmemory.com\/lamarseillaise\/news\/wp-json\/wp\/v2\/ta_other?post=35338"}],"curies":[{"name":"wp","href":"https:\/\/api.w.org\/{rel}","templated":true}]}}