{"id":35335,"date":"2026-07-05T20:11:00","date_gmt":"2026-07-05T18:11:00","guid":{"rendered":"https:\/\/euapp01.newsmemory.com\/lamarseillaise\/news\/?p=35335"},"modified":"2026-07-10T07:44:52","modified_gmt":"2026-07-10T05:44:52","slug":"a-kalliste-un-chantier-temoin-du-plan-ecoles","status":"publish","type":"post","link":"https:\/\/euapp01.newsmemory.com\/lamarseillaise\/news\/2026\/07\/05\/a-kalliste-un-chantier-temoin-du-plan-ecoles\/","title":{"rendered":"\u00c0 Kalliste, un chantier t\u00e9moin du plan \u00e9coles"},"content":{"rendered":"<div class=\"paragraph\">\n<p>L<i>\u00e0, nous sommes au rez-de-chauss\u00e9e dans la maternelle, au-dessus, ce sera l\u2019\u00e9l\u00e9mentaire&#8230;<\/i>\u00a0\u00bb Le directeur g\u00e9n\u00e9ral de la Soci\u00e9t\u00e9 publique des \u00e9coles marseillaises (SPEM), Nicolas Andreatta, assure la visite du futur groupe scolaire Parc Kalliste Nouvelle (15<sup>e<\/sup>) ce samedi 4 juillet. Un ensemble monumental de 21\u00a0classes avec biblioth\u00e8que, salle de motricit\u00e9 et autres espaces de restauration, construit aux derni\u00e8res normes bioclimatiques, qu\u2019il d\u00e9crit \u00e0 Antonio Costa, pr\u00e9sident du Conseil europ\u00e9en, accompagn\u00e9 du maire de Marseille, Beno\u00eet Payan (DVG). Il faut dire que l\u2019Europe, par l\u2019interm\u00e9diaire de la BEI (Banque europ\u00e9enne d\u2019investissement), a octroy\u00e9 un pr\u00eat de 200\u00a0millions d\u2019euros pour soutenir le plan \u00e9coles de la Ville. Le projet Kalliste s\u2019inscrit dans un quartier prioritaire et mettra \u00e0 disposition des habitants une salle polyvalente.<\/p>\n<\/p><\/div>\n<div class=\"intext\"> Un plan \u00e0 1,5\u00a0milliard\n              <\/div>\n<div class=\"paragraph\">\n<p>D\u00e9marr\u00e9 en d\u00e9cembre\u00a02025, l\u2019\u00e9tablissement devrait \u00eatre livr\u00e9 en septembre\u00a02027. Co\u00fbt de l\u2019op\u00e9ration\u00a0: 14,1\u00a0millions d\u2019euros, dont 6,5 financ\u00e9s au titre de l\u2019Anru (Agence nationale pour la r\u00e9novation urbaine). \u00ab\u00a0<i>Cette \u00e9cole doit \u00eatre un lieu totem, <\/i>estime Beno\u00eet Payan. <i>Ici \u00e0 Marseille, il y a deux grands fl\u00e9aux<\/i><i>\u00a0<\/i><i>: l\u2019habitat, sur lequel nous n\u2019avons pas beaucoup de prise, et les \u00e9coles, construites \u00e0 la va-vite, dans les ann\u00e9es<\/i><i>\u00a0<\/i><i>60, et, qui, elles, relevaient de notre responsabilit\u00e9<\/i>.\u00a0\u00bb<\/p>\n<p>Le \u00ab\u00a0plan \u00e9coles du si\u00e8cle\u00a0\u00bb, rien de moins, lanc\u00e9 en 2021, pr\u00e9voit la r\u00e9novation, la reconstruction partielle ou totale des 470\u00a0\u00e9tablissements de la ville, moyennant 1,5\u00a0milliard d\u2019euros. Un plan organis\u00e9 en plusieurs vagues, la 2<sup>e<\/sup> et la 3<sup>e<\/sup> sont en cours avec 35\u00a0\u00e9coles construites d\u2019ici 2028, 48 entre 2026 et 2029, puis une 4<sup>e<\/sup> entre 2027 et 2030 avec 43\u00a0autres. Tout devrait \u00eatre termin\u00e9 en 2032. Depuis 2020, 27\u00a0\u00e9tablissements scolaires sont sortis de terre, comme l\u2019\u00e9cole Baya, ex-\u00e9cole des Abeilles, en centre-ville, Toros Mater dans le 9<sup>e<\/sup>, Jolie-Manon \u00e0 la Belle-de-Mai (3<sup>e<\/sup>).<\/p>\n<p>Pour le maire de Marseille, la pr\u00e9sence d\u2019Antonio Costa vient conforter le bien-fond\u00e9 de cette vaste ambition. \u00ab\u00a0<i>Il a \u00e9t\u00e9 chef de gouvernement au Portugal mais aussi maire de Lisbonne. Il sait la difficult\u00e9 qu\u2019il a eue aussi dans sa ville sur les \u00e9coles. Il sait que ce chantier est pour l\u2019avenir<\/i><i>\u00a0<\/i>\u00bb, pose Beno\u00eet Payan.<\/p>\n<p>Le pr\u00e9sident du Conseil europ\u00e9en insiste sur des institutions europ\u00e9ennes qui \u00ab\u00a0<i>doivent \u00eatre proches des citoyens<\/i><i>\u00a0<\/i>\u00bb. \u00ab\u00a0<i>L\u2019\u00e9cole est au c\u0153ur de notre projet, parce que cela veut dire tout d\u2019abord<\/i><i>\u00a0<\/i><i>: opportunit\u00e9<\/i><i>\u00a0<\/i>\u00bb, d\u00e9fend-il. Selon lui, l\u2019\u00e9cole reste aussi \u00ab\u00a0<i>l\u2019endroit d\u00e9cisif pour la citoyennet\u00e9. Et la citoyennet\u00e9, c\u2019est d\u00e9cisif pour b\u00e2tir une soci\u00e9t\u00e9 avec des valeurs. L\u2019Union europ\u00e9enne, c\u2019est une union des valeurs<\/i><i>\u00a0<\/i>\u00bb. Interrog\u00e9 sur le choix de Marseille pour y faire une halte, Antonio Costa met en avant une \u00ab\u00a0<i>ville europ\u00e9enne au c\u0153ur de la M\u00e9diterran\u00e9e<\/i><i>\u00a0<\/i>\u00bb, qui repr\u00e9sente une certaine id\u00e9e de l\u2019Europe, celle \u00ab\u00a0<i>d\u2019une union dans sa diversit\u00e9<\/i>\u00a0\u00bb.<\/p>\n<p>Il repartira en mer faire un point sur les projets men\u00e9s sur le littoral apr\u00e8s avoir rencontr\u00e9 le bataillon des marins-pompiers, pour \u00e9voquer la dimension europ\u00e9enne de ses actions.<\/p>\n<\/p><\/div>\n","protected":false},"excerpt":{"rendered":"L&agrave;, nous sommes au rez-de-chauss&eacute;e dans la maternelle, au-dessus, ce sera l&rsquo;&eacute;l&eacute;mentaire&#8230;&nbsp;&raquo; Le directeur g&eacute;n&eacute;ral de la Soci&eacute;t&eacute; publique des &eacute;coles marseillaises (SPEM), &#8230;","protected":false},"author":1,"featured_media":35336,"comment_status":"open","ping_status":"open","sticky":false,"template":"","format":"standard","meta":{"footnotes":""},"categories":[3926,3925,20],"tags":[774,10,181,797,977,2560,948,411,57,675,528,106,517,2398,16,128,4667,781,1526,1121],"news-destination":[3944],"news-source":[475],"is_homepage":[],"ta_other":[],"class_list":["post-35335","post","type-post","status-publish","format-standard","has-post-thumbnail","hentry","category-accueil-merge","category-accueil-third","category-societe","tag-benoit-payan","tag-bouches-du-rhone","tag-centre-ville","tag-citoyennete","tag-classes","tag-dignite","tag-diversite","tag-ecoles","tag-enfants","tag-etablissements-scolaires","tag-gouvernement","tag-habitants","tag-institutions","tag-kalliste","tag-marseille","tag-mediterranee","tag-nassera-benmarnia","tag-plan-ecoles","tag-quartier-prioritaire","tag-renovation-urbaine","news-destination-homepage","news-source-website"],"_links":{"self":[{"href":"https:\/\/euapp01.newsmemory.com\/lamarseillaise\/news\/wp-json\/wp\/v2\/posts\/35335","targetHints":{"allow":["GET"]}}],"collection":[{"href":"https:\/\/euapp01.newsmemory.com\/lamarseillaise\/news\/wp-json\/wp\/v2\/posts"}],"about":[{"href":"https:\/\/euapp01.newsmemory.com\/lamarseillaise\/news\/wp-json\/wp\/v2\/types\/post"}],"author":[{"embeddable":true,"href":"https:\/\/euapp01.newsmemory.com\/lamarseillaise\/news\/wp-json\/wp\/v2\/users\/1"}],"replies":[{"embeddable":true,"href":"https:\/\/euapp01.newsmemory.com\/lamarseillaise\/news\/wp-json\/wp\/v2\/comments?post=35335"}],"version-history":[{"count":1,"href":"https:\/\/euapp01.newsmemory.com\/lamarseillaise\/news\/wp-json\/wp\/v2\/posts\/35335\/revisions"}],"predecessor-version":[{"id":35337,"href":"https:\/\/euapp01.newsmemory.com\/lamarseillaise\/news\/wp-json\/wp\/v2\/posts\/35335\/revisions\/35337"}],"wp:featuredmedia":[{"embeddable":true,"href":"https:\/\/euapp01.newsmemory.com\/lamarseillaise\/news\/wp-json\/wp\/v2\/media\/35336"}],"wp:attachment":[{"href":"https:\/\/euapp01.newsmemory.com\/lamarseillaise\/news\/wp-json\/wp\/v2\/media?parent=35335"}],"wp:term":[{"taxonomy":"category","embeddable":true,"href":"https:\/\/euapp01.newsmemory.com\/lamarseillaise\/news\/wp-json\/wp\/v2\/categories?post=35335"},{"taxonomy":"post_tag","embeddable":true,"href":"https:\/\/euapp01.newsmemory.com\/lamarseillaise\/news\/wp-json\/wp\/v2\/tags?post=35335"},{"taxonomy":"news-destination","embeddable":true,"href":"https:\/\/euapp01.newsmemory.com\/lamarseillaise\/news\/wp-json\/wp\/v2\/news-destination?post=35335"},{"taxonomy":"news-source","embeddable":true,"href":"https:\/\/euapp01.newsmemory.com\/lamarseillaise\/news\/wp-json\/wp\/v2\/news-source?post=35335"},{"taxonomy":"is_homepage","embeddable":true,"href":"https:\/\/euapp01.newsmemory.com\/lamarseillaise\/news\/wp-json\/wp\/v2\/is_homepage?post=35335"},{"taxonomy":"ta_other","embeddable":true,"href":"https:\/\/euapp01.newsmemory.com\/lamarseillaise\/news\/wp-json\/wp\/v2\/ta_other?post=35335"}],"curies":[{"name":"wp","href":"https:\/\/api.w.org\/{rel}","templated":true}]}}