{"id":35326,"date":"2026-07-05T14:41:00","date_gmt":"2026-07-05T12:41:00","guid":{"rendered":"https:\/\/euapp01.newsmemory.com\/lamarseillaise\/news\/?p=35326"},"modified":"2026-07-10T07:18:43","modified_gmt":"2026-07-10T05:18:43","slug":"deux-bateaux-brules-sur-le-vieux-port-lete-marseillais-sur-la-sellette","status":"publish","type":"post","link":"https:\/\/euapp01.newsmemory.com\/lamarseillaise\/news\/2026\/07\/05\/deux-bateaux-brules-sur-le-vieux-port-lete-marseillais-sur-la-sellette\/","title":{"rendered":"Deux bateaux br\u00fbl\u00e9s sur le Vieux-Port, l\u2019\u00c9t\u00e9 marseillais sur la sellette ?"},"content":{"rendered":"<div class=\"paragraph\">\n<p>Une catastrophe majeure \u00e9vit\u00e9e gr\u00e2ce au professionnalisme du bataillon des marins pompiers (BMPM). <a rel=\"noopener noreferrer\" href=\"https:\/\/www.lamarseillaise.fr\/societe\/maj-les-deux-bateaux-en-feu-sur-le-vieux-port-de-marseille-ont-coule-OD20458446\" target=\"_blank\">Ce dimanche 5 juillet vers 10h30, une vedette d\u2019une dizaine de m\u00e8tres, amarr\u00e9e en parall\u00e8le de la sc\u00e8ne de l\u2019\u00c9t\u00e9 marseillais,<\/a> devant l\u2019H\u00f4tel de Ville, a pris feu sur le Vieux-Port, propageant l\u2019incendie au navire voisin, de 20 m\u00e8tres de long. Malgr\u00e9 l\u2019intervention rapide des marins pompiers, des panaches de fum\u00e9e noir\u00e2tre et malodorante se sont \u00e9lev\u00e9s dans le ciel, provoquant l\u2019\u00e9vacuation des terrasses de caf\u00e9 et de restaurants.<\/p>\n<p>Le p\u00e9rim\u00e8tre a \u00e9t\u00e9 boucl\u00e9 par la police municipale et nationale. Apr\u00e8s plus d\u2019une heure et demie d\u2019intervention, mobilisant 150 hommes et 37 engins dont 6 moyens en mer, avec un gros bateau pompe, le bataillon est venu \u00e0 bout de l\u2019incendie, pr\u00e9servant la sc\u00e8ne sur l\u2019eau. Les deux bateaux ont coul\u00e9. Une quinzaine de bless\u00e9s l\u00e9gers \u00e9taient \u00e0 d\u00e9plorer, la plupart pour inhalation des fum\u00e9es m\u00eame si selon les premi\u00e8res mesures, leur caract\u00e8re toxique a \u00e9t\u00e9 peu important, ces derni\u00e8res \u00e9tant \u00e9vacu\u00e9e sous l\u2019effet du vent.<\/p>\n<\/p><\/div>\n<div class=\"paragraph\">\n<p>\u00ab <i>On a \u00e9vit\u00e9 le pire gr\u00e2ce \u00e0 l\u2019h\u00e9ro\u00efsme et au courage du bataillon de marins-pompiers, de nos marins-pompiers, de nos policiers municipaux<\/i>, a comment\u00e9 dans la foul\u00e9e le maire de Marseille, Beno\u00eet Payan (DVG). <i>Imaginez si le feu avait pris aujourd\u2019hui avec cette chaleur, avec ce vent, sur des bateaux en plastique qui sont en r\u00e9alit\u00e9 des combustibles&#8230;.<\/i>\u00bb L\u2019\u00e9lu souligne \u00e9galement le savoir-faire du bataillon qui a engag\u00e9 sans attendre les op\u00e9rations pour pr\u00e9venir des risques de pollution. Elle peut \u00eatre de trois types, nous pr\u00e9cise le vice-amiral Lionel Mathieu, commandant du BMPM, li\u00e9e \u00ab <i>au mat\u00e9riau qui br\u00fble avec de gros morceaux de plastique, au combustible qui s\u2019\u00e9chappe du bateau et \u00e9galement notre produit pour \u00e9teindre le feu dont la pollution est plus visuelle, il faut l\u2019enlever.<\/i> \u00bb<\/p>\n<p>L\u2019intervention a \u00e9t\u00e9 technique, obligeant le BMPM \u00e0 intervenir sur deux fronts, maritime et terrestre poursuit le vice-amiral : \u00ab <i>Nous avions trois objectifs principaux : d\u2019abord la sauvegarde de la vie humaine, s\u2019assurer que personne ne risquait rien et avait \u00e9t\u00e9 \u00e9vacu\u00e9. Deuxi\u00e8mement, \u00e9viter la propagation aux autres bateaux qui se trouvent sur le Vieux-Port. Et en troisi\u00e8me lieu, prot\u00e9ger absolument la sc\u00e8ne sur l\u2019eau et prot\u00e9ger l\u2019\u00e9t\u00e9 marseillais<\/i>. \u00bb<\/p>\n<p>Interrog\u00e9 sur la poursuite des festivit\u00e9s de l\u2019\u00c9t\u00e9 marseillais, Beno\u00eet Payan s\u2019est dit dans l\u2019incapacit\u00e9 de r\u00e9pondre pour le moment \u00e0 la question. \u00ab <i>On a des ing\u00e9nieurs, des architectes qui sont sur la sc\u00e8ne sur l\u2019eau et qui sont en train de regarder la structure. Les marins-pompiers l\u2019ont d\u00e9fendu avec beaucoup d\u2019ardeur pour que justement l\u2019\u00c9t\u00e9 marseillais puisse continuer<\/i> \u00bb, assure-t-il, mais \u00ab <i>il est tr\u00e8s t\u00f4t pour dire ce qu\u2019il en est, m\u00eame si, et je veux vraiment parler au conditionnel, il semblerait que nous ayons r\u00e9ussi \u00e0 la sauver<\/i>. \u00bb<\/p>\n<\/p><\/div>\n<div class=\"paragraph\">\n<p>L\u2019origine des flammes n\u2019est pas connue. \u00ab <i>Une enqu\u00eate forc\u00e9ment va \u00eatre diligent\u00e9e par le parquet<\/i>, affirme le maire de Marseille. <i>Les policiers feront leur travail, les cam\u00e9ras de vid\u00e9osurveillance nous montreront comment le feu est parti. \u00bb<\/i><\/p>\n<p>Alors que les marins pompiers terminaient leurs op\u00e9rations, Beno\u00eet Payan a enjoint Marseillais et touristes \u00e0 \u00e9viter le secteur, interdit d\u2019acc\u00e8s pour la journ\u00e9e.<\/p>\n<p>Par ailleurs, la circulation des navettes maritimes a \u00e9t\u00e9 interrompue jusqu\u2019\u00e0 nouvel ordre.<\/p>\n<\/p><\/div>\n","protected":false},"excerpt":{"rendered":"Une catastrophe majeure &eacute;vit&eacute;e gr&acirc;ce au professionnalisme du bataillon des marins pompiers (BMPM). Ce dimanche 5 juillet vers 10h30, une vedette d&rsquo;une dizaine de m&egrave;tres, amarr&eacute;e en parall&egrave;le de la &#8230;","protected":false},"author":1,"featured_media":35327,"comment_status":"open","ping_status":"open","sticky":false,"template":"","format":"standard","meta":{"footnotes":""},"categories":[3926,3925,20],"tags":[774,10,2195,373,1138,106,2434,4013,2799,1856,16,1460,2061,991,734,1699,116,1670,159,2510,935],"news-destination":[3944],"news-source":[475],"is_homepage":[],"ta_other":[],"class_list":["post-35326","post","type-post","status-publish","format-standard","has-post-thumbnail","hentry","category-accueil-merge","category-accueil-third","category-societe","tag-benoit-payan","tag-bouches-du-rhone","tag-cameras","tag-chaleur","tag-festivites","tag-habitants","tag-installations","tag-lionel-mathieu","tag-marins-pompiers","tag-maritime","tag-marseille","tag-navires","tag-parquet","tag-plastique","tag-police-municipale","tag-policiers","tag-pollution","tag-restaurants","tag-touristes","tag-videosurveillance","tag-vieux-port","news-destination-homepage","news-source-website"],"_links":{"self":[{"href":"https:\/\/euapp01.newsmemory.com\/lamarseillaise\/news\/wp-json\/wp\/v2\/posts\/35326","targetHints":{"allow":["GET"]}}],"collection":[{"href":"https:\/\/euapp01.newsmemory.com\/lamarseillaise\/news\/wp-json\/wp\/v2\/posts"}],"about":[{"href":"https:\/\/euapp01.newsmemory.com\/lamarseillaise\/news\/wp-json\/wp\/v2\/types\/post"}],"author":[{"embeddable":true,"href":"https:\/\/euapp01.newsmemory.com\/lamarseillaise\/news\/wp-json\/wp\/v2\/users\/1"}],"replies":[{"embeddable":true,"href":"https:\/\/euapp01.newsmemory.com\/lamarseillaise\/news\/wp-json\/wp\/v2\/comments?post=35326"}],"version-history":[{"count":3,"href":"https:\/\/euapp01.newsmemory.com\/lamarseillaise\/news\/wp-json\/wp\/v2\/posts\/35326\/revisions"}],"predecessor-version":[{"id":35331,"href":"https:\/\/euapp01.newsmemory.com\/lamarseillaise\/news\/wp-json\/wp\/v2\/posts\/35326\/revisions\/35331"}],"wp:featuredmedia":[{"embeddable":true,"href":"https:\/\/euapp01.newsmemory.com\/lamarseillaise\/news\/wp-json\/wp\/v2\/media\/35327"}],"wp:attachment":[{"href":"https:\/\/euapp01.newsmemory.com\/lamarseillaise\/news\/wp-json\/wp\/v2\/media?parent=35326"}],"wp:term":[{"taxonomy":"category","embeddable":true,"href":"https:\/\/euapp01.newsmemory.com\/lamarseillaise\/news\/wp-json\/wp\/v2\/categories?post=35326"},{"taxonomy":"post_tag","embeddable":true,"href":"https:\/\/euapp01.newsmemory.com\/lamarseillaise\/news\/wp-json\/wp\/v2\/tags?post=35326"},{"taxonomy":"news-destination","embeddable":true,"href":"https:\/\/euapp01.newsmemory.com\/lamarseillaise\/news\/wp-json\/wp\/v2\/news-destination?post=35326"},{"taxonomy":"news-source","embeddable":true,"href":"https:\/\/euapp01.newsmemory.com\/lamarseillaise\/news\/wp-json\/wp\/v2\/news-source?post=35326"},{"taxonomy":"is_homepage","embeddable":true,"href":"https:\/\/euapp01.newsmemory.com\/lamarseillaise\/news\/wp-json\/wp\/v2\/is_homepage?post=35326"},{"taxonomy":"ta_other","embeddable":true,"href":"https:\/\/euapp01.newsmemory.com\/lamarseillaise\/news\/wp-json\/wp\/v2\/ta_other?post=35326"}],"curies":[{"name":"wp","href":"https:\/\/api.w.org\/{rel}","templated":true}]}}