{"id":35323,"date":"2026-07-05T14:22:00","date_gmt":"2026-07-05T12:22:00","guid":{"rendered":"https:\/\/euapp01.newsmemory.com\/lamarseillaise\/news\/?p=35323"},"modified":"2026-07-10T07:18:43","modified_gmt":"2026-07-10T05:18:43","slug":"la-cgt-appelle-a-mieux-proteger-les-travailleurs","status":"publish","type":"post","link":"https:\/\/euapp01.newsmemory.com\/lamarseillaise\/news\/2026\/07\/05\/la-cgt-appelle-a-mieux-proteger-les-travailleurs\/","title":{"rendered":"\u00c0 Lunel, la CGT appelle \u00e0 mieux prot\u00e9ger les travailleurs"},"content":{"rendered":"<div class=\"paragraph\">\n<p>L<i>e Lunellois et l\u2019Est h\u00e9raultais sont particuli\u00e8rement concern\u00e9s par les cons\u00e9quences du r\u00e9chauffement climatique. Cette r\u00e9alit\u00e9 nous oblige \u00e0 prendre au s\u00e9rieux les risques que les fortes chaleurs font peser sur la sant\u00e9 et la s\u00e9curit\u00e9 au travail<\/i><i>\u00a0<\/i><i>\u00bb<\/i>, estime l\u2019union locale CGT du Lunellois. Une v\u00e9rit\u00e9 qui vaut pour l\u2019ensemble du pays, o\u00f9 les travailleurs ont \u00e9t\u00e9 mis, ces derniers jours, \u00e0 dure \u00e9preuve sous le feu de la canicule.<\/p>\n<p><i>\u00ab<\/i><i>\u00a0<\/i><i>L\u2019Institut national de recherche et de s\u00e9curit\u00e9 (INRS)<\/i> <i>consid\u00e8re que les temp\u00e9ratures deviennent pr\u00e9occupantes d\u00e8s 28\u00b0C pour un travail physique et d\u00e8s 30\u00b0C pour une activit\u00e9 s\u00e9dentaire. Le danger peut donc exister bien avant les records de temp\u00e9rature ou les alertes canicule<\/i><i>\u00a0<\/i><i>\u00bb,<\/i> souligne le syndicat. <i>\u00ab<\/i><i>\u00a0<\/i><i>La chaleur peut provoquer d\u00e9shydratation, \u00e9puisement, malaises, accidents du travail, aggravation de pathologies existantes et, dans les cas les plus graves, entra\u00eener des d\u00e9c\u00e8s.<\/i><i>\u00a0<\/i><i>\u00bb<\/i><\/p>\n<p>Si les travailleurs en ext\u00e9rieur (b\u00e2timent, travaux publics, voirie, espaces verts, propret\u00e9, transports, agriculture, etc.) sont particuli\u00e8rement expos\u00e9s, les salari\u00e9s <i>\u00ab<\/i><i>\u00a0<\/i><i>travaillant dans des bureaux, commerces ou locaux mal isol\u00e9s peuvent \u00e9galement \u00eatre confront\u00e9s \u00e0 des temp\u00e9ratures incompatibles avec de bonnes conditions de travail<\/i><i>\u00a0<\/i><i>\u00bb<\/i>, insiste la CGT.<\/p>\n<\/p><\/div>\n<div class=\"intext\"> Des revendications concr\u00e8tes\n              <\/div>\n<div class=\"paragraph\">\n<p><i>\u00ab<\/i><i>\u00a0<\/i><i>Les employeurs ont l\u2019obligation l\u00e9gale de prot\u00e9ger la sant\u00e9 et la s\u00e9curit\u00e9 des travailleurs. L\u2019organisation du travail doit \u00eatre adapt\u00e9e aux conditions climatiques. Quand on va en Espagne, on voit que le rythme de la journ\u00e9e n\u2019est pas le m\u00eame qu\u2019en France. Le probl\u00e8me, chez nous, c\u2019est qu\u2019on fait appel au bon sens. Sauf que quand il y a des choses \u00e0 faire, les gens se mettent eux-m\u00eames en danger ou bien certains employeurs ne font pas attention<\/i><i>\u00a0<\/i><i>\u00bb, <\/i>estime Lise Flor\u00e8s, secr\u00e9taire administrative du l\u2019UL CGT du Lunellois. <i>\u00ab<\/i><i>\u00a0<\/i><i>Il faut que des temp\u00e9ratures maximum soient fix\u00e9es, \u00e0 partir desquelles des choses s\u2019imposent \u00e0 l\u2019employeur<\/i><i>\u00a0<\/i><i>: davantage de pauses r\u00e9mun\u00e9r\u00e9es, une adaptation obligatoire des rythmes et des cadences de travail, un renforcement du droit de retrait ou encore un cong\u00e9 climatique<\/i><i>\u00a0<\/i><i>\u00a0<\/i><i>\u00bb<\/i>, poursuit-elle. <i>\u00ab<\/i><i>\u00a0<\/i><i>Ce cong\u00e9 est une revendication port\u00e9e nationalement par plusieurs organisations. Il permettrait aux salari\u00e9s, en cas de canicule, de ne pas travailler sans perte de r\u00e9mun\u00e9ration. Car les gens ont besoin d\u2019argent, donc m\u00eame par 45 degr\u00e9s, ils y vont<\/i><i>\u00a0<\/i><i>\u00bb,<\/i> consid\u00e8re la c\u00e9g\u00e9tiste. <i>\u00ab<\/i><i>\u00a0<\/i><i>Les canicules ne sont plus des \u00e9v\u00e9nements exceptionnels dans notre r\u00e9gion. Elles constituent d\u00e9sormais une r\u00e9alit\u00e9 durable \u00e0 laquelle le monde du travail doit s\u2019adapter. Aucun salari\u00e9 ni agent public ne devrait risquer sa sant\u00e9 ou sa vie pour accomplir son travail.<\/i><i>\u00a0<\/i><i>\u00bb<\/i><\/p>\n<\/p><\/div>\n","protected":false},"excerpt":{"rendered":"Le Lunellois et l&rsquo;Est h&eacute;raultais sont particuli&egrave;rement concern&eacute;s par les cons&eacute;quences du r&eacute;chauffement climatique. Cette r&eacute;alit&eacute; nous oblige &agrave; prendre au s&eacute;rieux les risques que &#8230;","protected":false},"author":1,"featured_media":35324,"comment_status":"open","ping_status":"open","sticky":false,"template":"","format":"standard","meta":{"footnotes":""},"categories":[3926,3925,20],"tags":[372,113,373,266,1809,239,2759,3399,256,53,910],"news-destination":[3944],"news-source":[475],"is_homepage":[],"ta_other":[],"class_list":["post-35323","post","type-post","status-publish","format-standard","has-post-thumbnail","hentry","category-accueil-merge","category-accueil-third","category-societe","tag-canicule","tag-cgt","tag-chaleur","tag-droit-de-retrait","tag-droit-du-travail","tag-herault","tag-lise-flores","tag-reglementation","tag-sante","tag-travail","tag-travailleurs","news-destination-homepage","news-source-website"],"_links":{"self":[{"href":"https:\/\/euapp01.newsmemory.com\/lamarseillaise\/news\/wp-json\/wp\/v2\/posts\/35323","targetHints":{"allow":["GET"]}}],"collection":[{"href":"https:\/\/euapp01.newsmemory.com\/lamarseillaise\/news\/wp-json\/wp\/v2\/posts"}],"about":[{"href":"https:\/\/euapp01.newsmemory.com\/lamarseillaise\/news\/wp-json\/wp\/v2\/types\/post"}],"author":[{"embeddable":true,"href":"https:\/\/euapp01.newsmemory.com\/lamarseillaise\/news\/wp-json\/wp\/v2\/users\/1"}],"replies":[{"embeddable":true,"href":"https:\/\/euapp01.newsmemory.com\/lamarseillaise\/news\/wp-json\/wp\/v2\/comments?post=35323"}],"version-history":[{"count":2,"href":"https:\/\/euapp01.newsmemory.com\/lamarseillaise\/news\/wp-json\/wp\/v2\/posts\/35323\/revisions"}],"predecessor-version":[{"id":35329,"href":"https:\/\/euapp01.newsmemory.com\/lamarseillaise\/news\/wp-json\/wp\/v2\/posts\/35323\/revisions\/35329"}],"wp:featuredmedia":[{"embeddable":true,"href":"https:\/\/euapp01.newsmemory.com\/lamarseillaise\/news\/wp-json\/wp\/v2\/media\/35324"}],"wp:attachment":[{"href":"https:\/\/euapp01.newsmemory.com\/lamarseillaise\/news\/wp-json\/wp\/v2\/media?parent=35323"}],"wp:term":[{"taxonomy":"category","embeddable":true,"href":"https:\/\/euapp01.newsmemory.com\/lamarseillaise\/news\/wp-json\/wp\/v2\/categories?post=35323"},{"taxonomy":"post_tag","embeddable":true,"href":"https:\/\/euapp01.newsmemory.com\/lamarseillaise\/news\/wp-json\/wp\/v2\/tags?post=35323"},{"taxonomy":"news-destination","embeddable":true,"href":"https:\/\/euapp01.newsmemory.com\/lamarseillaise\/news\/wp-json\/wp\/v2\/news-destination?post=35323"},{"taxonomy":"news-source","embeddable":true,"href":"https:\/\/euapp01.newsmemory.com\/lamarseillaise\/news\/wp-json\/wp\/v2\/news-source?post=35323"},{"taxonomy":"is_homepage","embeddable":true,"href":"https:\/\/euapp01.newsmemory.com\/lamarseillaise\/news\/wp-json\/wp\/v2\/is_homepage?post=35323"},{"taxonomy":"ta_other","embeddable":true,"href":"https:\/\/euapp01.newsmemory.com\/lamarseillaise\/news\/wp-json\/wp\/v2\/ta_other?post=35323"}],"curies":[{"name":"wp","href":"https:\/\/api.w.org\/{rel}","templated":true}]}}