{"id":35317,"date":"2026-07-05T14:08:00","date_gmt":"2026-07-05T12:08:00","guid":{"rendered":"https:\/\/euapp01.newsmemory.com\/lamarseillaise\/news\/?p=35317"},"modified":"2026-07-10T07:18:43","modified_gmt":"2026-07-10T05:18:43","slug":"premieres-fois-premieres-photos","status":"publish","type":"post","link":"https:\/\/euapp01.newsmemory.com\/lamarseillaise\/news\/2026\/07\/05\/premieres-fois-premieres-photos\/","title":{"rendered":"Premi\u00e8res fois, premi\u00e8res photos"},"content":{"rendered":"<div class=\"paragraph\">\n<p>Qui de l\u2019\u0153uf ou de la poule est apparu le premier\u00a0? Ce questionnement qui a travers\u00e9 les si\u00e8cles a inspir\u00e9 Luce Lebart dans la construction de sa premi\u00e8re exposition en tant que nouvelle commissaire au Pavillon Populaire. Tout comme les conclusions de la science, la directrice artistique ind\u00e9pendante en charge de la programmation artistique du lieu offre une r\u00e9ponse nuanc\u00e9e. La photo n\u2019est pas apparue du jour au lendemain, elle est le r\u00e9sultat de bien des ann\u00e9es d\u2019exp\u00e9rimentations\u00a0: il n\u2019existe pas une invention mais bien les inventions plurielles de la photographie.<\/p>\n<p>Avec \u00ab<i>\u00a0<\/i><i>Premi\u00e8res fois \/ premi\u00e8res photos<\/i><i>\u00a0<\/i>\u00bb, le Pavillon Populaire pr\u00e9sente la premi\u00e8re exposition de sa saison\u00a02026 sous la forme d\u2019un voyage \u00e0 travers le temps pour enqu\u00eater sur l\u2019apparition de la photographie. Entre les proc\u00e9d\u00e9s de cr\u00e9ation artisanaux et les premiers brevets d\u2019appareils bien loin de ressembler \u00e0 ceux d\u2019aujourd\u2019hui, les salles du Pavillon Populaire se remplissent d\u2019objets et de clich\u00e9s qui transportent le visiteur entre les \u00e9poques. Au total, ce sont 200\u00a0photographies de plus de 50\u00a0photographes historiques et modernes qui sont pr\u00e9sent\u00e9s en avant-premi\u00e8re du bicentenaire de la photo, dans le cadre des rencontres de la photographie d\u2019Arles.<\/p>\n<p>L\u2019histoire d\u2019une naissance<\/p>\n<p>\u00ab<i>\u00a0<\/i><i>Premi\u00e8res fois \/ premi\u00e8res photos<\/i><i>\u00a0<\/i>\u00bb recense les rat\u00e9s, les essais et les exp\u00e9rimentations, pour montrer toutes les formes que peut prendre une premi\u00e8re image. \u00ab<i>\u00a0<\/i><i>J\u2019ai voulu jouer avec le mot premier, en explorer tous les sens<\/i><i>\u00a0<\/i>\u00bb avoue celle qui fait, en parall\u00e8le, ses premiers pas au sein du Pavillon Populaire. Apr\u00e8s avoir dirig\u00e9 de nombreuses institutions d\u00e9di\u00e9es \u00e0 l\u2019image \u00e0 Paris, au Canada et \u00e0 l\u2019international, elle revient en H\u00e9rault pour apposer sa patte dans la programmation de l\u2019espace d\u2019art photographique montpelli\u00e9rain. \u00ab<i>\u00a0<\/i><i>Le premier, c\u2019est l\u2019origine, le vainqueur, l\u2019in\u00e9dit. Au d\u00e9but je ne m\u2019attendais pas aller dans des directions aussi folles mais c\u2019est devenu petit \u00e0 petit une exposition de recherche<\/i><i>\u00a0<\/i>\u00bb ajoute-t-elle.<\/p>\n<p>Un travail presque scientifique, qui fait \u00e9cho aux d\u00e9buts de cette discipline ancr\u00e9e dans l\u2019art aujourd\u2019hui. L\u2019exposition met en sc\u00e8ne le lien tr\u00e8s \u00e9troit entre photo et science, les clich\u00e9s ayant servi \u00e0 \u00e9tudier le monde qui nous entoure du temps o\u00f9 les appareils photos \u00e9taient les outils d\u2019\u00e9tude les plus performants. Les salles du Pavillon Populaire reviennent sur les premiers pas des figures qui l\u2019ont marqu\u00e9\u00a0: la visite d\u00e9bute par le travail d\u2019une des premi\u00e8res femmes photographes, l\u2019anglaise Anna Atkins et ses premi\u00e8res images d\u2019algues marines, qui composent le tout premier livre de photographie. En \u00e9cho avec cette ouverture sous-marine, l\u2019exposition se cl\u00f4ture par des clich\u00e9s de naissance d\u2019\u00e9toiles, pour une exploration interstellaire. Une exposition qui fait traverser le temps et l\u2019espace, \u00e0 retrouver jusqu\u2019au 1<sup>er<\/sup>\u00a0novembre au Pavillon Populaire de Montpellier.<\/p>\n<\/p><\/div>\n","protected":false},"excerpt":{"rendered":"Qui de l&rsquo;&oelig;uf ou de la poule est apparu le premier&nbsp;? Ce questionnement qui a travers&eacute; les si&egrave;cles a inspir&eacute; Luce Lebart dans la construction de sa premi&egrave;re exposition en tant que nouvelle commissaire au &#8230;","protected":false},"author":1,"featured_media":35318,"comment_status":"open","ping_status":"open","sticky":false,"template":"","format":"standard","meta":{"footnotes":""},"categories":[3926,3925,32],"tags":[3251,279,239,280,240,284,446],"news-destination":[3944],"news-source":[475],"is_homepage":[],"ta_other":[],"class_list":["post-35317","post","type-post","status-publish","format-standard","has-post-thumbnail","hentry","category-accueil-merge","category-accueil-third","category-culture","tag-expo-photo","tag-exposition","tag-herault","tag-histoire","tag-montpellier","tag-occitanie","tag-pavillon-populaire","news-destination-homepage","news-source-website"],"_links":{"self":[{"href":"https:\/\/euapp01.newsmemory.com\/lamarseillaise\/news\/wp-json\/wp\/v2\/posts\/35317","targetHints":{"allow":["GET"]}}],"collection":[{"href":"https:\/\/euapp01.newsmemory.com\/lamarseillaise\/news\/wp-json\/wp\/v2\/posts"}],"about":[{"href":"https:\/\/euapp01.newsmemory.com\/lamarseillaise\/news\/wp-json\/wp\/v2\/types\/post"}],"author":[{"embeddable":true,"href":"https:\/\/euapp01.newsmemory.com\/lamarseillaise\/news\/wp-json\/wp\/v2\/users\/1"}],"replies":[{"embeddable":true,"href":"https:\/\/euapp01.newsmemory.com\/lamarseillaise\/news\/wp-json\/wp\/v2\/comments?post=35317"}],"version-history":[{"count":1,"href":"https:\/\/euapp01.newsmemory.com\/lamarseillaise\/news\/wp-json\/wp\/v2\/posts\/35317\/revisions"}],"predecessor-version":[{"id":35319,"href":"https:\/\/euapp01.newsmemory.com\/lamarseillaise\/news\/wp-json\/wp\/v2\/posts\/35317\/revisions\/35319"}],"wp:featuredmedia":[{"embeddable":true,"href":"https:\/\/euapp01.newsmemory.com\/lamarseillaise\/news\/wp-json\/wp\/v2\/media\/35318"}],"wp:attachment":[{"href":"https:\/\/euapp01.newsmemory.com\/lamarseillaise\/news\/wp-json\/wp\/v2\/media?parent=35317"}],"wp:term":[{"taxonomy":"category","embeddable":true,"href":"https:\/\/euapp01.newsmemory.com\/lamarseillaise\/news\/wp-json\/wp\/v2\/categories?post=35317"},{"taxonomy":"post_tag","embeddable":true,"href":"https:\/\/euapp01.newsmemory.com\/lamarseillaise\/news\/wp-json\/wp\/v2\/tags?post=35317"},{"taxonomy":"news-destination","embeddable":true,"href":"https:\/\/euapp01.newsmemory.com\/lamarseillaise\/news\/wp-json\/wp\/v2\/news-destination?post=35317"},{"taxonomy":"news-source","embeddable":true,"href":"https:\/\/euapp01.newsmemory.com\/lamarseillaise\/news\/wp-json\/wp\/v2\/news-source?post=35317"},{"taxonomy":"is_homepage","embeddable":true,"href":"https:\/\/euapp01.newsmemory.com\/lamarseillaise\/news\/wp-json\/wp\/v2\/is_homepage?post=35317"},{"taxonomy":"ta_other","embeddable":true,"href":"https:\/\/euapp01.newsmemory.com\/lamarseillaise\/news\/wp-json\/wp\/v2\/ta_other?post=35317"}],"curies":[{"name":"wp","href":"https:\/\/api.w.org\/{rel}","templated":true}]}}