{"id":35314,"date":"2026-07-05T18:49:00","date_gmt":"2026-07-05T16:49:00","guid":{"rendered":"https:\/\/euapp01.newsmemory.com\/lamarseillaise\/news\/?p=35314"},"modified":"2026-07-10T07:44:52","modified_gmt":"2026-07-10T05:44:52","slug":"au-coeur-de-la-pride-entre-fete-et-revendications","status":"publish","type":"post","link":"https:\/\/euapp01.newsmemory.com\/lamarseillaise\/news\/2026\/07\/05\/au-coeur-de-la-pride-entre-fete-et-revendications\/","title":{"rendered":"Au c\u0153ur de la Pride, entre f\u00eate et revendications"},"content":{"rendered":"<div class=\"paragraph\">\n<p>Drapeaux LGBT, pancartes, paillettes&#8230; Des milliers de personnes se retrouvent sur la place Castellane, dans le 6<sup>e<\/sup> arrondissement, samedi apr\u00e8s-midi, pour la Pride marseillaise. Organis\u00e9e par un comit\u00e9 de pilotage inter-associatif r\u00e9unissant une quarantaine de structures, elle a rassembl\u00e9 plus de 40\u00a0000\u00a0personnes, selon les organisateurs.<\/p>\n<p>Sur la place, Mila, 17\u00a0ans, attend une amie, pancarte \u00e0 la main. C\u2019est la premi\u00e8re fois qu\u2019elle participe \u00e0 une Marche des Fiert\u00e9s. \u00ab<i>\u00a0<\/i><i>Je suis lesbienne, c\u2019est important pour moi de montrer qui je suis et de d\u00e9fendre mes droits<\/i><i>\u00a0<\/i>\u00bb, exprime la lyc\u00e9enne. Un peu plus loin, Tatiana, une Finlandaise de 26\u00a0ans, est attentive au d\u00e9part du cort\u00e8ge. \u00ab<i>\u00a0<\/i><i>La Pride compte beaucoup pour moi, j\u2019ai \u00e9t\u00e9 victime de transphobie et d\u2019homophobie. C\u2019est ma famille. Tout le monde peut te rejeter, ta famille peut te rejeter, mais dans la communaut\u00e9 LGBTQIA+, personne va te rejeter. On s\u2019aime<\/i><i>\u00a0<\/i>\u00bb, t\u00e9moigne l\u2019esth\u00e9ticienne.<\/p>\n<\/p><\/div>\n<div class=\"intext\"> \u00ab\u00a0Un courant r\u00e9actionnaire revient\u00a0\u00bb\n              <\/div>\n<div class=\"paragraph\">\n<p>Derri\u00e8re Tatiana, Nicolas et Daniel, tous deux quinquag\u00e9naires, observent la foule. \u00ab\u00a0<i>C\u2019est un moment important, surtout en ce moment. Un courant r\u00e9actionnaire revient, c\u2019est important de s\u2019affirmer et de d\u00e9fendre nos droits<\/i><i>\u00a0<\/i>\u00bb, soutient Nicolas, informaticien.<\/p>\n<p>Quelques minutes plus tard, un fumig\u00e8ne \u00e9clate et des cris de joie retentissent. C\u2019est le grand d\u00e9part. Sur son long char, le collectif Cagole Nomade encha\u00eene les performances de drag-queens devant une foule enthousiaste. Entour\u00e9e de ballons blancs et roses, une DJ donne le rythme.<\/p>\n<p>De son c\u00f4t\u00e9, l\u2019association marseillaise de soul br\u00e9silienne, Bloco Da Lili, fait danser les participants. Entre les tambours et les musiciens, le c\u00e9l\u00e8bre danseur et chor\u00e9graphe br\u00e9silien Gustavo Siqueira se d\u00e9hanche dans la rue de Rome, sous des yeux \u00e9bahis et un soleil br\u00fblant.<\/p>\n<\/p><\/div>\n","protected":false},"excerpt":{"rendered":"Drapeaux LGBT, pancartes, paillettes&#8230; Des milliers de personnes se retrouvent sur la place Castellane, dans le 6e arrondissement, samedi apr&egrave;s-midi, pour la Pride marseillaise. Organis&eacute;e par un comit&eacute; de pilotage &#8230;","protected":false},"author":1,"featured_media":35315,"comment_status":"open","ping_status":"open","sticky":false,"template":"","format":"standard","meta":{"footnotes":""},"categories":[3926,3925,20],"tags":[143,1722,6024,5504,1116,16,1233,911,1226,5565],"news-destination":[3944],"news-source":[475],"is_homepage":[],"ta_other":[],"class_list":["post-35314","post","type-post","status-publish","format-standard","has-post-thumbnail","hentry","category-accueil-merge","category-accueil-third","category-societe","tag-associatif","tag-droits","tag-fumigene","tag-la-marche-des-fiertes","tag-lgbt","tag-marseille","tag-photos","tag-revendications","tag-soleil","tag-transphobie","news-destination-homepage","news-source-website"],"_links":{"self":[{"href":"https:\/\/euapp01.newsmemory.com\/lamarseillaise\/news\/wp-json\/wp\/v2\/posts\/35314","targetHints":{"allow":["GET"]}}],"collection":[{"href":"https:\/\/euapp01.newsmemory.com\/lamarseillaise\/news\/wp-json\/wp\/v2\/posts"}],"about":[{"href":"https:\/\/euapp01.newsmemory.com\/lamarseillaise\/news\/wp-json\/wp\/v2\/types\/post"}],"author":[{"embeddable":true,"href":"https:\/\/euapp01.newsmemory.com\/lamarseillaise\/news\/wp-json\/wp\/v2\/users\/1"}],"replies":[{"embeddable":true,"href":"https:\/\/euapp01.newsmemory.com\/lamarseillaise\/news\/wp-json\/wp\/v2\/comments?post=35314"}],"version-history":[{"count":2,"href":"https:\/\/euapp01.newsmemory.com\/lamarseillaise\/news\/wp-json\/wp\/v2\/posts\/35314\/revisions"}],"predecessor-version":[{"id":35334,"href":"https:\/\/euapp01.newsmemory.com\/lamarseillaise\/news\/wp-json\/wp\/v2\/posts\/35314\/revisions\/35334"}],"wp:featuredmedia":[{"embeddable":true,"href":"https:\/\/euapp01.newsmemory.com\/lamarseillaise\/news\/wp-json\/wp\/v2\/media\/35315"}],"wp:attachment":[{"href":"https:\/\/euapp01.newsmemory.com\/lamarseillaise\/news\/wp-json\/wp\/v2\/media?parent=35314"}],"wp:term":[{"taxonomy":"category","embeddable":true,"href":"https:\/\/euapp01.newsmemory.com\/lamarseillaise\/news\/wp-json\/wp\/v2\/categories?post=35314"},{"taxonomy":"post_tag","embeddable":true,"href":"https:\/\/euapp01.newsmemory.com\/lamarseillaise\/news\/wp-json\/wp\/v2\/tags?post=35314"},{"taxonomy":"news-destination","embeddable":true,"href":"https:\/\/euapp01.newsmemory.com\/lamarseillaise\/news\/wp-json\/wp\/v2\/news-destination?post=35314"},{"taxonomy":"news-source","embeddable":true,"href":"https:\/\/euapp01.newsmemory.com\/lamarseillaise\/news\/wp-json\/wp\/v2\/news-source?post=35314"},{"taxonomy":"is_homepage","embeddable":true,"href":"https:\/\/euapp01.newsmemory.com\/lamarseillaise\/news\/wp-json\/wp\/v2\/is_homepage?post=35314"},{"taxonomy":"ta_other","embeddable":true,"href":"https:\/\/euapp01.newsmemory.com\/lamarseillaise\/news\/wp-json\/wp\/v2\/ta_other?post=35314"}],"curies":[{"name":"wp","href":"https:\/\/api.w.org\/{rel}","templated":true}]}}