{"id":35311,"date":"2026-07-05T17:00:00","date_gmt":"2026-07-05T15:00:00","guid":{"rendered":"https:\/\/euapp01.newsmemory.com\/lamarseillaise\/news\/?p=35311"},"modified":"2026-07-10T07:31:31","modified_gmt":"2026-07-10T05:31:31","slug":"le-conservatoire-inscrit-vladimir-cosma-a-sa-partition","status":"publish","type":"post","link":"https:\/\/euapp01.newsmemory.com\/lamarseillaise\/news\/2026\/07\/05\/le-conservatoire-inscrit-vladimir-cosma-a-sa-partition\/","title":{"rendered":"Le conservatoire inscrit Vladimir Cosma \u00e0 sa partition"},"content":{"rendered":"<div class=\"paragraph\">\n<p>Une distinction symbolique pour celui qui a sign\u00e9 certaines des musiques de films les plus marquantes du cin\u00e9ma fran\u00e7ais, notamment celles inspir\u00e9es de l\u2019univers de Marcel Pagnol. La c\u00e9r\u00e9monie a d\u00e9but\u00e9 en fin de matin\u00e9e dans la grande salle du Th\u00e9\u00e2tre Com\u0153dia. L\u2019ensemble Bande Originale a ouvert les festivit\u00e9s en interpr\u00e9tant <i>La Valse d\u2019Augustine<\/i>, du film <i>Le ch\u00e2teau de ma m\u00e8re<\/i>, suivie du c\u00e9l\u00e8bre th\u00e8me du <i>Grand Blond avec une chaussure noire<\/i>, plongeant le public dans l\u2019univers du maestro.<\/p>\n<\/p><\/div>\n<div class=\"intext\"> \u00ab\u00a0Un tr\u00e8s grand plaisir\u00a0\u00bb\n              <\/div>\n<div class=\"paragraph\">\n<p>Le directeur du conservatoire, Pierre-Bastien Midali, s\u2019est exprim\u00e9 avant de laisser place \u00e0 un quatuor de clarinettes de l\u2019\u00e9tablissement. L\u2019arriv\u00e9e de Vladimir Cosma a \u00e9t\u00e9 salu\u00e9e par une ovation des nombreux spectateurs. Fran\u00e7ois Otchakovsky-Laurens, adjoint \u00e0 la culture, a pris la parole\u00a0: \u00ab\u00a0<i>C\u2019est un moment rare, exceptionnel pour notre ville. Vos m\u00e9lodies, que toutes et tous nous fredonnons, sont au c\u0153ur de nos paysages sonores, un peu comme la silhouette famili\u00e8re du Garlaban dessine notre horizon quotidien. <\/i>(&#8230;)<i> Cher Monsieur Cosma, attribuer votre nom \u00e0 notre conservatoire n\u2019est pas seulement un patronage honorifique, ce sera une inspiration pour nos \u00e9l\u00e8ves, une impulsion pour nous.<\/i>\u00a0\u00bb<\/p>\n<p>Touch\u00e9, le compositeur a d\u00e9clar\u00e9\u00a0: \u00ab\u00a0<i>Vous savez, pour moi, d\u2019avoir mon nom chez vous dans cette ville li\u00e9e \u00e0 celui de Marcel Pagnol, ce n\u2019est pas un honneur<\/i><i>\u00a0<\/i><i>; c\u2019est un tr\u00e8s grand plaisir. Ce qui est beaucoup plus important que l\u2019honneur parce que les honneurs, j\u2019en ai plein tout le temps, mais du plaisir, c\u2019est plus rare. Et vous m\u2019avez fait un grand plaisir. Je remercie le maire et tous ceux qui ont particip\u00e9 \u00e0 ce choix-l\u00e0.<\/i>\u00a0\u00bb<\/p>\n<\/p><\/div>\n","protected":false},"excerpt":{"rendered":"Une distinction symbolique pour celui qui a sign&eacute; certaines des musiques de films les plus marquantes du cin&eacute;ma fran&ccedil;ais, notamment celles inspir&eacute;es de l&rsquo;univers de Marcel Pagnol. La c&eacute;r&eacute;monie a &#8230;","protected":false},"author":1,"featured_media":35312,"comment_status":"open","ping_status":"open","sticky":false,"template":"","format":"standard","meta":{"footnotes":""},"categories":[3926,3925,32],"tags":[493,1778],"news-destination":[3944],"news-source":[475],"is_homepage":[],"ta_other":[],"class_list":["post-35311","post","type-post","status-publish","format-standard","has-post-thumbnail","hentry","category-accueil-merge","category-accueil-third","category-culture","tag-aubagne","tag-conservatoire","news-destination-homepage","news-source-website"],"_links":{"self":[{"href":"https:\/\/euapp01.newsmemory.com\/lamarseillaise\/news\/wp-json\/wp\/v2\/posts\/35311","targetHints":{"allow":["GET"]}}],"collection":[{"href":"https:\/\/euapp01.newsmemory.com\/lamarseillaise\/news\/wp-json\/wp\/v2\/posts"}],"about":[{"href":"https:\/\/euapp01.newsmemory.com\/lamarseillaise\/news\/wp-json\/wp\/v2\/types\/post"}],"author":[{"embeddable":true,"href":"https:\/\/euapp01.newsmemory.com\/lamarseillaise\/news\/wp-json\/wp\/v2\/users\/1"}],"replies":[{"embeddable":true,"href":"https:\/\/euapp01.newsmemory.com\/lamarseillaise\/news\/wp-json\/wp\/v2\/comments?post=35311"}],"version-history":[{"count":2,"href":"https:\/\/euapp01.newsmemory.com\/lamarseillaise\/news\/wp-json\/wp\/v2\/posts\/35311\/revisions"}],"predecessor-version":[{"id":35333,"href":"https:\/\/euapp01.newsmemory.com\/lamarseillaise\/news\/wp-json\/wp\/v2\/posts\/35311\/revisions\/35333"}],"wp:featuredmedia":[{"embeddable":true,"href":"https:\/\/euapp01.newsmemory.com\/lamarseillaise\/news\/wp-json\/wp\/v2\/media\/35312"}],"wp:attachment":[{"href":"https:\/\/euapp01.newsmemory.com\/lamarseillaise\/news\/wp-json\/wp\/v2\/media?parent=35311"}],"wp:term":[{"taxonomy":"category","embeddable":true,"href":"https:\/\/euapp01.newsmemory.com\/lamarseillaise\/news\/wp-json\/wp\/v2\/categories?post=35311"},{"taxonomy":"post_tag","embeddable":true,"href":"https:\/\/euapp01.newsmemory.com\/lamarseillaise\/news\/wp-json\/wp\/v2\/tags?post=35311"},{"taxonomy":"news-destination","embeddable":true,"href":"https:\/\/euapp01.newsmemory.com\/lamarseillaise\/news\/wp-json\/wp\/v2\/news-destination?post=35311"},{"taxonomy":"news-source","embeddable":true,"href":"https:\/\/euapp01.newsmemory.com\/lamarseillaise\/news\/wp-json\/wp\/v2\/news-source?post=35311"},{"taxonomy":"is_homepage","embeddable":true,"href":"https:\/\/euapp01.newsmemory.com\/lamarseillaise\/news\/wp-json\/wp\/v2\/is_homepage?post=35311"},{"taxonomy":"ta_other","embeddable":true,"href":"https:\/\/euapp01.newsmemory.com\/lamarseillaise\/news\/wp-json\/wp\/v2\/ta_other?post=35311"}],"curies":[{"name":"wp","href":"https:\/\/api.w.org\/{rel}","templated":true}]}}